{"id":454115,"date":"2025-10-11T03:50:11","date_gmt":"2025-10-11T03:50:11","guid":{"rendered":"https:\/\/www.europesays.com\/fr\/454115\/"},"modified":"2025-10-11T03:50:11","modified_gmt":"2025-10-11T03:50:11","slug":"le-conducteur-dune-voiture-se-tue-dans-un-accident-sur-la-2x2-voies-entre-saint-nazaire-et-nantes","status":"publish","type":"post","link":"https:\/\/www.europesays.com\/fr\/454115\/","title":{"rendered":"Le conducteur d&rsquo;une voiture se tue dans un accident sur la 2&#215;2 voies entre Saint-Nazaire et Nantes"},"content":{"rendered":"<p>Un homme de 62 ans est mort dans un accident de la route, ce vendredi soir, sur la 2&#215;2 voies entre Nantes et Saint-Nazaire, \u00e0 la hauteur de Prinquiau. L&rsquo;\u00e9quipe cynophile a \u00e9t\u00e9 envoy\u00e9e pour v\u00e9rifier qu&rsquo;il n&rsquo;y avait pas d&rsquo;autre victime.<\/p>\n<p>Un homme de 62 ans a perdu la vie dans un accident de la route, ce vendredi en d\u00e9but de soir\u00e9e sur la N171, la 2&#215;2 voies entre Saint-Nazaire et Nantes, \u00e0 la hauteur de Prinquiau. Quand les pompiers sont arriv\u00e9s, <strong>il \u00e9tait incarc\u00e9r\u00e9 dans l&rsquo;habitacle<\/strong>. Ils n&rsquo;ont rien pu faire pour le sauver.<\/p>\n<p>L&rsquo;\u00e9quipe cynophile pour des v\u00e9rifications<\/p>\n<p>Par pr\u00e9caution, l&rsquo;\u00e9quipe cynophile a \u00e9t\u00e9 appel\u00e9e pour v\u00e9rifier qu&rsquo;il n&rsquo;y avait pas d&rsquo;autre victime. Ce n&rsquo;\u00e9tait pas le cas, <strong>le conducteur \u00e9tait seul \u00e0 bord<\/strong>. Le temps de l&rsquo;intervention des secours, la circulation a \u00e9t\u00e9 r\u00e9duite sur une voie, dans le sens Saint-Nazaire-Savenay.<\/p>\n","protected":false},"excerpt":{"rendered":"Un homme de 62 ans est mort dans un accident de la route, ce vendredi soir, sur la&hellip;\n","protected":false},"author":2,"featured_media":454116,"comment_status":"","ping_status":"","sticky":false,"template":"","format":"standard","meta":{"footnotes":""},"categories":[2818],"tags":[1111,11,1777,674,1011,27,766,12,2636,25],"class_list":{"0":"post-454115","1":"post","2":"type-post","3":"status-publish","4":"format-standard","5":"has-post-thumbnail","7":"category-nantes","8":"tag-actu","9":"tag-actualites","10":"tag-eu","11":"tag-europe","12":"tag-fr","13":"tag-france","14":"tag-nantes","15":"tag-news","16":"tag-pays-de-la-loire","17":"tag-republique-francaise"},"share_on_mastodon":{"url":"https:\/\/pubeurope.com\/@fr\/115353500019212655","error":""},"_links":{"self":[{"href":"https:\/\/www.europesays.com\/fr\/wp-json\/wp\/v2\/posts\/454115","targetHints":{"allow":["GET"]}}],"collection":[{"href":"https:\/\/www.europesays.com\/fr\/wp-json\/wp\/v2\/posts"}],"about":[{"href":"https:\/\/www.europesays.com\/fr\/wp-json\/wp\/v2\/types\/post"}],"author":[{"embeddable":true,"href":"https:\/\/www.europesays.com\/fr\/wp-json\/wp\/v2\/users\/2"}],"replies":[{"embeddable":true,"href":"https:\/\/www.europesays.com\/fr\/wp-json\/wp\/v2\/comments?post=454115"}],"version-history":[{"count":0,"href":"https:\/\/www.europesays.com\/fr\/wp-json\/wp\/v2\/posts\/454115\/revisions"}],"wp:featuredmedia":[{"embeddable":true,"href":"https:\/\/www.europesays.com\/fr\/wp-json\/wp\/v2\/media\/454116"}],"wp:attachment":[{"href":"https:\/\/www.europesays.com\/fr\/wp-json\/wp\/v2\/media?parent=454115"}],"wp:term":[{"taxonomy":"category","embeddable":true,"href":"https:\/\/www.europesays.com\/fr\/wp-json\/wp\/v2\/categories?post=454115"},{"taxonomy":"post_tag","embeddable":true,"href":"https:\/\/www.europesays.com\/fr\/wp-json\/wp\/v2\/tags?post=454115"}],"curies":[{"name":"wp","href":"https:\/\/api.w.org\/{rel}","templated":true}]}}