{"id":454117,"date":"2025-10-11T03:51:13","date_gmt":"2025-10-11T03:51:13","guid":{"rendered":"https:\/\/www.europesays.com\/fr\/454117\/"},"modified":"2025-10-11T03:51:13","modified_gmt":"2025-10-11T03:51:13","slug":"un-duo-dartistes-au-domaine-de-ginouilhac-jusqua-lundi-soir","status":"publish","type":"post","link":"https:\/\/www.europesays.com\/fr\/454117\/","title":{"rendered":"un duo d\u2019artistes au domaine de Ginouilhac jusqu\u2019\u00e0 lundi soir"},"content":{"rendered":"<p>Jusqu\u2019\u00e0 ce lundi 13\u00a0octobre, le domaine de Ginouilhac \u2013 maison d\u2019h\u00f4tes et lieu de s\u00e9minaire \u2013 accueille de 10\u00a0\u00e0 18\u00a0heures sur ses cimaises les grands tableaux de l\u2019artiste peintre Fran\u00e7oise Pons et dans son jardin les si\u00e8ges en composite de Bruno Bossut. Ils viennent tous les deux du Cap Ferret.<\/p>\n<p>Fran\u00e7oise Pons, qui a des origines majorquines, a suivi une \u00e9cole d\u2019arts appliqu\u00e9s pour enseigner les arts plastiques en milieu scolaire dans le Lot-et-Garonne, avant de changer de vie. Elle est artiste peintre professionnelle depuis vingt ans et a ouvert sa propre galerie au Canon. Sa peinture \u00e0 l\u2019huile, figurative, repr\u00e9sente les paysages du Bassin, qu\u2019elle a sous les yeux tous les jours, mais aussi des r\u00e9gates de voiliers que les fortes vagues l\u00e8chent, des carrelets de Talmont et un plateau d\u2019hu\u00eetres. Fran\u00e7oise Pons r\u00e9alise aussi des paysages du Maroc, qu\u2019elle rapporte en photo de ses escapades, travaill\u00e9es ensuite en atelier. Elle aime \u00e0 r\u00e9aliser aussi des carnets de voyage des villages ostr\u00e9icoles du Bassin\u2026 L\u2019artiste donne aussi des cours de dessin et de peinture durant l\u2019ann\u00e9e, anime des mini-stages en plein air l\u2019\u00e9t\u00e9.<\/p>\n<p>\u0152uvre d\u2019art \u00ab\u00a0pratique\u00a0\u00bb<\/p>\n<p>Bruno Bossut, qui a, lui, des origines lyonnaises, est \u00e9galement tomb\u00e9 amoureux du bassin d\u2019Arcachon. En parall\u00e8le de son travail pour des artistes contemporains qui ont des id\u00e9es mais pas de technique, le plasticien a d\u00e9velopp\u00e9 depuis quinze ans ses propres \u0153uvres en composite. Collectionneur passionn\u00e9 de design mobilier et en particulier de pi\u00e8ces issues des ann\u00e9es 1960 et 1970, Bruno Bossut se saisit de meubles embl\u00e9matiques pour en cr\u00e9er des r\u00e9pliques par moulage \u00e0 partir de l\u2019original figurant \u00e0 sa collection. Cette r\u00e9plique est enrichie d\u2019une dimension picturale, puisque l\u2019artiste applique des couleurs dans la masse \u00e0 la mani\u00e8re du peintre sur sa toile. Il pr\u00e9sente des si\u00e8ges Charles Eames qu\u2019il transforme en \u0153uvre d\u2019art \u00ab\u00a0pratique\u00a0\u00bb, puisque l\u2019on peut s\u2019allonger sur ses fauteuils.<\/p>\n<p>Contacts\u00a0: Fran\u00e7oise Pons au 06\u00a012\u00a003\u00a083\u00a067, Bruno Bossut au 06\u00a065\u00a033\u00a077\u00a034, domaine de Ginouilhac au 06\u00a027\u00a099\u00a004\u00a035.<\/p>\n","protected":false},"excerpt":{"rendered":"Jusqu\u2019\u00e0 ce lundi 13\u00a0octobre, le domaine de Ginouilhac \u2013 maison d\u2019h\u00f4tes et lieu de s\u00e9minaire \u2013 accueille de&hellip;\n","protected":false},"author":2,"featured_media":454118,"comment_status":"","ping_status":"","sticky":false,"template":"","format":"standard","meta":{"footnotes":""},"categories":[2817],"tags":[1111,11,1997,1777,674,1011,27,12,2219,25],"class_list":{"0":"post-454117","1":"post","2":"type-post","3":"status-publish","4":"format-standard","5":"has-post-thumbnail","7":"category-bordeaux","8":"tag-actu","9":"tag-actualites","10":"tag-bordeaux","11":"tag-eu","12":"tag-europe","13":"tag-fr","14":"tag-france","15":"tag-news","16":"tag-nouvelle-aquitaine","17":"tag-republique-francaise"},"share_on_mastodon":{"url":"https:\/\/pubeurope.com\/@fr\/115353503921765687","error":""},"_links":{"self":[{"href":"https:\/\/www.europesays.com\/fr\/wp-json\/wp\/v2\/posts\/454117","targetHints":{"allow":["GET"]}}],"collection":[{"href":"https:\/\/www.europesays.com\/fr\/wp-json\/wp\/v2\/posts"}],"about":[{"href":"https:\/\/www.europesays.com\/fr\/wp-json\/wp\/v2\/types\/post"}],"author":[{"embeddable":true,"href":"https:\/\/www.europesays.com\/fr\/wp-json\/wp\/v2\/users\/2"}],"replies":[{"embeddable":true,"href":"https:\/\/www.europesays.com\/fr\/wp-json\/wp\/v2\/comments?post=454117"}],"version-history":[{"count":0,"href":"https:\/\/www.europesays.com\/fr\/wp-json\/wp\/v2\/posts\/454117\/revisions"}],"wp:featuredmedia":[{"embeddable":true,"href":"https:\/\/www.europesays.com\/fr\/wp-json\/wp\/v2\/media\/454118"}],"wp:attachment":[{"href":"https:\/\/www.europesays.com\/fr\/wp-json\/wp\/v2\/media?parent=454117"}],"wp:term":[{"taxonomy":"category","embeddable":true,"href":"https:\/\/www.europesays.com\/fr\/wp-json\/wp\/v2\/categories?post=454117"},{"taxonomy":"post_tag","embeddable":true,"href":"https:\/\/www.europesays.com\/fr\/wp-json\/wp\/v2\/tags?post=454117"}],"curies":[{"name":"wp","href":"https:\/\/api.w.org\/{rel}","templated":true}]}}