{"id":454119,"date":"2025-10-11T03:52:12","date_gmt":"2025-10-11T03:52:12","guid":{"rendered":"https:\/\/www.europesays.com\/fr\/454119\/"},"modified":"2025-10-11T03:52:12","modified_gmt":"2025-10-11T03:52:12","slug":"bayonne-menace-par-le-stade-francais-retrouvailles-toulouse-bordeaux-begles","status":"publish","type":"post","link":"https:\/\/www.europesays.com\/fr\/454119\/","title":{"rendered":"Bayonne menac\u00e9 par le Stade Fran\u00e7ais, retrouvailles Toulouse-Bordeaux-B\u00e8gles"},"content":{"rendered":"<p>\n                                                                Seul leader, l\u2019Aviron bayonnais, en d\u00e9placement \u00e0 Pau samedi, sera sous la menace du Stade fran\u00e7ais lors d\u2019une sixi\u00e8me journ\u00e9e qui offrira \u00e9galement un remake des deux derni\u00e8res finales du Top 14, entre Toulouse et Bordeaux-B\u00e8gles.\n                            <\/p>\n<p>Punis l\u2019an dernier dans le B\u00e9arn (51-29), les Bayonnais auront leur place de N.1 \u00e0 d\u00e9fendre, apr\u00e8s deux victoires \u00e0 l\u2019arrach\u00e9 \u00e0 domicile contre deux cadors, Toulon puis Toulouse. Et ils pourront compter sur la meilleure g\u00e2chette du championnat, l\u2019ouvreur Joris Segonds (71 pts), et le retour de leur \u00ab\u00a0serial marqueur\u00a0\u00bb, le trois-quarts centre Sireli Maqala.<\/p>\n<p>Mais les Palois (6es) auront \u00e0 c\u0153ur de f\u00eater la prolongation d\u2019Emilien Gailleton, leur centre international, d\u00e9sormais li\u00e9 avec le club jusqu\u2019en 2029, sur une pelouse du Hameau o\u00f9 ils ont \u00e0 chaque fois franchi le cap des 30 points cette saison.<\/p>\n<p>En embuscade un point derri\u00e8re l\u2019Aviron, les Soldats roses du Stade fran\u00e7ais (2e, 15 pts) pourraient se retrouver leaders samedi soir en cas de victoire contre La Rochelle (11e, 10 pts), \u00e0 Jean-Bouin, pour les retrouvailles entre le demi de m\u00eal\u00e9e n\u00e9o-z\u00e9landais Tawera Kerr-Barlow et les Maritimes, avec qui il a jou\u00e9 huit saisons.<\/p>\n<p>Mais pas question de s\u2019enflammer pour l\u2019entra\u00eeneur de l\u2019attaque parisienne, Morgan Parra, apr\u00e8s les deux d\u00e9faites des Rochelais en d\u00e9placement cette ann\u00e9e : \u00ab\u00a0On sait tr\u00e8s bien qu\u2019il y aura un r\u00e9veil\u00a0\u00bb, avertissait-il jeudi.<\/p>\n<p>Encore en rodage, le triple champion en titre toulousain (5e) et le champion d\u2019Europe Bordeaux-B\u00e8gles (4e), 14 points tous les deux, se retrouveront eux dimanche soir, \u00e0 Toulouse, pour le choc de la journ\u00e9e. Mais, priv\u00e9e cette fois de son TGV Louis Bielle-Biarrey (6 essais en quatre matches d\u00e9j\u00e0), de son m\u00e9tronome Maxime Lucu, bless\u00e9, et de son strat\u00e8ge Matthieu Jalibert, laiss\u00e9 au repos, l\u2019UBB aura sans doute du mal \u00e0 r\u00e9\u00e9diter son exploit de la saison derni\u00e8re, quand elle avait mis fin \u00e0 une invincibilit\u00e9 de 33 matches \u00e0 domicile des Stadistes (16-12).<\/p>\n<p class=\"txt-question\">Le Racing d\u00e9localis\u00e9 par Booba<\/p>\n<p>Autre \u00e9quipe en forme, apr\u00e8s avoir failli mettre fin \u00e0 la s\u00e9rie de 16 victoires \u00e0 domicile des Bayonnais sur leur pelouse de Jean-Dauger lors de la 4e journ\u00e9e (d\u00e9faite 35-32 sur un drop de Segonds \u00e0 la derni\u00e8re seconde), Toulon (3e, 14 pts) aura un rendez-vous difficile samedi (21h00) pour l\u2019autre rencontre phare de cette journ\u00e9e, chez les Clermontois (12es, 10 pts).<\/p>\n<p>Avec 50 puis 84 points inflig\u00e9s aux Palois et \u00e0 Montauban, devant son public, l\u2019ASM, meilleure attaque du championnat (27 essais), voudra prouver qu\u2019il faudra compter sur elle cette ann\u00e9e. Mais les hommes de Pierre Mignoni ont l\u2019habitude de signer des gros matches en Auvergne (d\u00e9faite 19-18 l\u2019an pass\u00e9, victoire 30-27 il y a deux ans).<\/p>\n<p>Le Racing 92 (9e, 13 pts) accueillera lui Montpellier (8e, 13 pts aussi), mais sur l\u2019herbe de Cr\u00e9teil, sa pelouse synth\u00e9tique de la D\u00e9fense Arena \u00e9tant squatt\u00e9e par le rappeur Booba. Les Ciel et Blanc devront se m\u00e9fier d\u2019H\u00e9raultais venus s\u2019imposer lors des deux derni\u00e8res saisons, avec un cinglant 44-20 en f\u00e9vrier 2024.<\/p>\n<p>Pour Montauban (13e) et Perpignan (14e), c\u2019est une nouvelle journ\u00e9e gal\u00e8re qui se profile samedi. Mais avec d\u00e9j\u00e0 deux points en stock, gr\u00e2ce \u00e0 son match nul contre Montpellier lors de la 4e journ\u00e9e, le promu montalbanais peut esp\u00e9rer progresser, en recevant des Castrais (10e, 11 pts) qui se cherchent encore.<\/p>\n<p>L\u2019espoir para\u00eet plus mince pour l\u2019Usap, en d\u00e9placement \u00e0 Lyon (7e, 13 pts). La derni\u00e8re fois qu\u2019une \u00e9quipe \u00e9tait encore scotch\u00e9e \u00e0 z\u00e9ro point apr\u00e8s six journ\u00e9es remonte \u00e0 la saison 2012-2013 avec le Stade montois, qui avait fini dernier et avait \u00e9t\u00e9 rel\u00e9gu\u00e9.<\/p>\n","protected":false},"excerpt":{"rendered":"Seul leader, l\u2019Aviron bayonnais, en d\u00e9placement \u00e0 Pau samedi, sera sous la menace du Stade fran\u00e7ais lors d\u2019une&hellip;\n","protected":false},"author":2,"featured_media":454120,"comment_status":"","ping_status":"","sticky":false,"template":"","format":"standard","meta":{"footnotes":""},"categories":[2817],"tags":[1111,11,1997,1777,674,1011,27,12,2219,25],"class_list":{"0":"post-454119","1":"post","2":"type-post","3":"status-publish","4":"format-standard","5":"has-post-thumbnail","7":"category-bordeaux","8":"tag-actu","9":"tag-actualites","10":"tag-bordeaux","11":"tag-eu","12":"tag-europe","13":"tag-fr","14":"tag-france","15":"tag-news","16":"tag-nouvelle-aquitaine","17":"tag-republique-francaise"},"share_on_mastodon":{"url":"https:\/\/pubeurope.com\/@fr\/115353507866201787","error":""},"_links":{"self":[{"href":"https:\/\/www.europesays.com\/fr\/wp-json\/wp\/v2\/posts\/454119","targetHints":{"allow":["GET"]}}],"collection":[{"href":"https:\/\/www.europesays.com\/fr\/wp-json\/wp\/v2\/posts"}],"about":[{"href":"https:\/\/www.europesays.com\/fr\/wp-json\/wp\/v2\/types\/post"}],"author":[{"embeddable":true,"href":"https:\/\/www.europesays.com\/fr\/wp-json\/wp\/v2\/users\/2"}],"replies":[{"embeddable":true,"href":"https:\/\/www.europesays.com\/fr\/wp-json\/wp\/v2\/comments?post=454119"}],"version-history":[{"count":0,"href":"https:\/\/www.europesays.com\/fr\/wp-json\/wp\/v2\/posts\/454119\/revisions"}],"wp:featuredmedia":[{"embeddable":true,"href":"https:\/\/www.europesays.com\/fr\/wp-json\/wp\/v2\/media\/454120"}],"wp:attachment":[{"href":"https:\/\/www.europesays.com\/fr\/wp-json\/wp\/v2\/media?parent=454119"}],"wp:term":[{"taxonomy":"category","embeddable":true,"href":"https:\/\/www.europesays.com\/fr\/wp-json\/wp\/v2\/categories?post=454119"},{"taxonomy":"post_tag","embeddable":true,"href":"https:\/\/www.europesays.com\/fr\/wp-json\/wp\/v2\/tags?post=454119"}],"curies":[{"name":"wp","href":"https:\/\/api.w.org\/{rel}","templated":true}]}}