{"id":454121,"date":"2025-10-11T03:53:19","date_gmt":"2025-10-11T03:53:19","guid":{"rendered":"https:\/\/www.europesays.com\/fr\/454121\/"},"modified":"2025-10-11T03:53:19","modified_gmt":"2025-10-11T03:53:19","slug":"le-cerveau-dun-reseau-de-prostitution-dadolescentes-condamne-a-quatorze-ans-de-prison","status":"publish","type":"post","link":"https:\/\/www.europesays.com\/fr\/454121\/","title":{"rendered":"Le cerveau d\u2019un r\u00e9seau de prostitution d\u2019adolescentes condamn\u00e9 \u00e0 quatorze ans de prison"},"content":{"rendered":"<p>Le tribunal correctionnel de <a href=\"https:\/\/www.20minutes.fr\/toulouse\/\" target=\"_blank\" class=\"c-link c-link--is-underlined\" rel=\"nofollow noopener\">Toulouse<\/a> a condamn\u00e9 vendredi\u00a013 membres d\u2019un <a href=\"https:\/\/www.20minutes.fr\/faits_divers\/faits-divers-bordeaux\/4154087-20250518-france-important-reseau-prostitution-chinois-demantele-huit-personnes-ecrouees\" target=\"_blank\" class=\"c-link c-link--is-underlined\" rel=\"nofollow noopener\">r\u00e9seau de prostitution<\/a> exploitant des adolescentes. Le \u00ab\u00a0cerveau\u00a0\u00bb de ce r\u00e9seau a \u00e9t\u00e9 condamn\u00e9 \u00e0 une peine de quatorze ans de prison. Les douze autres membres, \u00e2g\u00e9s d\u2019une vingtaine d\u2019ann\u00e9es, ont \u00e9t\u00e9 condamn\u00e9s \u00e0 des peines allant de 2 \u00e0 6 ans d\u2019emprisonnement, en fonction de leur degr\u00e9 d\u2019implication. Ils prostituaient des mineures de 14 \u00e0 16 ans, plac\u00e9es ou suivies par <a href=\"https:\/\/www.20minutes.fr\/dossier\/protection_de_l_enfance\" target=\"_blank\" class=\"c-link c-link--is-underlined\" rel=\"nofollow noopener\">l\u2019Aide sociale \u00e0 l\u2019enfance (ASE)<\/a>. L\u2019un des quatorze pr\u00e9venus a \u00e9t\u00e9 relax\u00e9.<\/p>\n<p>Le principal pr\u00e9venu, surnomm\u00e9 Mowgli, avait d\u00e9j\u00e0 \u00e9t\u00e9 condamn\u00e9 dans une autre affaire \u00e0 vingt-cinq ans de r\u00e9clusion criminelle pour des faits d\u2019enl\u00e8vement et s\u00e9questration suivis de mort. Le procureur avait requis vingt ans, maximum de la peine encourue devant un tribunal correctionnel en \u00e9tat de r\u00e9cidive, contre Olivier Habchi Hamadouche, 29 ans, qui op\u00e9rait depuis sa cellule de <a href=\"https:\/\/www.20minutes.fr\/faits_divers\/4161740-20250703-beziers-deux-agents-penitentiaires-violemment-agresses-syndicats-denoncent-conditions-intenables\" target=\"_blank\" class=\"c-link c-link--is-underlined\" rel=\"nofollow noopener\">prison \u00e0 B\u00e9ziers<\/a>.<\/p>\n<p>100.000 euros<\/p>\n<p>\u00ab\u00a0Mettez-moi une peine, je la m\u00e9rite. Mais je ne m\u00e9rite pas vingt ans\u00a0\u00bb, avait-il lanc\u00e9 plus t\u00f4t vendredi depuis le box des pr\u00e9venus, lors de sa derni\u00e8re prise de parole devant le tribunal. Il se serait enrichi d\u2019au moins 100.000 euros de juillet\u00a02023 \u00e0 janvier\u00a02024, p\u00e9riode retenue par le tribunal, selon les estimations des enqu\u00eateurs.<\/p>\n<\/p>\n<p>\u00ab\u00a0La responsabilit\u00e9 des uns et des autres a \u00e9t\u00e9 reconnue. C\u2019est une d\u00e9cision un peu du milieu. Car on aurait envie de dire que pour des faits aussi graves, aucune peine n\u2019est suffisante\u00a0\u00bb, a estim\u00e9 Jonathan Bomstain, avocat d\u2019une partie civile. \u00ab\u00a0Mais le principal pour ma cliente \u00e9tait que le statut de victime soit reconnu\u00a0\u00bb, a-t-il ajout\u00e9.<\/p>\n<p>\u00ab\u00a0Ces jeunes filles n\u2019ont jamais perdu leur dignit\u00e9. On a fini la premi\u00e8re \u00e9tape. On arrive au bout. <a href=\"https:\/\/www.20minutes.fr\/societe\/4087661-20240422-prostitution-mineurs-trois-chiffres-cles-fleau-trop-present-france\" target=\"_blank\" class=\"c-link c-link--is-underlined\" rel=\"nofollow noopener\">Elles sont reconnues victimes<\/a> et c\u2019\u00e9tait tr\u00e8s important qu\u2019elles le soient, pour qu\u2019elles puissent ensuite le comprendre\u00a0\u00bb, a pour sa part d\u00e9clar\u00e9 Tabatha Merlateau, autre avocate d\u2019une victime.<\/p>\n","protected":false},"excerpt":{"rendered":"Le tribunal correctionnel de Toulouse a condamn\u00e9 vendredi\u00a013 membres d\u2019un r\u00e9seau de prostitution exploitant des adolescentes. Le \u00ab\u00a0cerveau\u00a0\u00bb&hellip;\n","protected":false},"author":2,"featured_media":454122,"comment_status":"","ping_status":"","sticky":false,"template":"","format":"standard","meta":{"footnotes":""},"categories":[2816],"tags":[1111,11,1777,674,1011,27,2722,303,2721,12,2680,2899,21027,1306,25,2312,37854],"class_list":{"0":"post-454121","1":"post","2":"type-post","3":"status-publish","4":"format-standard","5":"has-post-thumbnail","7":"category-toulouse","8":"tag-actu","9":"tag-actualites","10":"tag-eu","11":"tag-europe","12":"tag-fr","13":"tag-france","14":"tag-haute-garonne","15":"tag-justice","16":"tag-midi-pyrenees","17":"tag-news","18":"tag-occitanie","19":"tag-prostitution","20":"tag-proxenetisme","21":"tag-regions","22":"tag-republique-francaise","23":"tag-toulouse","24":"tag-violence-des-mineurs"},"share_on_mastodon":{"url":"https:\/\/pubeurope.com\/@fr\/115353511801624277","error":""},"_links":{"self":[{"href":"https:\/\/www.europesays.com\/fr\/wp-json\/wp\/v2\/posts\/454121","targetHints":{"allow":["GET"]}}],"collection":[{"href":"https:\/\/www.europesays.com\/fr\/wp-json\/wp\/v2\/posts"}],"about":[{"href":"https:\/\/www.europesays.com\/fr\/wp-json\/wp\/v2\/types\/post"}],"author":[{"embeddable":true,"href":"https:\/\/www.europesays.com\/fr\/wp-json\/wp\/v2\/users\/2"}],"replies":[{"embeddable":true,"href":"https:\/\/www.europesays.com\/fr\/wp-json\/wp\/v2\/comments?post=454121"}],"version-history":[{"count":0,"href":"https:\/\/www.europesays.com\/fr\/wp-json\/wp\/v2\/posts\/454121\/revisions"}],"wp:featuredmedia":[{"embeddable":true,"href":"https:\/\/www.europesays.com\/fr\/wp-json\/wp\/v2\/media\/454122"}],"wp:attachment":[{"href":"https:\/\/www.europesays.com\/fr\/wp-json\/wp\/v2\/media?parent=454121"}],"wp:term":[{"taxonomy":"category","embeddable":true,"href":"https:\/\/www.europesays.com\/fr\/wp-json\/wp\/v2\/categories?post=454121"},{"taxonomy":"post_tag","embeddable":true,"href":"https:\/\/www.europesays.com\/fr\/wp-json\/wp\/v2\/tags?post=454121"}],"curies":[{"name":"wp","href":"https:\/\/api.w.org\/{rel}","templated":true}]}}