{"id":454123,"date":"2025-10-11T03:54:11","date_gmt":"2025-10-11T03:54:11","guid":{"rendered":"https:\/\/www.europesays.com\/fr\/454123\/"},"modified":"2025-10-11T03:54:11","modified_gmt":"2025-10-11T03:54:11","slug":"villefranche-de-rouergue-les-loups-se-deplacent-au-toulouse-olympique","status":"publish","type":"post","link":"https:\/\/www.europesays.com\/fr\/454123\/","title":{"rendered":"Villefranche-de-Rouergue. Les Loups se d\u00e9placent au Toulouse Olympique"},"content":{"rendered":"<p>\n                                                                    l&rsquo;essentiel<br \/>\n                                                                Samedi 11 octobre, les Loups entendent bien ouvrir leur compteur de victoire aux Minimes.\n                            <\/p>\n<p>Troisi\u00e8me journ\u00e9e du Super XIII pour les Loups qui se d\u00e9placent ce samedi aux Minimes afin de rencontrer le Toulouse Olympique. Apr\u00e8s leur d\u00e9faite \u00e0 L\u00e9zignan lors de la premi\u00e8re journ\u00e9e, les Villefranchois recevaient les Champions de France Albi Rugby League la semaine derni\u00e8re dans l\u2019espoir de faire un coup. Ayant men\u00e9 durant une grosse partie du temps, les Loups ont d\u00fb plier face aux individualit\u00e9s tarnaises emmen\u00e9es par un Robin Brochon, \u00ab\u00a0\u00e9norme\u00a0\u00bb. Malgr\u00e9 cette d\u00e9faite, bonifi\u00e9e par ailleurs, la prestation locale a \u00e9t\u00e9 beaucoup plus convaincante que face \u00e0 L\u00e9zignan. Les Villefranchois ont su imposer leur jeu durant plus d\u2019une heure, les blessures leur ayant jou\u00e9 un mauvais tour en fin de rencontre. Confort\u00e9s par l\u2019attitude du groupe, les Aveyronnais iront aux Minimes pour glaner leur premi\u00e8re victoire. Malheureusement, le staff ne pourra pas compter sur la totalit\u00e9 de l\u2019effectif. Les Australiens Jack Glossop et Jason Gillard ne sont pas encore arriv\u00e9s. C\u00f4t\u00e9 blessures, les locaux ne sont pas \u00e9pargn\u00e9s : Eliot Z\u00e9non, Mathias Gimenez, Morgan Andral bless\u00e9s \u00e0 L\u00e9zignan ; Enzo Delb\u00e9, Nicson Ugaia et J\u00e9r\u00e9my Ginestet face \u00e0 Albi. Il est certain que les deux derniers cit\u00e9s ainsi que Eliot Z\u00e9non seront absents, quant aux autres, il faudra attendre le dernier entra\u00eenement pour savoir s\u2019ils sont op\u00e9rationnels.<\/p>\n<p>C\u00f4t\u00e9 Toulouse Olympique, l\u2019ambiance du club est plus que positive, port\u00e9e par le titre de Championship acquis la semaine derni\u00e8re par la formation professionnelle et l\u2019attente de la d\u00e9cision de l\u2019accession \u00e0 la Super League. C\u2019est dans ce contexte tr\u00e8s favorable que la formation toulousaine de Super XIII va recevoir Villefranche XIII Aveyron. Le week-end dernier, oppos\u00e9s \u00e0 Limoux, les Haut-Garonnais se sont inclin\u00e9s sur le score de 32 \u00e0 16. Apr\u00e8s la rencontre, le capitaine Tony Maurel reconnaissait que sa formation avait connu \u00ab\u00a0un d\u00e9but compliqu\u00e9\u00a0\u00bb et \u00ab\u00a0une seconde p\u00e9riode plus convaincante o\u00f9 l\u2019on a r\u00e9ussi \u00e0 mieux jouer notre rugby et la gagner. C\u2019est encourageant pour la suite.\u00a0\u00bb C\u2019est donc sans complexe et d\u00e9termination que les jeunes Toulousains, issus du Centre de formation, emmen\u00e9s par les chevronn\u00e9s Tony Maurel, Charles Nies ou Mickael Rouch, attendent les Villefranchois.<\/p>\n","protected":false},"excerpt":{"rendered":"l&rsquo;essentiel Samedi 11 octobre, les Loups entendent bien ouvrir leur compteur de victoire aux Minimes. Troisi\u00e8me journ\u00e9e du&hellip;\n","protected":false},"author":2,"featured_media":454124,"comment_status":"","ping_status":"","sticky":false,"template":"","format":"standard","meta":{"footnotes":""},"categories":[2816],"tags":[1111,11,1777,674,1011,27,12,2680,25,2312],"class_list":{"0":"post-454123","1":"post","2":"type-post","3":"status-publish","4":"format-standard","5":"has-post-thumbnail","7":"category-toulouse","8":"tag-actu","9":"tag-actualites","10":"tag-eu","11":"tag-europe","12":"tag-fr","13":"tag-france","14":"tag-news","15":"tag-occitanie","16":"tag-republique-francaise","17":"tag-toulouse"},"share_on_mastodon":{"url":"https:\/\/pubeurope.com\/@fr\/115353515668660979","error":""},"_links":{"self":[{"href":"https:\/\/www.europesays.com\/fr\/wp-json\/wp\/v2\/posts\/454123","targetHints":{"allow":["GET"]}}],"collection":[{"href":"https:\/\/www.europesays.com\/fr\/wp-json\/wp\/v2\/posts"}],"about":[{"href":"https:\/\/www.europesays.com\/fr\/wp-json\/wp\/v2\/types\/post"}],"author":[{"embeddable":true,"href":"https:\/\/www.europesays.com\/fr\/wp-json\/wp\/v2\/users\/2"}],"replies":[{"embeddable":true,"href":"https:\/\/www.europesays.com\/fr\/wp-json\/wp\/v2\/comments?post=454123"}],"version-history":[{"count":0,"href":"https:\/\/www.europesays.com\/fr\/wp-json\/wp\/v2\/posts\/454123\/revisions"}],"wp:featuredmedia":[{"embeddable":true,"href":"https:\/\/www.europesays.com\/fr\/wp-json\/wp\/v2\/media\/454124"}],"wp:attachment":[{"href":"https:\/\/www.europesays.com\/fr\/wp-json\/wp\/v2\/media?parent=454123"}],"wp:term":[{"taxonomy":"category","embeddable":true,"href":"https:\/\/www.europesays.com\/fr\/wp-json\/wp\/v2\/categories?post=454123"},{"taxonomy":"post_tag","embeddable":true,"href":"https:\/\/www.europesays.com\/fr\/wp-json\/wp\/v2\/tags?post=454123"}],"curies":[{"name":"wp","href":"https:\/\/api.w.org\/{rel}","templated":true}]}}