{"id":45413,"date":"2025-04-23T01:52:10","date_gmt":"2025-04-23T01:52:10","guid":{"rendered":"https:\/\/www.europesays.com\/fr\/45413\/"},"modified":"2025-04-23T01:52:10","modified_gmt":"2025-04-23T01:52:10","slug":"arnault-pouyanne-pfizer-pour-les-grands-patrons-cest-plutot-trump-que-lunion-europeenne-liberation","status":"publish","type":"post","link":"https:\/\/www.europesays.com\/fr\/45413\/","title":{"rendered":"Arnault, Pouyann\u00e9, Pfizer\u2026 Pour les grands patrons, c\u2019est \u00abplut\u00f4t Trump que l\u2019Union europ\u00e9enne\u00bb \u2013 Lib\u00e9ration"},"content":{"rendered":"<p class=\"sc-cPiKLX AiZTS text-element\">Apr\u00e8s le \u00abPlut\u00f4t Hitler que le Front populaire\u00bb du Comit\u00e9 des forges de la fin des ann\u00e9es\u00a01930, voil\u00e0 le \u00abPlut\u00f4t Trump que l\u2019Union europ\u00e9enne\u00bb de certains des principaux patrons fran\u00e7ais et europ\u00e9ens. Le 15\u00a0avril dernier, <a href=\"https:\/\/www.liberation.fr\/societe\/sante\/les-industriels-du-medicament-surfent-sur-la-guerre-commerciale-pour-menacer-lue-dexode-vers-les-etats-unis-20250416_C4275BLTZVFZDI3OWWQ2JQX5BI\/\" target=\"_blank\" rel=\"nofollow noopener\">32 d\u2019entre eux, issus de l\u2019industrie pharmaceutique fran\u00e7aise ou bas\u00e9e en France<\/a> (dont Pfizer, AstraZeneca, Sanofi, Ipsen, Servier) ont \u00e9crit une lettre de quasi-menace \u00e0 Ursula von der Leyen, la pr\u00e9sidente de la Commission europ\u00e9enne. Par cette missive, ces dirigeants, dont les entreprises ont pourtant prosp\u00e9r\u00e9 depuis des d\u00e9cennies gr\u00e2ce au syst\u00e8me social fran\u00e7ais tr\u00e8s d\u00e9velopp\u00e9 et pour une bonne part public, se sont conduits comme de v\u00e9ritables ca\u00efds mafieux.<\/p>\n<p class=\"sc-cPiKLX AiZTS text-element\">En effet, ils ont tout simplement menac\u00e9 d\u2019arr\u00eater d\u2019investir sur le Vieux Continent et d\u2019\u00e9migrer en Am\u00e9rique. En clair, ces patrons gav\u00e9s demandent aux gouvernements de l\u2019Union de s\u2019aplatir devant la logique de l\u2019Am\u00e9rique trumpienne\u2026 Selon eux, pour faire face aux \u00abtarifs\u00bb impos\u00e9s par Trump, il faut tout simplement d\u00e9r\u00e9guler. Par exemple, re<\/p>\n","protected":false},"excerpt":{"rendered":"Apr\u00e8s le \u00abPlut\u00f4t Hitler que le Front populaire\u00bb du Comit\u00e9 des forges de la fin des ann\u00e9es\u00a01930, voil\u00e0&hellip;\n","protected":false},"author":2,"featured_media":45414,"comment_status":"","ping_status":"","sticky":false,"template":"","format":"standard","meta":{"footnotes":""},"categories":[1586],"tags":[11,3820,1777,674,1779,1011,27,7484,12,25,13422,1778,364],"class_list":{"0":"post-45413","1":"post","2":"type-post","3":"status-publish","4":"format-standard","5":"has-post-thumbnail","7":"category-europe","8":"tag-actualites","9":"tag-bernard-arnault","10":"tag-eu","11":"tag-europe","12":"tag-european-union","13":"tag-fr","14":"tag-france","15":"tag-lvmh","16":"tag-news","17":"tag-republique-francaise","18":"tag-total","19":"tag-ue","20":"tag-union-europeenne"},"share_on_mastodon":{"url":"https:\/\/pubeurope.com\/@fr\/114384780942683188","error":""},"_links":{"self":[{"href":"https:\/\/www.europesays.com\/fr\/wp-json\/wp\/v2\/posts\/45413","targetHints":{"allow":["GET"]}}],"collection":[{"href":"https:\/\/www.europesays.com\/fr\/wp-json\/wp\/v2\/posts"}],"about":[{"href":"https:\/\/www.europesays.com\/fr\/wp-json\/wp\/v2\/types\/post"}],"author":[{"embeddable":true,"href":"https:\/\/www.europesays.com\/fr\/wp-json\/wp\/v2\/users\/2"}],"replies":[{"embeddable":true,"href":"https:\/\/www.europesays.com\/fr\/wp-json\/wp\/v2\/comments?post=45413"}],"version-history":[{"count":0,"href":"https:\/\/www.europesays.com\/fr\/wp-json\/wp\/v2\/posts\/45413\/revisions"}],"wp:featuredmedia":[{"embeddable":true,"href":"https:\/\/www.europesays.com\/fr\/wp-json\/wp\/v2\/media\/45414"}],"wp:attachment":[{"href":"https:\/\/www.europesays.com\/fr\/wp-json\/wp\/v2\/media?parent=45413"}],"wp:term":[{"taxonomy":"category","embeddable":true,"href":"https:\/\/www.europesays.com\/fr\/wp-json\/wp\/v2\/categories?post=45413"},{"taxonomy":"post_tag","embeddable":true,"href":"https:\/\/www.europesays.com\/fr\/wp-json\/wp\/v2\/tags?post=45413"}],"curies":[{"name":"wp","href":"https:\/\/api.w.org\/{rel}","templated":true}]}}