{"id":454135,"date":"2025-10-11T04:02:13","date_gmt":"2025-10-11T04:02:13","guid":{"rendered":"https:\/\/www.europesays.com\/fr\/454135\/"},"modified":"2025-10-11T04:02:13","modified_gmt":"2025-10-11T04:02:13","slug":"ile-de-france-la-prefecture-de-region-fait-le-bilan-de-la-semaine-de-lintegration","status":"publish","type":"post","link":"https:\/\/www.europesays.com\/fr\/454135\/","title":{"rendered":"\u00cele-de-France\u00a0: la pr\u00e9fecture de r\u00e9gion fait le bilan de la semaine de l&rsquo;int\u00e9gration"},"content":{"rendered":"\n<p style=\"margin-bottom: 0cm;\">Cette semaine, les services de l&rsquo;\u00c9tat ont mis en valeur les initiatives d\u00e9di\u00e9es \u00e0 l&rsquo;int\u00e9gration des \u00e9trangers arrivant dans le r\u00e9gion en situation r\u00e9guli\u00e8re. Plus de 140 \u00e9v\u00e9nements ont \u00e9t\u00e9 organis\u00e9s, entre apprentissage du fran\u00e7ais, de la citoyennet\u00e9, l&rsquo;acc\u00e8s aux droits&#8230; Par ailleurs, en 2025, les cr\u00e9dits consacr\u00e9s \u00e0 l\u2019int\u00e9gration des \u00e9trangers ont permis de porter 280 projets de formation linguistique au b\u00e9n\u00e9fice de pr\u00e8s de 20.000 personnes. Enfin, 68 projets ont conduit \u00e0 l\u2019insertion professionnelle de plus de 5.000 \u00e9trangers.<\/p>\n<p style=\"margin-bottom: 0cm;\">\u00a0<\/p>\n<p lang=\"fr-FR\" style=\"margin-bottom: 0cm;\">Nicolas Chacun<\/p>\n<p>!function(f,b,e,v,n,t,s){if(f.fbq)return;n=f.fbq=function(){n.callMethod?<br \/>\nn.callMethod.apply(n,arguments):n.queue.push(arguments)};if(!f._fbq)f._fbq=n;<br \/>\nn.push=n;n.loaded=!0;n.version=&rsquo;2.0&prime;;n.queue=[];t=b.createElement(e);t.async=!0;<br \/>\nt.src=v;s=b.getElementsByTagName(e)[0];s.parentNode.insertBefore(t,s)}(window,<br \/>\ndocument,&rsquo;script&rsquo;,&rsquo;https:\/\/connect.facebook.net\/en_US\/fbevents.js&rsquo;);<br \/>\nfbq(&lsquo;init&rsquo;, &lsquo;278974969201861&rsquo;); \/\/ Insert your pixel ID here.<br \/>\nfbq(&lsquo;track&rsquo;, &lsquo;PageView&rsquo;);<\/p>\n","protected":false},"excerpt":{"rendered":"Cette semaine, les services de l&rsquo;\u00c9tat ont mis en valeur les initiatives d\u00e9di\u00e9es \u00e0 l&rsquo;int\u00e9gration des \u00e9trangers arrivant&hellip;\n","protected":false},"author":2,"featured_media":454136,"comment_status":"","ping_status":"","sticky":false,"template":"","format":"standard","meta":{"footnotes":""},"categories":[1592],"tags":[1111,11,1933,1936,1777,1939,674,1011,27,662,1934,12,1940,626,1935,25,1937,1941,1938],"class_list":{"0":"post-454135","1":"post","2":"type-post","3":"status-publish","4":"format-standard","5":"has-post-thumbnail","7":"category-ile-de-france","8":"tag-actu","9":"tag-actualites","10":"tag-actualites-locales","11":"tag-essonne","12":"tag-eu","13":"tag-eure-et-loir","14":"tag-europe","15":"tag-fr","16":"tag-france","17":"tag-ile-de-france","18":"tag-infos-locales","19":"tag-news","20":"tag-oise","21":"tag-paris","22":"tag-pres-de-chez-vous","23":"tag-republique-francaise","24":"tag-seine-et-marne","25":"tag-somme","26":"tag-yvelines"},"share_on_mastodon":{"url":"https:\/\/pubeurope.com\/@fr\/115353547215998898","error":""},"_links":{"self":[{"href":"https:\/\/www.europesays.com\/fr\/wp-json\/wp\/v2\/posts\/454135","targetHints":{"allow":["GET"]}}],"collection":[{"href":"https:\/\/www.europesays.com\/fr\/wp-json\/wp\/v2\/posts"}],"about":[{"href":"https:\/\/www.europesays.com\/fr\/wp-json\/wp\/v2\/types\/post"}],"author":[{"embeddable":true,"href":"https:\/\/www.europesays.com\/fr\/wp-json\/wp\/v2\/users\/2"}],"replies":[{"embeddable":true,"href":"https:\/\/www.europesays.com\/fr\/wp-json\/wp\/v2\/comments?post=454135"}],"version-history":[{"count":0,"href":"https:\/\/www.europesays.com\/fr\/wp-json\/wp\/v2\/posts\/454135\/revisions"}],"wp:featuredmedia":[{"embeddable":true,"href":"https:\/\/www.europesays.com\/fr\/wp-json\/wp\/v2\/media\/454136"}],"wp:attachment":[{"href":"https:\/\/www.europesays.com\/fr\/wp-json\/wp\/v2\/media?parent=454135"}],"wp:term":[{"taxonomy":"category","embeddable":true,"href":"https:\/\/www.europesays.com\/fr\/wp-json\/wp\/v2\/categories?post=454135"},{"taxonomy":"post_tag","embeddable":true,"href":"https:\/\/www.europesays.com\/fr\/wp-json\/wp\/v2\/tags?post=454135"}],"curies":[{"name":"wp","href":"https:\/\/api.w.org\/{rel}","templated":true}]}}