{"id":454137,"date":"2025-10-11T04:03:15","date_gmt":"2025-10-11T04:03:15","guid":{"rendered":"https:\/\/www.europesays.com\/fr\/454137\/"},"modified":"2025-10-11T04:03:15","modified_gmt":"2025-10-11T04:03:15","slug":"la-defense-civile-annonce-le-retour-denviron-200-000-personnes-dans-le-nord-de-lenclave-palestinienne","status":"publish","type":"post","link":"https:\/\/www.europesays.com\/fr\/454137\/","title":{"rendered":"la d\u00e9fense civile annonce le retour d&rsquo;environ 200\u00a0000 personnes dans le nord de l&rsquo;enclave palestinienne"},"content":{"rendered":"\n<p class=\"c-chapo \">\n  Des images de l&rsquo;AFP montraient une file ininterrompue de personnes se dirigeant vers le nord de la bande de Gaza. L&rsquo;arm\u00e9e isra\u00e9lienne a averti que plusieurs zones restaient \u00ab\u00a0extr\u00eamement dangereuses\u00a0\u00bb pour la population civile.\n<\/p>\n<p>      lire plus tard<\/p>\n<p id=\"dialog__title\" class=\"dialog__title\">Pour sauvegarder cet article, connectez-vous ou cr\u00e9ez un compte franceinfo<\/p>\n<p class=\"dialog__description\">Sans paiement. Sans abonnement.<\/p>\n<p>        Fermer la fen\u00eatre d\u2019activation des notifications France Info<\/p>\n<p>      cr\u00e9er votre compte<\/p>\n<p>      se connecter<\/p>\n<p>        Fermer la fen\u00eatre de pr\u00e9sentation<\/p>\n<p>    <img loading=\"lazy\" decoding=\"async\" class=\"signature__image lazyload\" width=\"100\" height=\"100\" data- alt=\"\" src=\"https:\/\/www.europesays.com\/fr\/wp-content\/uploads\/2025\/05\/64a68815cd1a7_placeholder-36b69ec8.png\"\/><\/p>\n<p>    Publi\u00e9 le 11\/10\/2025 00:30<\/p>\n<p>        Temps de lecture : 1min<\/p>\n<p>    <img decoding=\"async\"  alt=\"Des populations sur le littoral de la bande de Gaza, en territoires palestiniens, le 10 octobre 2025. (AHMED YOUNIS \/ MIDDLE EAST IMAGES \/ AFP)\" width=\"432\" height=\"243\" src=\"https:\/\/www.europesays.com\/fr\/wp-content\/uploads\/2025\/10\/089-mei-palestine-ay-gac-20251010-021-68e987088a9fe610501695.jpg\" fetchpriority=\"high\"\/><\/p>\n<p>      Des populations sur le littoral de la bande de Gaza, en territoires palestiniens, le 10 octobre 2025. (AHMED YOUNIS \/ MIDDLE EAST IMAGES \/ AFP)<\/p>\n<p>Mahmoud Bassal, porte-parole de la D\u00e9fense civile, une organisation qui fournit des premiers secours et op\u00e9rant sous l&rsquo;autorit\u00e9 du Hamas, a d\u00e9clar\u00e9 vendredi 10 octobre que pr\u00e8s de 200 000 personnes \u00e9taient revenues dans le nord du territoire palestinien <a href=\"https:\/\/www.franceinfo.fr\/monde\/proche-orient\/guerre\/guerre-a-gaza-le-gouvernement-israelien-approuve-officiellement-l-accord-qui-vise-la-liberation-de-tous-les-otages-avant-lundi_7543495.html\" rel=\"nofollow noopener\" target=\"_blank\">depuis l&rsquo;entr\u00e9e en vigueur du cessez-le-feu<\/a>, \u00e0 11 heures.<\/p>\n<p>Des images de l&rsquo;AFP avait plus t\u00f4t dans la journ\u00e9e montr\u00e9 une file ininterrompue de personnes se dirigeant vers le nord du territoire, o\u00f9 l&rsquo;arm\u00e9e isra\u00e9lienne a averti que plusieurs zones restaient \u00ab\u00a0extr\u00eamement dangereuses\u00a0\u00bb pour la population civile. D&rsquo;autres personnes sont retourn\u00e9s dans les ruines de leurs maisons \u00e0 Khan Youn\u00e8s, dans le sud de l&rsquo;enclave palestinienne, selon des images de l&rsquo;AFP.<\/p>\n<p>L&rsquo;arm\u00e9e isra\u00e9lienne a annonc\u00e9 un repositionnement de ses troupes dans des secteurs de la bande de Gaza ravag\u00e9e par la guerre depuis deux ans. Mais elle a averti que plusieurs zones restaient \u00ab\u00a0extr\u00eamement dangereuses\u00a0\u00bb pour la population civile.\u00a0A travers la bande de Gaza, des secouristes ont profit\u00e9 vendredi du cessez-le-feu pour fouiller les d\u00e9combres. \u00ab\u00a0A Gaza City uniquement, 63 corps ont \u00e9t\u00e9 retrouv\u00e9s et transport\u00e9s \u00e0 l&rsquo;h\u00f4pital\u00a0\u00bb, a d\u00e9clar\u00e9 Mahmoud Bassal.<\/p>\n","protected":false},"excerpt":{"rendered":"Des images de l&rsquo;AFP montraient une file ininterrompue de personnes se dirigeant vers le nord de la bande&hellip;\n","protected":false},"author":2,"featured_media":454138,"comment_status":"","ping_status":"","sticky":false,"template":"","format":"standard","meta":{"footnotes":""},"categories":[1888],"tags":[1111,1928,11,1927,1777,674,1011,27,12,1926,626,1925,25],"class_list":{"0":"post-454137","1":"post","2":"type-post","3":"status-publish","4":"format-standard","5":"has-post-thumbnail","7":"category-paris","8":"tag-actu","9":"tag-actu-paris","10":"tag-actualites","11":"tag-actualites-paris","12":"tag-eu","13":"tag-europe","14":"tag-fr","15":"tag-france","16":"tag-news","17":"tag-news-paris","18":"tag-paris","19":"tag-paris-news","20":"tag-republique-francaise"},"share_on_mastodon":{"url":"https:\/\/pubeurope.com\/@fr\/115353551706730947","error":""},"_links":{"self":[{"href":"https:\/\/www.europesays.com\/fr\/wp-json\/wp\/v2\/posts\/454137","targetHints":{"allow":["GET"]}}],"collection":[{"href":"https:\/\/www.europesays.com\/fr\/wp-json\/wp\/v2\/posts"}],"about":[{"href":"https:\/\/www.europesays.com\/fr\/wp-json\/wp\/v2\/types\/post"}],"author":[{"embeddable":true,"href":"https:\/\/www.europesays.com\/fr\/wp-json\/wp\/v2\/users\/2"}],"replies":[{"embeddable":true,"href":"https:\/\/www.europesays.com\/fr\/wp-json\/wp\/v2\/comments?post=454137"}],"version-history":[{"count":0,"href":"https:\/\/www.europesays.com\/fr\/wp-json\/wp\/v2\/posts\/454137\/revisions"}],"wp:featuredmedia":[{"embeddable":true,"href":"https:\/\/www.europesays.com\/fr\/wp-json\/wp\/v2\/media\/454138"}],"wp:attachment":[{"href":"https:\/\/www.europesays.com\/fr\/wp-json\/wp\/v2\/media?parent=454137"}],"wp:term":[{"taxonomy":"category","embeddable":true,"href":"https:\/\/www.europesays.com\/fr\/wp-json\/wp\/v2\/categories?post=454137"},{"taxonomy":"post_tag","embeddable":true,"href":"https:\/\/www.europesays.com\/fr\/wp-json\/wp\/v2\/tags?post=454137"}],"curies":[{"name":"wp","href":"https:\/\/api.w.org\/{rel}","templated":true}]}}