{"id":454139,"date":"2025-10-11T04:04:20","date_gmt":"2025-10-11T04:04:20","guid":{"rendered":"https:\/\/www.europesays.com\/fr\/454139\/"},"modified":"2025-10-11T04:04:20","modified_gmt":"2025-10-11T04:04:20","slug":"adrien-rabiot-encore-siffle-au-parc-des-princes","status":"publish","type":"post","link":"https:\/\/www.europesays.com\/fr\/454139\/","title":{"rendered":"Adrien Rabiot encore siffl\u00e9 au Parc des Princes"},"content":{"rendered":"<p>\n    Le milieu de terrain de l\u2019\u00e9quipe de France a \u00e9t\u00e9 chahut\u00e9 par une partie du Parc des Princes vendredi soir lors du match face \u00e0 l\u2019Azerba\u00efdjan.<\/p>\n<p class=\"fig-paragraph\">Quelques sifflets lors de l\u2019annonce de l\u2019\u00e9quipe de France autour des 20h40. Idem pour Florian Thauvin, lui aussi ancien Marseillais.\u00a0<a href=\"https:\/\/www.lefigaro.fr\/sports\/football\/live-1\/qualif-coupe-du-monde-zone-euro\/112026\/2493829\/france-azerbaidjan\" target=\"_blank\" rel=\"sponsored noopener\" data-gtm-custom-categorie=\"navigation\" data-gtm-custom-action=\"crossclick\" data-gtm-custom-label=\"Contextuel\" data-gtm-event=\"customEventSPE\">Plus grand-chose sur ses premiers ballons<\/a>, avant qu\u2019une partie du public du Parc se fasse entendre quand\u00a0<a href=\"http:\/\/www.lefigaro.fr\/sports\/football\/italie\/serie-a-maurizio-sarri-soutient-rabiot-et-tacle-le-patron-de-la-serie-a-propos-de-la-delocalisation-d-ac-milan-come-en-australie-20251010\" data-fig-type=\"NewsFlash\" data-gtm-custom-categorie=\"navigation\" data-gtm-custom-action=\"crossclick\" data-gtm-custom-label=\"Contextuel\" data-gtm-event=\"customEventSPE\" data-fig-domain=\"LEFIGARO\" target=\"_blank\" rel=\"noopener\">Adrien Rabiot<\/a>\u00a0portait un peu le ballon. Ainsi vont les matches du milieu des Bleus, d\u00e9sormais \u00e0 Milan mais surtout ancien de l\u2019OM, quand il officie en s\u00e9lection du c\u00f4t\u00e9 de Paris. Des encouragements, vite balay\u00e9s par des sifflets.<\/p>\n<p class=\"fig-paragraph\">Interrog\u00e9 sur cette\u00a0<a href=\"http:\/\/www.lefigaro.fr\/sports\/football\/equipe-de-france\/l-optimisme-pour-mbappe-l-humilite-avant-l-azerbaidjan-la-rotation-les-sifflets-envers-rabiot-les-reponses-de-deschamps-20251009\" data-fig-type=\"NewsFlash\" data-gtm-custom-categorie=\"navigation\" data-gtm-custom-action=\"crossclick\" data-gtm-custom-label=\"Contextuel\" data-gtm-event=\"customEventSPE\" data-fig-domain=\"LEFIGARO\" target=\"_blank\" rel=\"noopener\">possible situation jeudi en veille de match<\/a>, Didier Deschamps avait anticip\u00e9 la chose. Mais rien n\u2019y a fait. \u00abC\u2019est quelque chose qui ne doit pas avoir lieu car ce sont des joueurs qui repr\u00e9sentent la France, mais on est au Parc des Princes avec forc\u00e9ment des supporters d\u2019un club de Paris, soufflait, r\u00e9sign\u00e9, le s\u00e9lectionneur des Bleus. Il suffit qu\u2019il y en ait un, deux ou trois et \u00e7a peut ressortir. Adrien est majeur et vaccin\u00e9 et il a l\u2019habitude.\u00bb<\/p>\n<p>                                    <a class=\"fig-a11y-skip a11y-hidden\" href=\"#fig-a11y-skip-main-inarticle\"><br \/>\n        Passer la publicit\u00e9<br \/>\n    <\/a><\/p>\n<p class=\"fig-paragraph\"><a href=\"http:\/\/www.lefigaro.fr\/sports\/football\/equipe-de-france\/j-essaie-toujours-d-etre-humble-et-bien-eduque-adrien-rabiot-au-figaro-sort-du-silence-apres-son-depart-de-l-om-20251007\" data-fig-type=\"Article\" data-gtm-custom-categorie=\"navigation\" data-gtm-custom-action=\"crossclick\" data-gtm-custom-label=\"Contextuel\" data-gtm-event=\"customEventSPE\" data-fig-domain=\"LEFIGARO\" target=\"_blank\" rel=\"noopener\">Dans nos colonnes ce mardi<\/a>, le milieu de l\u2019AC Milan assurait avoir \u00abune carapace\u00bb par rapport aux attaques, sifflets ou insultes. Une telle situation est d\u00e9j\u00e0 survenue le\u00a0<a href=\"http:\/\/www.lefigaro.fr\/sports\/football\/coupe-du-monde\/les-notes-des-bleus-contre-l-islande-mbappe-en-taulier-le-cadeau-d-olise-20250909\" data-fig-type=\"NewsFlash\" data-gtm-custom-categorie=\"navigation\" data-gtm-custom-action=\"crossclick\" data-gtm-custom-label=\"Contextuel\" data-gtm-event=\"customEventSPE\" data-fig-domain=\"LEFIGARO\" target=\"_blank\" rel=\"noopener\">mois dernier face \u00e0 l\u2019Islande (2-1)<\/a>\u00a0au Parc des Princes, ancienne enceinte du \u00abTiti\u00bb, apr\u00e8s ses ann\u00e9es au Paris SG (2012-2019) avant de passer \u00e0 l\u2019OM (2024-2025) et la fin que tout le monde conna\u00eet. Ce soir-l\u00e0, apr\u00e8s la rencontre, Didier Deschamps, \u00e9galement siffl\u00e9, s\u2019\u00e9tait agac\u00e9.<\/p>\n<p class=\"fig-body-link\">\n            \u00c0 lire aussi<br \/>\n        <a class=\"fig-body-link__link fig-premium-mark\" href=\"http:\/\/www.lefigaro.fr\/sports\/football\/coupe-du-monde\/tout-ce-qu-il-fait-a-l-air-facile-comment-michael-olise-est-devenu-le-nouveau-chef-d-orchestre-des-bleus-20251010\" data-fig-type=\"Article\" data-gtm-custom-categorie=\"navigation\" data-gtm-custom-action=\"crossclick\" data-gtm-custom-label=\"Contextuel\" data-gtm-event=\"customEventSPE\" data-fig-domain=\"LEFIGARO\" target=\"_blank\" rel=\"noopener\">\u00abTout ce qu\u2019il fait a l\u2019air facile\u00bb\u00a0: comment Michael Olise est devenu le nouveau chef d\u2019orchestre des Bleus<br \/>\n    <\/a>\n<\/p>\n<p class=\"fig-paragraph\">\u00abLes miens, je ne les ai pas entendus (\u00e0 l\u2019annonce des \u00e9quipes),\u00a0<a href=\"http:\/\/www.lefigaro.fr\/sports\/football\/coupe-du-monde\/mbappe-hors-normes-sifflets-inadmissibles-tacle-a-hernandez-les-mots-de-deschamps-apres-france-islande-20250910\" data-fig-type=\"NewsFlash\" data-gtm-custom-categorie=\"navigation\" data-gtm-custom-action=\"crossclick\" data-gtm-custom-label=\"Contextuel\" data-gtm-event=\"customEventSPE\" data-fig-domain=\"LEFIGARO\" target=\"_blank\" rel=\"noopener\">r\u00e9pondait le s\u00e9lectionneur<\/a>. J\u2019\u00e9tais dans le vestiaire. Adri (Rabiot)\u00a0? C\u2019est pour lui que cela m\u2019emb\u00eate, c\u2019est un joueur de l\u2019\u00e9quipe de France et cela ne devrait pas arriver. C\u2019est inadmissible que cela puisse arriver, c\u2019est peut-\u00eatre les m\u00eames qui ont siffl\u00e9 Adrien (Rabiot). C\u2019est un joueur de l\u2019\u00e9quipe de France. Je comprends la rivalit\u00e9 entre les deux clubs (OM-PSG), m\u00eame s\u2019il a retourn\u00e9 tout le monde avec son tacle en fin de partie. Je ne vais pas me plaindre du public, je sais qu\u2019il nous soutient. Cela n\u2019a pas lieu d\u2019\u00eatre.\u00bb Un mois plus tard, rien n\u2019a chang\u00e9. Et en novembre, l\u2019\u00e9quipe de France jouera encore&#8230; au Parc des Princes.<\/p>\n","protected":false},"excerpt":{"rendered":"Le milieu de terrain de l\u2019\u00e9quipe de France a \u00e9t\u00e9 chahut\u00e9 par une partie du Parc des Princes&hellip;\n","protected":false},"author":2,"featured_media":454140,"comment_status":"","ping_status":"","sticky":false,"template":"","format":"standard","meta":{"footnotes":""},"categories":[1888],"tags":[1111,1928,11,1927,2329,20532,6713,1777,674,1011,27,12,1926,626,1925,25],"class_list":{"0":"post-454139","1":"post","2":"type-post","3":"status-publish","4":"format-standard","5":"has-post-thumbnail","7":"category-paris","8":"tag-actu","9":"tag-actu-paris","10":"tag-actualites","11":"tag-actualites-paris","12":"tag-adrien-rabiot","13":"tag-didier-deschamps","14":"tag-equipe-de-france-de-football","15":"tag-eu","16":"tag-europe","17":"tag-fr","18":"tag-france","19":"tag-news","20":"tag-news-paris","21":"tag-paris","22":"tag-paris-news","23":"tag-republique-francaise"},"share_on_mastodon":{"url":"https:\/\/pubeurope.com\/@fr\/115353555133059806","error":""},"_links":{"self":[{"href":"https:\/\/www.europesays.com\/fr\/wp-json\/wp\/v2\/posts\/454139","targetHints":{"allow":["GET"]}}],"collection":[{"href":"https:\/\/www.europesays.com\/fr\/wp-json\/wp\/v2\/posts"}],"about":[{"href":"https:\/\/www.europesays.com\/fr\/wp-json\/wp\/v2\/types\/post"}],"author":[{"embeddable":true,"href":"https:\/\/www.europesays.com\/fr\/wp-json\/wp\/v2\/users\/2"}],"replies":[{"embeddable":true,"href":"https:\/\/www.europesays.com\/fr\/wp-json\/wp\/v2\/comments?post=454139"}],"version-history":[{"count":0,"href":"https:\/\/www.europesays.com\/fr\/wp-json\/wp\/v2\/posts\/454139\/revisions"}],"wp:featuredmedia":[{"embeddable":true,"href":"https:\/\/www.europesays.com\/fr\/wp-json\/wp\/v2\/media\/454140"}],"wp:attachment":[{"href":"https:\/\/www.europesays.com\/fr\/wp-json\/wp\/v2\/media?parent=454139"}],"wp:term":[{"taxonomy":"category","embeddable":true,"href":"https:\/\/www.europesays.com\/fr\/wp-json\/wp\/v2\/categories?post=454139"},{"taxonomy":"post_tag","embeddable":true,"href":"https:\/\/www.europesays.com\/fr\/wp-json\/wp\/v2\/tags?post=454139"}],"curies":[{"name":"wp","href":"https:\/\/api.w.org\/{rel}","templated":true}]}}