{"id":454141,"date":"2025-10-11T04:05:19","date_gmt":"2025-10-11T04:05:19","guid":{"rendered":"https:\/\/www.europesays.com\/fr\/454141\/"},"modified":"2025-10-11T04:05:19","modified_gmt":"2025-10-11T04:05:19","slug":"paris-veut-tester-lacces-aux-couloirs-bus-pour-les-soignants-a-domicile-contraints-de-refuser-des-patients","status":"publish","type":"post","link":"https:\/\/www.europesays.com\/fr\/454141\/","title":{"rendered":"Paris veut tester l\u2019acc\u00e8s aux couloirs bus pour les soignants \u00e0 domicile, \u00ab\u00a0contraints de refuser des patients\u00a0\u00bb"},"content":{"rendered":"<p class=\"paragraph text_align_left lp-f-body-02\">Concilier \u00e9cologie urbaine et acc\u00e8s aux soins : tel est le d\u00e9fi que s\u2019est lanc\u00e9 Fran\u00e7ois Dagnaud. Le maire du <a href=\"https:\/\/www.leparisien.fr\/paris-75\/paris-75019\/\" target=\"_blank\" rel=\"noreferrer nofollow noopener\">XIXe<\/a> a fait adopter, ce vendredi 10 octobre au Conseil de Paris, un v\u0153u exp\u00e9rimental permettant aux professionnels de sant\u00e9 effectuant des visites \u00e0 domicile d\u2019emprunter les couloirs de bus dans son arrondissement. Une mesure qui divise, mais qui r\u00e9pond \u00e0 une urgence sanitaire croissante.<\/p>\n<p class=\"paragraph text_align_left lp-f-body-02\">\u00ab Aujourd\u2019hui, les soignants rencontrent de grosses difficult\u00e9s \u00e0 Paris pour effectuer des visites et se d\u00e9placer en cas d\u2019urgence \u00bb, confirme Jean-Jacques Avrane, pr\u00e9sident du <a href=\"https:\/\/www.leparisien.fr\/paris-75\/a-lordre-des-medecins-de-paris-un-climat-epouvantable-apres-les-deux-elections-annulees-18-09-2025-E2V5OCNIKJDZVHRYYA7FLMEEM4.php\" target=\"_self\" rel=\"nofollow noopener\">conseil de l\u2019ordre des m\u00e9decins de Paris<\/a>. \u00ab Pouvoir emprunter les voies du bus est une demande que nous formulons depuis tr\u00e8s longtemps, mais qui nous a toujours \u00e9t\u00e9 refus\u00e9e \u00bb, ajoute-t-il.<\/p>\n","protected":false},"excerpt":{"rendered":"Concilier \u00e9cologie urbaine et acc\u00e8s aux soins : tel est le d\u00e9fi que s\u2019est lanc\u00e9 Fran\u00e7ois Dagnaud. Le&hellip;\n","protected":false},"author":2,"featured_media":454142,"comment_status":"","ping_status":"","sticky":false,"template":"","format":"standard","meta":{"footnotes":""},"categories":[1888],"tags":[11,1777,674,1011,27,1944,12,626,25],"class_list":{"0":"post-454141","1":"post","2":"type-post","3":"status-publish","4":"format-standard","5":"has-post-thumbnail","7":"category-paris","8":"tag-actualites","9":"tag-eu","10":"tag-europe","11":"tag-fr","12":"tag-france","13":"tag-ma-ville","14":"tag-news","15":"tag-paris","16":"tag-republique-francaise"},"share_on_mastodon":{"url":"https:\/\/pubeurope.com\/@fr\/115353559178493242","error":""},"_links":{"self":[{"href":"https:\/\/www.europesays.com\/fr\/wp-json\/wp\/v2\/posts\/454141","targetHints":{"allow":["GET"]}}],"collection":[{"href":"https:\/\/www.europesays.com\/fr\/wp-json\/wp\/v2\/posts"}],"about":[{"href":"https:\/\/www.europesays.com\/fr\/wp-json\/wp\/v2\/types\/post"}],"author":[{"embeddable":true,"href":"https:\/\/www.europesays.com\/fr\/wp-json\/wp\/v2\/users\/2"}],"replies":[{"embeddable":true,"href":"https:\/\/www.europesays.com\/fr\/wp-json\/wp\/v2\/comments?post=454141"}],"version-history":[{"count":0,"href":"https:\/\/www.europesays.com\/fr\/wp-json\/wp\/v2\/posts\/454141\/revisions"}],"wp:featuredmedia":[{"embeddable":true,"href":"https:\/\/www.europesays.com\/fr\/wp-json\/wp\/v2\/media\/454142"}],"wp:attachment":[{"href":"https:\/\/www.europesays.com\/fr\/wp-json\/wp\/v2\/media?parent=454141"}],"wp:term":[{"taxonomy":"category","embeddable":true,"href":"https:\/\/www.europesays.com\/fr\/wp-json\/wp\/v2\/categories?post=454141"},{"taxonomy":"post_tag","embeddable":true,"href":"https:\/\/www.europesays.com\/fr\/wp-json\/wp\/v2\/tags?post=454141"}],"curies":[{"name":"wp","href":"https:\/\/api.w.org\/{rel}","templated":true}]}}