{"id":454143,"date":"2025-10-11T04:06:37","date_gmt":"2025-10-11T04:06:37","guid":{"rendered":"https:\/\/www.europesays.com\/fr\/454143\/"},"modified":"2025-10-11T04:06:37","modified_gmt":"2025-10-11T04:06:37","slug":"paris-fc-le-mans-2-1-avec-doucet-et-ikone-buteurs-les-parisiens-enchainent-en-amical","status":"publish","type":"post","link":"https:\/\/www.europesays.com\/fr\/454143\/","title":{"rendered":"Paris FC-Le\u00a0Mans (2-1)\u00a0: avec Doucet et Ikon\u00e9 buteurs, les Parisiens encha\u00eenent en amical"},"content":{"rendered":"<p class=\"paragraph text_align_left lp-f-body-02\">Un bon encha\u00eenement pour le <a href=\"https:\/\/www.leparisien.fr\/sports\/football\/paris-fc\/\" target=\"_blank\" rel=\"noreferrer noopener\">Paris FC<\/a>. Une semaine apr\u00e8s avoir <a href=\"https:\/\/www.leparisien.fr\/sports\/football\/ligue-1\/paris-fc-lorient-2-0-les-notes-des-joueurs-parisiens-avec-krasso-et-kebbal-decisifs-maxime-lopez-precieux-03-10-2025-UUVKPDUQO5BKLBZNRP3BGEZYUY.php\" target=\"_blank\" rel=\"noreferrer noopener\">battu Lorient (2-0) en Ligue 1<\/a>, les Parisiens ont encha\u00een\u00e9 en match amical ce vendredi 10 octobre face au Mans, 11e du classement de la Ligue 2. Les deux \u00e9quipes ont profit\u00e9 de la tr\u00eave internationale pour s\u2019affronter et les hommes de St\u00e9phane Gilli se sont impos\u00e9s (2-1).<\/p>\n<p class=\"paragraph text_align_left lp-f-body-02\">Avec un onze de d\u00e9part remani\u00e9 &#8211; sans Ilan Kebbal, Samir Chergui, Moses Simon, Moustapha Mbow, partis en s\u00e9lection, sans <a href=\"https:\/\/www.leparisien.fr\/sports\/football\/ligue-1\/il-mangeait-dormait-et-vivait-foot-avant-om-pfc-sur-les-traces-du-minot-maxime-lopez-a-marseille-23-08-2025-YXXEQPG5FBHNPARTXUSVYFWEE4.php\" target=\"_blank\" rel=\"noreferrer noopener\">le capitaine Maxime Lopez<\/a>, le gardien Obed Nkambadio, le lat\u00e9ral Hamari Traor\u00e9 et le milieu de terrain Pierre Lees-Melou, tous laiss\u00e9s au repos &#8211; le Paris FC a trouv\u00e9 la solution d\u00e8s la 18e minute gr\u00e2ce \u00e0 Lohann Doucet, sur une belle frappe enroul\u00e9e du pied droit. Une vingtaine de minutes plus tard, Jonathan Ikon\u00e9 a doubl\u00e9 la mise (38e, 2-0), profitant d\u2019une erreur de la d\u00e9fense adverse.<\/p>\n<p class=\"paragraph text_align_left lp-f-body-02\">Entr\u00e9 \u00e0 la mi-temps, Jean-Philippe Krasso a manqu\u00e9 l\u2019occasion d\u2019inscrire un troisi\u00e8me but en trois matchs en toute fin de rencontre, alors qu\u2019il s\u2019\u00e9tait retrouv\u00e9 seul face au gardien adverse. Un loup\u00e9 sans cons\u00e9quence sur le r\u00e9sultat final, malgr\u00e9 la r\u00e9duction du score des Manceaux \u00e0 la 80e.<\/p>\n<p>Marchetti a rejou\u00e9, premi\u00e8re pour Killian Prouchet<\/p>\n<p class=\"paragraph text_align_left lp-f-body-02\">\u00ab Il y avait une belle opposition, une belle intensit\u00e9, de l\u2019impact, de l\u2019agressivit\u00e9, a appr\u00e9ci\u00e9 le coach parisien apr\u00e8s la victoire. C\u2019est toujours bien de gagner. J\u2019ai bien aim\u00e9 le match et ce qu\u2019on a fait par moments. \u00c7a a donn\u00e9 du temps de jeu \u00e0 certains joueurs qui en ont moins donc \u00e7a permet de voir certaines choses. \u00bb<\/p>\n<p class=\"paragraph text_align_left lp-f-body-02\">Sanctionn\u00e9 par son entra\u00eeneur et priv\u00e9 des trois derniers matchs du Paris FC, <a href=\"https:\/\/www.leparisien.fr\/sports\/football\/ligue-1\/paris-fc-vincent-marchetti-a-vu-son-entraineur-et-nest-plus-sanctionne-04-10-2025-ACOUBAX6YVGJVNDY2ONFFDK2II.php\" target=\"_blank\" rel=\"noreferrer noopener\">Vincent Marchetti a notamment rejou\u00e9 ce vendredi<\/a>, align\u00e9 d\u2019entr\u00e9e et en place pendant 90 minutes. Killian Prouchet, arriv\u00e9 il y a moins d\u2019un mois au club pour un contrat avec la r\u00e9serve, a lui connu ses premi\u00e8res minutes avec l\u2019\u00e9quipe premi\u00e8re, rentr\u00e9 en fin de rencontre \u00e0 la place de Tuomas Ollila.<\/p>\n<p class=\"paragraph text_align_left lp-f-body-02\">\u00ab C\u2019est un joueur que je trouve int\u00e9ressant, son entr\u00e9e permettait aussi de le voir en situation, a expliqu\u00e9 St\u00e9phane Gilli. J\u2019ai beaucoup aim\u00e9 sa personnalit\u00e9 donc c\u2019est int\u00e9ressant. \u00bb<\/p>\n<p class=\"paragraph text_align_left lp-f-body-02\">Seule r\u00e9elle inqui\u00e9tude pour le Paris FC durant la rencontre : un vilain tacle sur Nhoa Sangui lors d\u2019une offensive sur le c\u00f4t\u00e9 gauche. Rest\u00e9 un temps au sol, touch\u00e9 \u00e0 la jambe droite, le lat\u00e9ral a fini par se relever et retrouver sa place sur le terrain.<\/p>\n<p class=\"paragraph text_align_left lp-f-body-02\">Place d\u00e9sormais \u00e0 trois jours de repos pour les Parisiens avant de rejouer en Ligue 1 avec un d\u00e9placement sur la pelouse du <a href=\"https:\/\/www.leparisien.fr\/sports\/football\/ligue-1\/brillantissime-de-benevole-a-limoges-a-directeur-general-de-lens-lincroyable-ascension-de-benjamin-parrot-20-09-2025-DBRI7KZI5NAL3MN4XJLWFDRMC4.php\" target=\"_blank\" rel=\"noreferrer noopener\">Racing Club de Lens<\/a>, le dimanche 19 octobre \u00e0 15 heures.<\/p>\n","protected":false},"excerpt":{"rendered":"Un bon encha\u00eenement pour le Paris FC. Une semaine apr\u00e8s avoir battu Lorient (2-0) en Ligue 1, les&hellip;\n","protected":false},"author":2,"featured_media":454144,"comment_status":"","ping_status":"","sticky":false,"template":"","format":"standard","meta":{"footnotes":""},"categories":[1888],"tags":[11,1777,674,63,1011,27,12,626,445,25,60],"class_list":{"0":"post-454143","1":"post","2":"type-post","3":"status-publish","4":"format-standard","5":"has-post-thumbnail","7":"category-paris","8":"tag-actualites","9":"tag-eu","10":"tag-europe","11":"tag-football","12":"tag-fr","13":"tag-france","14":"tag-news","15":"tag-paris","16":"tag-paris-fc","17":"tag-republique-francaise","18":"tag-sports"},"share_on_mastodon":{"url":"https:\/\/pubeurope.com\/@fr\/115353563054437532","error":""},"_links":{"self":[{"href":"https:\/\/www.europesays.com\/fr\/wp-json\/wp\/v2\/posts\/454143","targetHints":{"allow":["GET"]}}],"collection":[{"href":"https:\/\/www.europesays.com\/fr\/wp-json\/wp\/v2\/posts"}],"about":[{"href":"https:\/\/www.europesays.com\/fr\/wp-json\/wp\/v2\/types\/post"}],"author":[{"embeddable":true,"href":"https:\/\/www.europesays.com\/fr\/wp-json\/wp\/v2\/users\/2"}],"replies":[{"embeddable":true,"href":"https:\/\/www.europesays.com\/fr\/wp-json\/wp\/v2\/comments?post=454143"}],"version-history":[{"count":0,"href":"https:\/\/www.europesays.com\/fr\/wp-json\/wp\/v2\/posts\/454143\/revisions"}],"wp:featuredmedia":[{"embeddable":true,"href":"https:\/\/www.europesays.com\/fr\/wp-json\/wp\/v2\/media\/454144"}],"wp:attachment":[{"href":"https:\/\/www.europesays.com\/fr\/wp-json\/wp\/v2\/media?parent=454143"}],"wp:term":[{"taxonomy":"category","embeddable":true,"href":"https:\/\/www.europesays.com\/fr\/wp-json\/wp\/v2\/categories?post=454143"},{"taxonomy":"post_tag","embeddable":true,"href":"https:\/\/www.europesays.com\/fr\/wp-json\/wp\/v2\/tags?post=454143"}],"curies":[{"name":"wp","href":"https:\/\/api.w.org\/{rel}","templated":true}]}}