{"id":454156,"date":"2025-10-11T04:13:15","date_gmt":"2025-10-11T04:13:15","guid":{"rendered":"https:\/\/www.europesays.com\/fr\/454156\/"},"modified":"2025-10-11T04:13:15","modified_gmt":"2025-10-11T04:13:15","slug":"neuf-lecteurs-sondes-sur-dix-veulent-que-lon-taxe-les-petits-colis-importes-hors-union-europeenne","status":"publish","type":"post","link":"https:\/\/www.europesays.com\/fr\/454156\/","title":{"rendered":"Neuf lecteurs sond\u00e9s sur dix veulent que l&rsquo;on taxe les petits colis import\u00e9s hors Union europ\u00e9enne"},"content":{"rendered":"<p class=\"ap-StoryElement ap-StoryElement--mb ap-StoryText\">C&rsquo;est la raison pour laquelle le gouvernement De Wever envisage d&rsquo;instaurer une taxe de 2 euros sur chaque colis de moins de 150 euros provenant de l&rsquo;ext\u00e9rieur de l&rsquo;Union europ\u00e9enne. L&rsquo;objectif : lutter contre la concurrence d\u00e9loyale des g\u00e9ants de l&rsquo;e-commerce majoritairement chinois tels que Temu, Shein ou Alibaba, tout en g\u00e9n\u00e9rant de nouvelles recettes pour r\u00e9duire le d\u00e9ficit public.<\/p>\n<p><a href=\"https:\/\/www.lalibre.be\/debats\/ripostes\/2025\/09\/10\/80-de-nos-lecteurs-sondes-veulent-retourner-voter-a-bruxelles-MGZI7F4RWBGOPFW5O6BLYD2244\/\" target=\"_blank\" rel=\"noopener noreferrer\" class=\"ap-StoryInterstitialLink ap-StoryElement ap-StoryElement--mb\">80% de nos lecteurs sond\u00e9s veulent retourner voter \u00e0 Bruxelles<\/a><\/p>\n<p class=\"ap-StoryElement ap-StoryElement--mb ap-StoryText\">La proposition, port\u00e9e par Les Engag\u00e9s, s&rsquo;inscrit dans le prolongement d&rsquo;une recommandation de la Commission europ\u00e9enne datant du 20 mai dernier. Cette derni\u00e8re sugg\u00e9rait, en effet, de taxer ces colis \u2013 dont la grande majorit\u00e9 provient de la Chine \u2013 afin de renforcer les moyens des services douaniers, actuellement d\u00e9bord\u00e9s. Soulignons au passage que les petits colis provenant du Royaume-Uni seraient \u00e9galement tax\u00e9s si la mesure devait passer.<\/p>\n<p class=\"ap-StoryElement ap-StoryElement--mb ap-StoryText\">Le ministre f\u00e9d\u00e9ral de l&rsquo;Emploi et de l&rsquo;\u00c9conomie, David Clarinval (MR), a annonc\u00e9 pour sa part travailler avec les pays voisins de la Belgique afin de mettre en \u0153uvre une taxe commune de deux euros par colis import\u00e9 depuis l&rsquo;ext\u00e9rieur de l&rsquo;Europe.<\/p>\n<p class=\"ap-StoryElement ap-StoryElement--mb ap-StoryText\"><b>Deux euros, un montant bien trop faible, selon vous <\/b><\/p>\n<p class=\"text-left ap-StoryElement ap-StoryElement--mb ap-StoryText\">Et vous, qu&rsquo;en pensez-vous ? Voyez-vous d&rsquo;un bon \u0153il ce projet de nouvelle taxe ? Nous vous avons pos\u00e9 la question sur <a href=\"https:\/\/www.lalibre.be\/debats\/2025\/10\/07\/faut-il-instaurer-une-taxe-de-2-euros-sur-les-petits-colis-provenant-de-lexterieur-de-lunion-europeenne-JVVPIN2S6FFDRJTPWCI56IJVGI\/\" target=\"_self\" rel=\"noopener\">Lalibre.be<\/a>. Il en ressort que pr\u00e8s de 90 % des r\u00e9pondants y sont favorables. Pour justifier votre r\u00e9ponse, vous avancez divers arguments : lutter contre la concurrence d\u00e9loyale, prot\u00e9ger nos producteurs locaux, \u00ab\u00a0faire mal \u00e0 la Chine\u00a0\u00bb (sic), freiner les petits achats compulsifs sur le Net, contenir la pollution environnementale que g\u00e9n\u00e8re la fast fashion ou encore renflouer les caisses de l&rsquo;\u00c9tat belge.<\/p>\n<p class=\"text-left ap-StoryElement ap-StoryElement--mb ap-StoryText\">Par ailleurs, vous regrettez le montant de deux euros de cette taxe, trop faible \u00e0 votre estime, dans la mesure o\u00f9 elle n&rsquo;aurait probablement pas d&rsquo;effet dissuasif. \u00ab\u00a0Le montant de cette taxe devrait osciller entre 2 et 10 euros selon le type de marchandise et la fragilit\u00e9 du secteur au sein de l&rsquo;Union europ\u00e9enne\u00a0\u00bb, sugg\u00e8re Fr\u00e9d\u00e9ric. Georges, pour sa part, propose le raisonnement suivant : \u00ab\u00a0Si les paquets vont de 50 \u00e0 150 euros, cela fait une valeur moyenne de 100 euros. Donc 2 euros = 2 % de taxe d&rsquo;import. C&rsquo;est fort peu. Pourquoi pas une taxe de 5 euros ?\u00a0\u00bb<\/p>\n<p class=\"text-left ap-StoryElement ap-StoryElement--mb ap-StoryText\">Peut-on seulement d\u00e9terminer une valeur pivot \u00e0 partir de laquelle cette taxe d\u00e9ploierait assur\u00e9ment ses effets ? \u00ab\u00a0Non, r\u00e9plique l&rsquo;\u00e9conomiste \u00c9tienne de Callata\u00ff. \u00c0 dire vrai, je pense qu&rsquo;un pivot sera tr\u00e8s difficile, cela d\u00e9pend d&rsquo;une personne \u00e0 l&rsquo;autre, et aussi de la valeur du bien concern\u00e9. Une taxe de 10 euros peut dissuader d&rsquo;acheter un T-shirt \u00e0 8 euros, mais pas un manteau \u00e0 100 euros. Une taxe \u00e0 2 euros n&rsquo;aura, pour dire, pas d&rsquo;effet dissuasif. \u00c0 titre de comparaison, la taxe d&#8217;embarquement dans les a\u00e9roports n&rsquo;a pas frein\u00e9 les d\u00e9parts en avion\u2026\u00a0\u00bb<\/p>\n<p class=\"ap-StoryElement ap-StoryElement--mb ap-StoryText\"><b>Une mesure \u00e0 concerter au niveau europ\u00e9en<\/b><\/p>\n<p class=\"ap-StoryElement ap-StoryElement--mb ap-StoryText\">\u00c0 ce propos, on peut l\u00e9gitimement se demander quelles cons\u00e9quences \u00e9conomiques ce projet de taxation des petits colis import\u00e9s hors UE en Belgique aurait sur Liege Airport, leader europ\u00e9en de fret a\u00e9rien en mati\u00e8re d&rsquo;e-commerce. D&rsquo;apr\u00e8s les projections fournies par l&rsquo;a\u00e9roport, ce secteur devrait repr\u00e9senter pour lui, en 2025, 1 milliard 400 millions de d\u00e9clarations en douane, soit 30 % \u00e0 35 % du march\u00e9 UE, avec des produits venant principalement de Chine.<\/p>\n<p class=\"text-left ap-StoryElement ap-StoryElement--mb ap-StoryText\">De quoi le laisser plus que dubitatif face au projet gouvernemental de nouvelle taxe : \u00ab\u00a0Imposer unilat\u00e9ralement une taxe de 2 euros par colis, uniquement en Belgique, rendrait notre pays moins comp\u00e9titif face \u00e0 ses voisins directs et verrait les flux logistiques e-commerce se d\u00e9tourner vers des hubs a\u00e9riens concurrents de Liege Airport comme Francfort, Cologne, Luxembourg, Amsterdam ou encore Paris-Charles de Gaulle\u00a0\u00bb, r\u00e9agit-on dans les rangs de Liege Airport. Et d&rsquo;insister : \u00ab\u00a0Si l&rsquo;objectif est de mieux r\u00e9guler le secteur, il faut le faire au niveau europ\u00e9en, dans le cadre d&rsquo;une r\u00e9forme concert\u00e9e.\u00a0\u00bb<\/p>\n<p><a href=\"https:\/\/www.lalibre.be\/debats\/entretiens\/2025\/09\/25\/la-surveillance-de-masse-va-t-elle-bientot-tous-nous-terrasser-ICXEHO2S2VFZHGMBODCH4CKW6Q\/\" target=\"_blank\" rel=\"noopener noreferrer\" class=\"ap-StoryInterstitialLink ap-StoryElement ap-StoryElement--mb\">La surveillance de masse va-t-elle bient\u00f4t tous nous terrasser ?<\/a><\/p>\n<p class=\"text-left ap-StoryElement ap-StoryElement--mb ap-StoryText\">Interrog\u00e9e sur l&rsquo;impact qu&rsquo;une telle taxe pourrait avoir sur son chiffre d&rsquo;affaires, la boutique en ligne chinoise Temu n&rsquo;a pas souhait\u00e9 faire de commentaire, se limitant \u00e0 rappeler qu&rsquo;elle \u00ab\u00a0se conforme bien entendu \u00e0 toutes les lois et r\u00e9glementations applicables\u00a0\u00bb.<\/p>\n<p class=\"text-left ap-StoryElement ap-StoryElement--mb ap-StoryText\">Enfin, concernant la philosophie m\u00eame de cette taxe, l&rsquo;\u00e9conomiste \u00c9tienne de Callata\u00ff la salue et s&rsquo;en explique\u200a: \u00ab\u00a0Outre le co\u00fbt environnemental et social li\u00e9 \u00e0 la production de ces colis et \u00e0 leur transport, il y a le co\u00fbt des services douaniers. En ne faisant pas payer les services de douane par les personnes qui les rendent n\u00e9cessaires mais par toute la collectivit\u00e9, on d\u00e9tourne des moyens budg\u00e9taires qui auraient pu avoir, eux, une vraie utilit\u00e9 sociale, par exemple en mati\u00e8re de sant\u00e9 publique. Ne pr\u00e9f\u00e8re-t-on pas taxer les colis et ne pas devoir couper dans les plans &lsquo;grand froid&rsquo; que laisser les colis non tax\u00e9s et pratiquer de telles coupes\u200a? Poser la question est y r\u00e9pondre\u00a0\u00bb, conclut-il.<\/p>\n<p class=\"text-left ap-StoryElement ap-StoryElement--mb ap-StoryText\"><b>Vos t\u00e9moignages<\/b><\/p>\n<p class=\"text-left ap-StoryElement ap-StoryElement--mb ap-StoryText\">Jean-Pierre :<\/p>\n<p class=\"text-left ap-StoryElement ap-StoryElement--mb ap-StoryText\">\u00ab\u00a0Oui, cette redevance devrait freiner les petits achats compulsifs r\u00e9alis\u00e9s sur Temu ou Shein ainsi que lafast fashion. Ce sont des manifestations d&rsquo;une hyperconsommation, induite de l&rsquo;ext\u00e9rieur, qui mettent en difficult\u00e9 les producteurs et commer\u00e7ants europ\u00e9ens. Par ailleurs, cela pollue encore plus notre environnement avec des v\u00eatements que l&rsquo;on met deux, trois mois, puis que l&rsquo;on jette.\u00a0\u00bb <\/p>\n<p class=\"text-left ap-StoryElement ap-StoryElement--mb ap-StoryText\">John :<\/p>\n<p class=\"text-left ap-StoryElement ap-StoryElement--mb ap-StoryText\">\u00ab\u00a0Je pense qu&rsquo;il faut \u00eatre plus r\u00e9aliste avec la Chine et op\u00e9rer des \u00e9quilibrages nettement plus favorables \u00e0 l&rsquo;Europe. La Chine fait une concurrence d\u00e9loyale \u00e0 travers des syst\u00e8mes d\u00e9j\u00e0 connus et d\u00e9cri\u00e9s, mais nous ne faisons rien contre ces syst\u00e8mes. C&rsquo;est une aberration et un manque de r\u00e9activit\u00e9. Les dirigeants europ\u00e9ens sont incroyablement passifs.<\/p>\n<p class=\"text-left ap-StoryElement ap-StoryElement--mb ap-StoryText\">En fait, si on met des droits de douane suppl\u00e9mentaires de deux euros, ce n&rsquo;est pas la Chine qu&rsquo;on p\u00e9nalise mais le consommateur europ\u00e9en de deux euros en plus par article. Cela n&#8217;emp\u00eachera pas que de la camelote entre sur notre territoire, sans am\u00e9lioration de la qualit\u00e9 et des normes que la Chine ne respecte pas.<\/p>\n<p class=\"ap-StoryElement ap-StoryElement--mb ap-StoryText\">Par ailleurs, ces plantureux b\u00e9n\u00e9fices que la Chine fait, elle les consacre \u00e0 s&rsquo;armer et \u00e0 devenir un \u00e9tat belliqueux qui terrorise ses voisins comme les Philippines, etc. Sans parler de son aide de plus en plus officielle \u00e0 Moscou contre l&rsquo;Ukraine. Nous nous tirons une balle dans le pied.\u00a0\u00bb <\/p>\n<p class=\"ap-StoryElement ap-StoryElement--mb ap-StoryText\">Georges :<\/p>\n<p class=\"ap-StoryElement ap-StoryElement--mb ap-StoryText\">\u00ab\u00a0C&rsquo;est une bonne id\u00e9e qui a du sens \u00e9conomiquement (limitation du drop shipping et dumping), \u00e9cologiquement (en supposant qu&rsquo;il en d\u00e9coule un ralentissement des transports par avion). Par contre, elle doit s&rsquo;accompagner d&rsquo;un renforcement des contr\u00f4les. Car les valeurs d\u00e9clar\u00e9es sur les waybills sont faussement basses. C&rsquo;est une pratique courante chez Alibaba o\u00f9 je suis client.<\/p>\n<p class=\"ap-StoryElement ap-StoryElement--mb ap-StoryText\">Pour le reste, si les paquets vont de 50 \u00e0 150 euros, cela fait une valeur moyenne de 100 euros. Donc deux euros = 2 % de taxe d&rsquo;import. C&rsquo;est fort peu. Pourquoi pas une taxe de cinq euros ?\u00a0\u00bb <\/p>\n<p class=\"ap-StoryElement ap-StoryElement--mb ap-StoryText\">Anne-Fran\u00e7oise :<\/p>\n<p class=\"ap-StoryElement ap-StoryElement--mb ap-StoryText\">\u00ab\u00a0Oui, je suis tout \u00e0 fait favorable \u00e0 cette taxe. Mais deux euros, cela me semble beaucoup trop peu \u00e9tant donn\u00e9 ce qu&rsquo;il y a derri\u00e8re les co\u00fbts d\u00e9risoires des produits chinois (exploitation des travailleurs, qualit\u00e9, copie industrielle, sans compter la pollution li\u00e9e au transport, etc.). Faisons vivre le commerce belge et europ\u00e9en !\u00a0\u00bb <\/p>\n<p class=\"text-left ap-StoryElement ap-StoryElement--mb ap-StoryText\">Daniel :<\/p>\n<p class=\"ap-StoryElement ap-StoryElement--mb ap-StoryText\">\u00ab\u00a0Non, le protectionnisme est une politique \u00e9conomique d\u00e9pass\u00e9e qui conduit \u00e0 l&rsquo;appauvrissement de tous, ce que personne ne souhaite en dehors de Donald Trump. Les produits vis\u00e9s sont des produits \u00e0 bas prix, dont ceux qui les ach\u00e8tent savent \u2013 ou devraient savoir \u2013 qu&rsquo;ils ach\u00e8tent de la mauvaise qualit\u00e9 et n&rsquo;en auront que pour leur argent. Laissons-les poursuivre leur exp\u00e9rience, ils en reviendront assez vite.<\/p>\n<p class=\"ap-StoryElement ap-StoryElement--mb ap-StoryText\">En outre, les simulations d&rsquo;impact sur les finances publiques sont fortement exag\u00e9r\u00e9es d\u00e8s lors que deux euros sur des produits low cost ne sont pas une hausse marginale et que, comme \u00e0 chaque fois, le public s&rsquo;adaptera. Quand comprendra-t-on qu&rsquo;avec le niveau de taxation globale actuel dans notre pays, on est largement au-dessus du tol\u00e9rable, toutes formes confondues ? Sans m\u00eame parler de l&rsquo;usage laxiste qui est fait de nos imp\u00f4ts et taxes&#8230;\u00a0\u00bb <\/p>\n<p class=\"ap-StoryElement ap-StoryElement--mb ap-StoryText\">Marc :<\/p>\n<p class=\"text-left ap-StoryElement ap-StoryElement--mb ap-StoryText\">\u00ab\u00a0Deux euros, c&rsquo;est trop peu. Un minimum de 10 euros, c&rsquo;est mieux. Cependant, je pense que tout ce qui veut rentrer en Europe devrait \u00eatre contr\u00f4l\u00e9 par la douane. Or, celle-ci n&rsquo;arrive \u00e0 contr\u00f4ler qu&rsquo;un tr\u00e8s faible pourcentage des colis qui arrivent sur son territoire.<\/p>\n<p class=\"ap-StoryElement ap-StoryElement--mb ap-StoryText\">Le plus simple, selon moi, est de ne laisser entrer que ce qui a \u00e9t\u00e9 effectivement contr\u00f4l\u00e9 par la douane tandis que le reste \u2013 la majorit\u00e9 \u2013 sera trait\u00e9 le lendemain. Une longue file d&rsquo;attente va ainsi s&rsquo;accumuler jour apr\u00e8s jour, mois apr\u00e8s mois, dans les entrep\u00f4ts, les camions et les bateaux, une file d&rsquo;attente qui va finir par exasp\u00e9rer ceux qui attendent depuis longtemps leur commande, exasp\u00e9rer aussi les transporteurs et finalement tout bloquer. C&rsquo;est ce que je souhaite.\u00a0\u00bb<\/p>\n<p class=\"ap-StoryElement ap-StoryElement--mb ap-StoryText\">Cathy :<\/p>\n<p class=\"ap-StoryElement ap-StoryElement--mb ap-StoryText\">\u00ab\u00a0Oui, il faut taxer les petits colis qui proviennent de l&rsquo;ext\u00e9rieur de l&rsquo;UE. Qu&rsquo;est-ce que cela va apporter ? Plus d&rsquo;argent dans les caisses de l&rsquo;\u00c9tat belge qui en a grandement besoin. D&rsquo;autre part, cela va d\u00e9courager certains acheteurs compulsifs sur Internet : il y aura donc moins d&rsquo;achats insens\u00e9s \u00e0 la Chine et, peut-\u00eatre, plus d&rsquo;achats de produits europ\u00e9ens. Ou est-ce une utopie ? Je pense que 2 euros ne sont pas suffisants pour en d\u00e9courager certains\u200d\ufe0f.\u00a0\u00bb <\/p>\n<p class=\"ap-StoryElement ap-StoryElement--mb ap-StoryText\">Dominique :<\/p>\n<p class=\"text-left ap-StoryElement ap-StoryElement--mb ap-StoryText\">\u00ab\u00a0Ce montant de deux euros est ridicule. Ces achats sont d\u00e9vastateurs pour notre \u00e9conomie. En augmentant la taxe, le nombre de colis diminuera, ce qui permettrait automatiquement d&rsquo;augmenter le taux de contr\u00f4les par les services douaniers et, par cons\u00e9quent, de r\u00e9duire encore le nombre d&rsquo;achats.\u00a0\u00bb<\/p>\n<p class=\"text-left ap-StoryElement ap-StoryElement--mb ap-StoryText\"><b>Notre questionnaire en ligne<\/b><\/p>\n<p class=\"text-left ap-StoryElement ap-StoryElement--mb ap-StoryText\"><a href=\"https:\/\/www.lalibre.be\/debats\/2025\/10\/07\/faut-il-instaurer-une-taxe-de-2-euros-sur-les-petits-colis-provenant-de-lexterieur-de-lunion-europeenne-JVVPIN2S6FFDRJTPWCI56IJVGI\/\" target=\"_self\" rel=\"noopener\">Sur Lalibre.be<\/a>, nous vous avons pos\u00e9 les deux questions suivantes. Le gouvernement belge veut instaurer une taxe de 2 euros sur les colis (d&rsquo;une valeur de moins de 150 euros) exp\u00e9di\u00e9s depuis l&rsquo;ext\u00e9rieur de l&rsquo;Union europ\u00e9enne : est-ce une bonne ou une mauvaise id\u00e9e ? Selon vous, le montant de la taxe, 2 euros, est-il suffisant ? Vous \u00eates un peu plus de 900 \u00e0 avoir pris le temps d&rsquo;y r\u00e9pondre.<\/p>\n","protected":false},"excerpt":{"rendered":"C&rsquo;est la raison pour laquelle le gouvernement De Wever envisage d&rsquo;instaurer une taxe de 2 euros sur chaque&hellip;\n","protected":false},"author":2,"featured_media":454157,"comment_status":"","ping_status":"","sticky":false,"template":"","format":"standard","meta":{"footnotes":""},"categories":[1586],"tags":[11,37377,75,1777,674,1779,1011,27,12,5693,57745,25,11699,1778,364],"class_list":{"0":"post-454156","1":"post","2":"type-post","3":"status-publish","4":"format-standard","5":"has-post-thumbnail","7":"category-europe","8":"tag-actualites","9":"tag-david-clarinval","10":"tag-donald-trump","11":"tag-eu","12":"tag-europe","13":"tag-european-union","14":"tag-fr","15":"tag-france","16":"tag-news","17":"tag-promotions-amazon","18":"tag-province-du-luxembourg","19":"tag-republique-francaise","20":"tag-soldes-en-belgique","21":"tag-ue","22":"tag-union-europeenne"},"share_on_mastodon":{"url":"https:\/\/pubeurope.com\/@fr\/115353590473890093","error":""},"_links":{"self":[{"href":"https:\/\/www.europesays.com\/fr\/wp-json\/wp\/v2\/posts\/454156","targetHints":{"allow":["GET"]}}],"collection":[{"href":"https:\/\/www.europesays.com\/fr\/wp-json\/wp\/v2\/posts"}],"about":[{"href":"https:\/\/www.europesays.com\/fr\/wp-json\/wp\/v2\/types\/post"}],"author":[{"embeddable":true,"href":"https:\/\/www.europesays.com\/fr\/wp-json\/wp\/v2\/users\/2"}],"replies":[{"embeddable":true,"href":"https:\/\/www.europesays.com\/fr\/wp-json\/wp\/v2\/comments?post=454156"}],"version-history":[{"count":0,"href":"https:\/\/www.europesays.com\/fr\/wp-json\/wp\/v2\/posts\/454156\/revisions"}],"wp:featuredmedia":[{"embeddable":true,"href":"https:\/\/www.europesays.com\/fr\/wp-json\/wp\/v2\/media\/454157"}],"wp:attachment":[{"href":"https:\/\/www.europesays.com\/fr\/wp-json\/wp\/v2\/media?parent=454156"}],"wp:term":[{"taxonomy":"category","embeddable":true,"href":"https:\/\/www.europesays.com\/fr\/wp-json\/wp\/v2\/categories?post=454156"},{"taxonomy":"post_tag","embeddable":true,"href":"https:\/\/www.europesays.com\/fr\/wp-json\/wp\/v2\/tags?post=454156"}],"curies":[{"name":"wp","href":"https:\/\/api.w.org\/{rel}","templated":true}]}}