{"id":454167,"date":"2025-10-11T04:22:19","date_gmt":"2025-10-11T04:22:19","guid":{"rendered":"https:\/\/www.europesays.com\/fr\/454167\/"},"modified":"2025-10-11T04:22:19","modified_gmt":"2025-10-11T04:22:19","slug":"motogp-le-coup-dur-pour-enea-bastianini-la-rupture-dechirante-avec-son-chef-dequipe-soit-tu-restes-avec-moi-jusqua-la-fin-de-2026-soit-tu-pars-tout-de-suite","status":"publish","type":"post","link":"https:\/\/www.europesays.com\/fr\/454167\/","title":{"rendered":"MotoGP, le coup dur pour Enea Bastianini, la rupture d\u00e9chirante avec son chef d&rsquo;\u00e9quipe : \u00ab\u00a0soit tu restes avec moi jusqu&rsquo;\u00e0 la fin de 2026, soit tu pars tout de suite\u00a0\u00bb"},"content":{"rendered":"<p><strong>Paradoxe cruel pour Enea Bastianini : au moment o\u00f9 il<br \/>\nredressait enfin la barre chez Tech3, son chef d\u2019\u00e9quipe, Alberto<br \/>\nGiribuola, a pr\u00e9f\u00e9r\u00e9 plier bagage. Destination ? Pramac, pour<br \/>\ntravailler avec Toprak Razgatlioglu en 2026. Une d\u00e9cision qui a mis<br \/>\nle feu aux poudres chez KTM, Tech3\u2026 et dans la t\u00eate du pilote<br \/>\nitalien.<\/strong><\/p>\n<p>Il y a des s\u00e9parations qui laissent des traces. Celle entre<br \/>\n<strong>Enea Bastianini<\/strong> et <strong>Alberto<br \/>\nGiribuola<\/strong> en est une. Leur duo venait tout juste de<br \/>\nretrouver une forme de coh\u00e9sion, apr\u00e8s des mois de gal\u00e8res sur la<br \/>\nRC16. En Catalogne, Enea signait son premier podium avec<br \/>\n<strong>Tech3<\/strong>. Et pourtant, \u00e0 peine ce souffle retrouv\u00e9,<br \/>\nle couperet est tomb\u00e9.<\/p>\n<p>Difficile de faire plus clair. Selon <a href=\"https:\/\/www.gpone.com\/es\/2025\/10\/07\/motogp\/poncharal-la-marcha-de-giribuola-fue-dolorosa-para-bastianini.html?utm_source=dlvr.it&amp;utm_medium=twitter\" rel=\"nofollow noopener\" target=\"_blank\"><br \/>\nGPOne<\/a>, <strong>Bastianini<\/strong> aurait lanc\u00e9 un ultimatum \u00e0<br \/>\n<strong>Giribuola<\/strong> apr\u00e8s avoir appris son d\u00e9part vers<br \/>\n<strong>Pramac<\/strong> : \u00ab soit tu restes avec moi jusqu\u2019\u00e0 la<br \/>\nfin de 2026, soit tu pars tout de suite. \u00bb<\/p>\n<p>Le chef d\u2019\u00e9quipe n\u2019a pas eu \u00e0 r\u00e9fl\u00e9chir longtemps. Moins de deux<br \/>\nsemaines plus tard, il n\u2019\u00e9tait plus dans le box<br \/>\n<strong>Tech3<\/strong>. Le pilote italien, lui, se retrouvait<br \/>\norphelin de l\u2019homme qui l\u2019avait accompagn\u00e9 lors de sa premi\u00e8re<br \/>\nmont\u00e9e en MotoGP. Un second divorce, apr\u00e8s une premi\u00e8re s\u00e9paration<br \/>\n\u00e0 la fin de la saison 2023, d\u00e9j\u00e0 charg\u00e9e en regrets.<\/p>\n<p>La saison 2025 de <strong>Bastianini<\/strong> \u00e9tait jusque-l\u00e0 en<br \/>\ndemi-teinte. L\u2019ancien pilote usine <strong>Ducati<\/strong> peinait<br \/>\n\u00e0 trouver sa place dans le projet <strong>KTM<\/strong>, au point<br \/>\nque certaines rumeurs le disaient pr\u00eat \u00e0 casser son contrat \u00e0<br \/>\nmi-saison. Puis, il y a eu l\u2019Autriche (5e), la Catalogne (podium),<br \/>\nBrno (chute alors qu\u2019il visait le top 3) et une sensation de<br \/>\nrenouveau.<\/p>\n<p><img decoding=\"async\" class=\"aligncenter\" src=\"https:\/\/www.europesays.com\/fr\/wp-content\/uploads\/2025\/10\/2025-Herv-Poncharal-Team-Principal-xx-1024x683.jpg\" alt=\"Poncharal\"\/><\/p>\n<p><strong>Herv\u00e9 Poncharal\u00a0:<br \/>\n\u00ab\u00a0Enea Bastianini a \u00e9t\u00e9 d\u00e9\u00e7u par cette s\u00e9paration. C\u2019\u00e9tait<br \/>\ndouloureux pour lui\u00a0\u00bb<\/strong><\/p>\n<p><strong>Giribuola<\/strong> y \u00e9tait pour beaucoup. Comme le<br \/>\nrappelle <a href=\"https:\/\/www.paddock-gp.com\/motogp-herve-poncharal-emu-commente-la-vente-de-tech3-tout-le-monde-ma-serre-dans-ses-bras-on-sest-tous-salues-et-voila-cest-ma-famille\/\" rel=\"nofollow noopener\" target=\"_blank\"><br \/>\n<strong>Herv\u00e9 Poncharal<\/strong><\/a>, patron de Tech3 : \u00ab<br \/>\n<strong>Enea et Alberto se comprenaient<br \/>\nparfaitement<\/strong>. Ils formaient une \u00e9quipe bien<br \/>\ncoordonn\u00e9e. Je comprends pourquoi Enea a \u00e9t\u00e9 d\u00e9\u00e7u par cette<br \/>\ns\u00e9paration. C\u2019\u00e9tait douloureux pour lui. \u00bb<\/p>\n<p><strong>Poncharal<\/strong> ne cache pas son d\u00e9sarroi : \u00ab il<br \/>\nest impossible de reformer une telle alchimie en quelques jours. Il<br \/>\nn\u2019y avait aucun plan B. <strong>Cette s\u00e9paration a eu lieu presque<br \/>\ndu jour au lendemain<\/strong>. \u00bb<\/p>\n<p>Le d\u00e9part de <strong>Giribuola<\/strong> pour travailler avec<br \/>\n<a href=\"https:\/\/www.paddock-gp.com\/motogp-apres-laccord-de-bmw-la-date-cruciale-du-premier-test-de-toprak-razgatlioglu-avec-yamaha-est-fixee\/\" rel=\"nofollow noopener\" target=\"_blank\"><br \/>\n<strong>Razgatlioglu<\/strong><\/a> chez Pramac en 2026 ne surprend<br \/>\npersonne dans le paddock. Le Turc est l\u2019un des rookies les plus<br \/>\nattendus des prochaines ann\u00e9es, et un staff technique de haut<br \/>\nniveau se positionne d\u00e9j\u00e0 autour de lui.<\/p>\n<p>Mais pour <a href=\"https:\/\/www.paddock-gp.com\/motogp-ktm-demarre-son-moteur-850cc-la-revolution-2027-est-en-marche\/\" rel=\"nofollow noopener\" target=\"_blank\"><br \/>\n<strong>KTM<\/strong><\/a>, cette man\u0153uvre tombe au plus mauvais<br \/>\nmoment. Apr\u00e8s une premi\u00e8re moiti\u00e9 de saison laborieuse, la marque<br \/>\nautrichienne commen\u00e7ait enfin \u00e0 rivaliser avec les<br \/>\n<strong>Ducati<\/strong> sur certains circuits. La dynamique \u00e9tait<br \/>\nenclench\u00e9e.<\/p>\n<p>Ce que cette histoire r\u00e9v\u00e8le, c\u2019est aussi l\u2019importance capitale<br \/>\ndu lien humain et technique entre un pilote et son chef d\u2019\u00e9quipe.<br \/>\nDans un MotoGP o\u00f9 les motos se ressemblent de plus en plus, ce sont<br \/>\nles bin\u00f4mes strat\u00e9giques qui font la diff\u00e9rence.<\/p>\n<p><strong>Bastianini<\/strong>, avec <strong>Xavi Palacin<\/strong>,<br \/>\nentame une nouvelle (\u00e9ni\u00e8me ?) reconstruction, \u00e0 un moment<br \/>\ncharni\u00e8re. \u00c0 bient\u00f4t <strong>28<\/strong> ans, il joue plus qu\u2019une<br \/>\nsaison : il joue sa l\u00e9gitimit\u00e9 pour rester dans le projet<br \/>\n<strong>KTM<\/strong> \u00e0 long terme.<\/p>\n<p>Si la perte de <strong>Giribuola<\/strong> est une tuile \u00e0 court<br \/>\nterme, elle ne doit pas \u00eatre le pr\u00e9texte d\u2019un effondrement en 2026.<br \/>\n<strong>KTM<\/strong> a mis\u00e9 gros sur <strong>Bastianini<\/strong><br \/>\napr\u00e8s l\u2019avoir r\u00e9cup\u00e9r\u00e9 du giron <strong>Ducati<\/strong>. \u00c0 lui de<br \/>\nprouver qu\u2019il peut encore performer sans filet, sans mentor, et<br \/>\nsans excuse. La moto est en progr\u00e8s. Le mental est l\u00e0. Mais la<br \/>\npression, elle, est totale.<\/p>\n<p><img loading=\"lazy\" decoding=\"async\" class=\"aligncenter wp-image-1327767\" src=\"https:\/\/www.europesays.com\/fr\/wp-content\/uploads\/2025\/09\/Giribuola.jpg\" alt=\"Giribuola Enea Bastianini \" width=\"772\" height=\"426\"  \/><\/p>\n","protected":false},"excerpt":{"rendered":"Paradoxe cruel pour Enea Bastianini : au moment o\u00f9 il redressait enfin la barre chez Tech3, son chef&hellip;\n","protected":false},"author":2,"featured_media":454168,"comment_status":"","ping_status":"","sticky":false,"template":"","format":"standard","meta":{"footnotes":""},"categories":[1413],"tags":[1011,27,1457,1456,60],"class_list":{"0":"post-454167","1":"post","2":"type-post","3":"status-publish","4":"format-standard","5":"has-post-thumbnail","7":"category-moto","8":"tag-fr","9":"tag-france","10":"tag-moto","11":"tag-motocycle","12":"tag-sports"},"share_on_mastodon":{"url":"https:\/\/pubeurope.com\/@fr\/115353626406021601","error":""},"_links":{"self":[{"href":"https:\/\/www.europesays.com\/fr\/wp-json\/wp\/v2\/posts\/454167","targetHints":{"allow":["GET"]}}],"collection":[{"href":"https:\/\/www.europesays.com\/fr\/wp-json\/wp\/v2\/posts"}],"about":[{"href":"https:\/\/www.europesays.com\/fr\/wp-json\/wp\/v2\/types\/post"}],"author":[{"embeddable":true,"href":"https:\/\/www.europesays.com\/fr\/wp-json\/wp\/v2\/users\/2"}],"replies":[{"embeddable":true,"href":"https:\/\/www.europesays.com\/fr\/wp-json\/wp\/v2\/comments?post=454167"}],"version-history":[{"count":0,"href":"https:\/\/www.europesays.com\/fr\/wp-json\/wp\/v2\/posts\/454167\/revisions"}],"wp:featuredmedia":[{"embeddable":true,"href":"https:\/\/www.europesays.com\/fr\/wp-json\/wp\/v2\/media\/454168"}],"wp:attachment":[{"href":"https:\/\/www.europesays.com\/fr\/wp-json\/wp\/v2\/media?parent=454167"}],"wp:term":[{"taxonomy":"category","embeddable":true,"href":"https:\/\/www.europesays.com\/fr\/wp-json\/wp\/v2\/categories?post=454167"},{"taxonomy":"post_tag","embeddable":true,"href":"https:\/\/www.europesays.com\/fr\/wp-json\/wp\/v2\/tags?post=454167"}],"curies":[{"name":"wp","href":"https:\/\/api.w.org\/{rel}","templated":true}]}}