{"id":454169,"date":"2025-10-11T04:23:10","date_gmt":"2025-10-11T04:23:10","guid":{"rendered":"https:\/\/www.europesays.com\/fr\/454169\/"},"modified":"2025-10-11T04:23:10","modified_gmt":"2025-10-11T04:23:10","slug":"1976-le-terrible-accident-de-niki-lauda-qui-a-tant-marque-la-f1","status":"publish","type":"post","link":"https:\/\/www.europesays.com\/fr\/454169\/","title":{"rendered":"1976, le terrible accident de Niki Lauda qui a tant marqu\u00e9 la F1"},"content":{"rendered":"<p>Le 1er ao\u00fbt 1976, le monde de la Formule 1 a \u00e9t\u00e9 boulevers\u00e9 \u00e0 jamais lorsque Niki Lauda, l\u2019un des pilotes les plus titr\u00e9s de ce sport, a \u00e9t\u00e9 victime d\u2019un terrible accident lors du Grand Prix d\u2019Allemagne sur le circuit du N\u00fcrburgring. L\u2019accident, qui s\u2019est produit au deuxi\u00e8me tour de la course, a caus\u00e9 de graves br\u00fblures et des l\u00e9sions respiratoires \u00e0 Lauda, qui n\u2019avait aucune chance de survivre. Miraculeusement, il s\u2019en est sorti et a repris la comp\u00e9tition six semaines plus tard, inspirant des millions de personnes par sa r\u00e9silience et sa d\u00e9termination.<\/p>\n<p>Les \u00e9v\u00e9nements qui ont conduit \u00e0 l\u2019accident ont commenc\u00e9 plusieurs jours avant la course, lorsque Lauda et plusieurs autres pilotes ont protest\u00e9 contre les conditions de s\u00e9curit\u00e9 au N\u00fcrburgring, arguant que le circuit \u00e9tait trop dangereux et ne devait pas \u00eatre utilis\u00e9 pour le Grand Prix. Malgr\u00e9 leurs efforts, la course s\u2019est d\u00e9roul\u00e9e comme pr\u00e9vu, et Lauda, ainsi que 22 autres pilotes, ont pris le d\u00e9part.<\/p>\n<p>Quelques instants apr\u00e8s le d\u00e9part, le drame s\u2019est produit. Alors que Lauda n\u00e9gociait un virage, sa Ferrari 312T2 a soudainement d\u00e9vi\u00e9 de la piste et s\u2019est \u00e9cras\u00e9e dans un talus herbeux. Le choc a \u00e9t\u00e9 si violent que la voiture a pris feu, pi\u00e9geant Lauda \u00e0 l\u2019int\u00e9rieur. Des passants se sont pr\u00e9cipit\u00e9s sur les lieux, essayant d\u00e9sesp\u00e9r\u00e9ment de sortir Lauda de l\u2019\u00e9pave en feu, mais il \u00e9tait trop tard. Le feu avait d\u00e9j\u00e0 envahi la voiture et Lauda \u00e9tait gravement br\u00fbl\u00e9 \u00e0 la t\u00eate et au visage, ainsi qu\u2019aux mains et aux bras.<\/p>\n<p>Malgr\u00e9 la gravit\u00e9 de ses blessures, Lauda \u00e9tait conscient lorsqu\u2019il a \u00e9t\u00e9 sorti de la voiture et a pu quitter les lieux par ses propres moyens. Il a toutefois \u00e9t\u00e9 transport\u00e9 d\u2019urgence \u00e0 l\u2019h\u00f4pital, o\u00f9 il a \u00e9t\u00e9 plac\u00e9 dans un coma artificiel pour l\u2019aider \u00e0 se remettre des br\u00fblures et des l\u00e9sions respiratoires qu\u2019il avait subies.<\/p>\n<p>Au cours des semaines suivantes, Lauda a subi plusieurs interventions chirurgicales pour r\u00e9parer les dommages caus\u00e9s \u00e0 sa peau et \u00e0 ses poumons. Son r\u00e9tablissement a \u00e9t\u00e9 lent et difficile, mais il \u00e9tait d\u00e9termin\u00e9 \u00e0 reprendre la comp\u00e9tition d\u00e8s que possible. Six semaines seulement apr\u00e8s l\u2019accident, Lauda a fait son retour au Grand Prix d\u2019Italie, le visage lourdement band\u00e9 et \u00e9quip\u00e9 d\u2019une nouvelle paire de gants sp\u00e9cialement con\u00e7us pour prot\u00e9ger ses mains.<\/p>\n<p>Malgr\u00e9 ses blessures, Lauda a termin\u00e9 quatri\u00e8me de la course, prouvant au monde entier qu\u2019il \u00e9tait toujours un concurrent redoutable. Il a remport\u00e9 deux autres courses cette saison-l\u00e0, terminant l\u2019ann\u00e9e \u00e0 la troisi\u00e8me place du classement du championnat.<\/p>\n<p>L\u2019accident et le r\u00e9tablissement de Lauda sont devenus l\u2019un des moments les plus embl\u00e9matiques de l\u2019histoire de la Formule 1. Sa d\u00e9termination et sa r\u00e9silience face \u00e0 un revers aussi d\u00e9vastateur ont inspir\u00e9 des millions de personnes \u00e0 travers le monde et ont consolid\u00e9 sa r\u00e9putation comme l\u2019un des plus grands pilotes de tous les temps.<\/p>\n<p>L\u2019accident a \u00e9galement eu un impact durable sur les normes de s\u00e9curit\u00e9 en Formule 1. Apr\u00e8s l\u2019accident de Lauda, le circuit du N\u00fcrburgring a \u00e9t\u00e9 redessin\u00e9 pour le rendre plus s\u00fbr pour les pilotes, et de nouvelles r\u00e9glementations ont \u00e9t\u00e9 mises en place pour garantir que toutes les pistes r\u00e9pondent \u00e0 certaines normes de s\u00e9curit\u00e9. Aujourd\u2019hui, la Formule 1 est consid\u00e9r\u00e9e comme l\u2019une des s\u00e9ries de courses les plus s\u00fbres au monde, en partie gr\u00e2ce aux le\u00e7ons tir\u00e9es de l\u2019accident de Lauda.<\/p>\n<p>L\u2019h\u00e9ritage de Niki Lauda perdure encore aujourd\u2019hui, non seulement en tant que l\u2019un des plus grands pilotes de l\u2019histoire de la Formule 1, mais aussi en tant que symbole de r\u00e9silience et de d\u00e9termination. Son histoire inspirante restera \u00e0 jamais grav\u00e9e dans les m\u00e9moires comme un t\u00e9moignage de l\u2019esprit humain et de sa capacit\u00e9 \u00e0 surmonter les d\u00e9fis les plus difficiles.<\/p>\n","protected":false},"excerpt":{"rendered":"Le 1er ao\u00fbt 1976, le monde de la Formule 1 a \u00e9t\u00e9 boulevers\u00e9 \u00e0 jamais lorsque Niki Lauda,&hellip;\n","protected":false},"author":2,"featured_media":454170,"comment_status":"","ping_status":"","sticky":false,"template":"","format":"standard","meta":{"footnotes":"","_share_on_mastodon":"0"},"categories":[1412],"tags":[5080,5081,1451,5083,5084,5085,5086,5087,1452,1453,1454,1455,1011,27,5089,5090,57982,60,5091,3030],"class_list":["post-454169","post","type-post","status-publish","format-standard","has-post-thumbnail","category-f1","tag-actualites-f1","tag-actuf1","tag-f1","tag-f1-actu","tag-f1-direct","tag-f1-live","tag-f1-news","tag-f1news","tag-formula-1","tag-formula1","tag-formule-1","tag-formule1","tag-fr","tag-france","tag-news-f1","tag-newsf1","tag-niki-lauda","tag-sports","tag-tip","tag-top"],"share_on_mastodon":{"url":"https:\/\/pubeurope.com\/@fr\/115353629780529452","error":""},"_links":{"self":[{"href":"https:\/\/www.europesays.com\/fr\/wp-json\/wp\/v2\/posts\/454169","targetHints":{"allow":["GET"]}}],"collection":[{"href":"https:\/\/www.europesays.com\/fr\/wp-json\/wp\/v2\/posts"}],"about":[{"href":"https:\/\/www.europesays.com\/fr\/wp-json\/wp\/v2\/types\/post"}],"author":[{"embeddable":true,"href":"https:\/\/www.europesays.com\/fr\/wp-json\/wp\/v2\/users\/2"}],"replies":[{"embeddable":true,"href":"https:\/\/www.europesays.com\/fr\/wp-json\/wp\/v2\/comments?post=454169"}],"version-history":[{"count":0,"href":"https:\/\/www.europesays.com\/fr\/wp-json\/wp\/v2\/posts\/454169\/revisions"}],"wp:featuredmedia":[{"embeddable":true,"href":"https:\/\/www.europesays.com\/fr\/wp-json\/wp\/v2\/media\/454170"}],"wp:attachment":[{"href":"https:\/\/www.europesays.com\/fr\/wp-json\/wp\/v2\/media?parent=454169"}],"wp:term":[{"taxonomy":"category","embeddable":true,"href":"https:\/\/www.europesays.com\/fr\/wp-json\/wp\/v2\/categories?post=454169"},{"taxonomy":"post_tag","embeddable":true,"href":"https:\/\/www.europesays.com\/fr\/wp-json\/wp\/v2\/tags?post=454169"}],"curies":[{"name":"wp","href":"https:\/\/api.w.org\/{rel}","templated":true}]}}