{"id":45417,"date":"2025-04-23T01:54:15","date_gmt":"2025-04-23T01:54:15","guid":{"rendered":"https:\/\/www.europesays.com\/fr\/45417\/"},"modified":"2025-04-23T01:54:15","modified_gmt":"2025-04-23T01:54:15","slug":"les-dernieres-heures-sereines-du-pape-francois","status":"publish","type":"post","link":"https:\/\/www.europesays.com\/fr\/45417\/","title":{"rendered":"Les derni\u00e8res heures sereines du Pape Fran\u00e7ois"},"content":{"rendered":"<p>Au coeur des derni\u00e8res paroles prononc\u00e9es par le Souverain pontife, on note les remerciements adress\u00e9s \u00e0 l\u2019\u00e9quipe m\u00e9dicale ayant pris soin de lui, dont l\u2019infirmier Massimiliano Strappetti, son assistant m\u00e9dical personnel qui l\u2019a encourag\u00e9 \u00e0 faire le dernier tour dimanche en papamobile sur la place Saint-Pierre, apr\u00e8s l&rsquo;Urbi et Orbi. &#13;\n<\/p>\n<p><b>Salvatore Cernuzio &#8211; Cit\u00e9 du Vatican<\/b><\/p>\n<p>\u00abMerci de m&rsquo;avoir ramen\u00e9 sur la place\u00bb. Pronon\u00e7ant ses paroles, le Pape Fran\u00e7ois a remerci\u00e9 ceux qui, pendant sa p\u00e9riode de maladie, et bien avant, ont veill\u00e9 sur lui sans rel\u00e2che: Massimiliano Strappetti, l&rsquo;infirmier qui &#8211; comme il l&rsquo;a-t-il confi\u00e9 un jour &#8211; lui a sauv\u00e9 la vie en lui sugg\u00e9rant une op\u00e9ration du c\u00f4lon.<\/p>\n<p>\u00c0 ses c\u00f4t\u00e9s pendant les 38 jours de son hospitalisation au Gemelli, et les 24 heures sur 24 assur\u00e9s pendant sa convalescence \u00e0 la Maison Sainte Marthe, Massimiliano Strappetti \u00e9tait avec le Pape le dimanche de P\u00e2ques, lors de l&rsquo;Urbi et Orbi. La veille, ils s&rsquo;\u00e9taient rendus \u00e0 la basilique Saint-Pierre pour revoir \u00abl\u2019itin\u00e9raire\u00bb \u00e0 suivre pour le lendemain.<\/p>\n<p><b>La proximit\u00e9 avec la foule<\/b> <\/p>\n<p>Dimanche matin 20 avril, sur le balcon au c\u0153ur de la fa\u00e7ade de la basilique vaticane, alors qu\u2019il y avait d\u2019abord eu 35 000 fid\u00e8les, puis 50 000 ensuite, le Pape a voulu faire une derni\u00e8re surprise significative, en se rendant sur la place Saint-Pierre pour un tour en papamobile. \u00abCrois-tu que je peux le faire?\u00bb a-t-il demand\u00e9 \u00e0 l\u2019infirmier qui l\u2019a rassur\u00e9. Le Pape s\u2019est ensuite mis \u00e0 saluer la foule et en particulier les enfants: ce fut le premier apr\u00e8s sa sortie de l\u2019h\u00f4pital Gemelli, et le dernier de sa vie.<\/p>\n<p>      <a href=\"https:\/\/www.vaticannews.va\/fr\/pape\/news\/2025-04\/urbi-et-orbi-paques-pape-francois-guerre-paix-terre-sainte-foi.html\" title=\"Urbi et Orbi: recommen\u00e7ons \u00e0 esp\u00e9rer que la paix est possible\" target=\"_blank\" rel=\"noopener\"><\/p>\n<p>         <img decoding=\"async\" src=\"data:image\/gif;base64,R0lGODlhAQABAIAAAAAAAP\/\/\/yH5BAEAAAAALAAAAAABAAEAAAIBRAA7\" data-original=\"https:\/\/www.vaticannews.va\/content\/dam\/vaticannews\/agenzie\/images\/srv\/2025\/04\/20\/2025-04-20-santa-messa-di-pasqua-seconda-parte-e-benedizione-urb\/1745145161962.jpg\/_jcr_content\/renditions\/cq5dam.thumbnail.cropped.500.281.jpeg\" alt=\"Urbi et Orbi: recommen\u00e7ons \u00e0 esp\u00e9rer que la paix est possible\"\/><\/p>\n<p>       <\/a><\/p>\n<p>\n       Le Pape est apparu \u00e0 la loggia centrale de la basilique Saint-Pierre peu apr\u00e8s 12h00, souhaitant de vive voix de bonnes P\u00e2ques \u00e0 tous et d\u00e9l\u00e9guant la lecture de son message Urbi et &#8230;\n      <\/p>\n<p>Fatigu\u00e9 mais heureux, Fran\u00e7ois a remerci\u00e9 son assistant m\u00e9dical personnel: \u00abMerci de m&rsquo;avoir ramen\u00e9 sur la place\u00bb. Des mots qui r\u00e9v\u00e8lent la n\u00e9cessit\u00e9 pour le Pontife argentin &#8211; qui a fait du contact humain direct la marque de son pontificat &#8211; de revenir au milieu des gens.<\/p>\n<p><b>Les derni\u00e8res heures<\/b> <\/p>\n<p>Dans l&rsquo;apr\u00e8s-midi, le Pape Fran\u00e7ois s&rsquo;est ensuite repos\u00e9 et a pris tranquillement son d\u00eener. Vers 5h30 du matin, les premiers signes d&rsquo;un malaise sont apparus, avec l&rsquo;intervention rapide de ceux qui veillaient sur lui.\u00a0Plus d&rsquo;une heure plus tard, apr\u00e8s avoir salu\u00e9 l\u2019infirmier Massimiliano \u00a0Strappetti, allong\u00e9 sur le lit de son appartement au deuxi\u00e8me \u00e9tage de la Maison Sainte Marthe, le Souverain pontife est tomb\u00e9 dans le coma. Il n&rsquo;a pas souffert, tout s&rsquo;est pass\u00e9 rapidement, racontent ceux qui \u00e9taient \u00e0 ses c\u00f4t\u00e9s, durant ces derniers instants.<\/p>\n<p>Une mort discr\u00e8te, presque soudaine, sans longues attentes et sans trop de bruits pour un Pape qui avait toujours gard\u00e9 tr\u00e8s secret son \u00e9tat de sant\u00e9. Une mort survenue le lendemain de P\u00e2ques, le lendemain du jour o\u00f9 il avait b\u00e9ni la ville et le monde, le lendemain du jour o\u00f9 il avait \u00e0 nouveau, apr\u00e8s une longue p\u00e9riode, embrass\u00e9 le peuple. Celui \u00e0 qui, d\u00e8s les premiers instants de son \u00e9lection, le 13 mars 2013, il avait promis un chemin \u00e0 faire \u00abensemble\u00bb.<\/p>\n<p>     <a href=\"https:\/\/www.vaticannews.va\/fr\/pape\/news\/2025-04\/pape-funerailles-depouille-obseques-messe-saint-pierre-vatican.html\" title=\"Les fun\u00e9railles du Pape Fran\u00e7ois auront lieu samedi 26 avril \" target=\"_blank\" rel=\"noopener\"><\/p>\n<p>        <img decoding=\"async\" src=\"data:image\/gif;base64,R0lGODlhAQABAIAAAAAAAP\/\/\/yH5BAEAAAAALAAAAAABAAEAAAIBRAA7\" data-original=\"https:\/\/www.vaticannews.va\/content\/dam\/vaticannews\/agenzie\/images\/srv\/2025\/04\/22\/2025-04-21-card--kevin-joseph-farrell---rito-della-constatazione\/1745305373579.jpg\/_jcr_content\/renditions\/cq5dam.thumbnail.cropped.500.281.jpeg\" alt=\"Les fun\u00e9railles du Pape Fran\u00e7ois auront lieu samedi 26 avril \"\/><\/p>\n<p>      <\/a><\/p>\n<p>\n      \u00c0 10 heures, la messe d&rsquo;obs\u00e8ques du Souverain pontife sera c\u00e9l\u00e9br\u00e9e sur le parvis de la basilique, conform\u00e9ment \u00e0 l&rsquo;Ordo Exsequiarum Romani Pontificis. La liturgie sera pr\u00e9sid\u00e9e &#8230;\n     <\/p>\n","protected":false},"excerpt":{"rendered":"Au coeur des derni\u00e8res paroles prononc\u00e9es par le Souverain pontife, on note les remerciements adress\u00e9s \u00e0 l\u2019\u00e9quipe m\u00e9dicale&hellip;\n","protected":false},"author":2,"featured_media":45418,"comment_status":"","ping_status":"","sticky":false,"template":"","format":"standard","meta":{"footnotes":""},"categories":[2],"tags":[11,13423,8305,1011,27,12,4692,25,13425,13426,13424],"class_list":{"0":"post-45417","1":"post","2":"type-post","3":"status-publish","4":"format-standard","5":"has-post-thumbnail","7":"category-actualites","8":"tag-actualites","9":"tag-basilica-di-san-pietro","10":"tag-eglise-catholique","11":"tag-fr","12":"tag-france","13":"tag-news","14":"tag-pape-francois","15":"tag-republique-francaise","16":"tag-saint-siege","17":"tag-sede-vacante","18":"tag-urbi-et-orbi"},"share_on_mastodon":{"url":"https:\/\/pubeurope.com\/@fr\/114384788890128538","error":""},"_links":{"self":[{"href":"https:\/\/www.europesays.com\/fr\/wp-json\/wp\/v2\/posts\/45417","targetHints":{"allow":["GET"]}}],"collection":[{"href":"https:\/\/www.europesays.com\/fr\/wp-json\/wp\/v2\/posts"}],"about":[{"href":"https:\/\/www.europesays.com\/fr\/wp-json\/wp\/v2\/types\/post"}],"author":[{"embeddable":true,"href":"https:\/\/www.europesays.com\/fr\/wp-json\/wp\/v2\/users\/2"}],"replies":[{"embeddable":true,"href":"https:\/\/www.europesays.com\/fr\/wp-json\/wp\/v2\/comments?post=45417"}],"version-history":[{"count":0,"href":"https:\/\/www.europesays.com\/fr\/wp-json\/wp\/v2\/posts\/45417\/revisions"}],"wp:featuredmedia":[{"embeddable":true,"href":"https:\/\/www.europesays.com\/fr\/wp-json\/wp\/v2\/media\/45418"}],"wp:attachment":[{"href":"https:\/\/www.europesays.com\/fr\/wp-json\/wp\/v2\/media?parent=45417"}],"wp:term":[{"taxonomy":"category","embeddable":true,"href":"https:\/\/www.europesays.com\/fr\/wp-json\/wp\/v2\/categories?post=45417"},{"taxonomy":"post_tag","embeddable":true,"href":"https:\/\/www.europesays.com\/fr\/wp-json\/wp\/v2\/tags?post=45417"}],"curies":[{"name":"wp","href":"https:\/\/api.w.org\/{rel}","templated":true}]}}