{"id":454173,"date":"2025-10-11T04:25:15","date_gmt":"2025-10-11T04:25:15","guid":{"rendered":"https:\/\/www.europesays.com\/fr\/454173\/"},"modified":"2025-10-11T04:25:15","modified_gmt":"2025-10-11T04:25:15","slug":"les-notes-des-bleus-apres-france-azerbaidjan","status":"publish","type":"post","link":"https:\/\/www.europesays.com\/fr\/454173\/","title":{"rendered":"les notes des Bleus apr\u00e8s France-Azerba\u00efdjan"},"content":{"rendered":"<p>L&rsquo;\u00e9quipe de France s&rsquo;est impos\u00e9e face \u00e0 l&rsquo;Azerba\u00efdjan (3-0) ce vendredi soir au Parc des Princes, dans le cadre des \u00e9liminatoires de la Coupe du monde 2026.<\/p>\n<p>Mike Maignan: 5<\/p>\n<p>Une soir\u00e9e tr\u00e8s calme pendant laquelle il n\u2019a pas commis la moindre erreur.<\/p>\n<p>Malo Gusto: 5<\/p>\n<p>Peu mis en difficult\u00e9 sur son c\u00f4t\u00e9 droit, il s\u2019est m\u00eame montr\u00e9 dangereux dans la surface de r\u00e9paration. Prestation correcte dans l\u2019ensemble pour le joueur de Chelsea.<\/p>\n<p>William Saliba: 5<\/p>\n<p>Le <a href=\"https:\/\/rmcsport.bfmtv.com\/football\/equipe-de-france\/avec-plaisir-pour-la-revanche-saliba-lance-les-hostilites-avec-l-argentine-avant-la-coupe-du-monde-2026_AV-202510080533.html\" title=\"&quot;Avec plaisir pour la revanche&quot;: Saliba lance les hostilit\u00e9s avec l&#039;Argentine avant la Coupe du monde 2026\" class=\"internal_link\" rel=\"nofollow noopener\" target=\"_blank\">d\u00e9fenseur central<\/a> n\u2019a pas commis la moindre erreur pendant cette soir\u00e9e. Il a en revanche eu du mal \u00e0 mettre du rythme dans ses relances.<\/p>\n<p>Dayot Upamecano: 6<\/p>\n<p>D\u2019une s\u00e9r\u00e9nit\u00e9 \u00e0 toute \u00e9preuve, il a souvent demand\u00e9 \u00e0 ses co\u00e9quipiers d\u2019insister. Tr\u00e8s solide ce soir au Parc des Princes.<\/p>\n<p>Th\u00e9o Hernandez: 4<\/p>\n<p>Il a multipli\u00e9 les d\u00e9bordements sur son c\u00f4t\u00e9 gauche avec peu de succ\u00e8s. En manque d\u2019inspiration globalement sur l\u2019ensemble de la rencontre.<\/p>\n<p>Kh\u00e9pren Thuram: 4<\/p>\n<p>Bien trop discret en premi\u00e8re mi-temps, il a trop souvent jou\u00e9 en arri\u00e8re. Thuram s\u2019est montr\u00e9 un plus dangereux en deuxi\u00e8me p\u00e9riode.<\/p>\n<p>Adrien Rabiot: 6<\/p>\n<p>Le joueur de l&rsquo;AC Milan ne s\u2019est pas laiss\u00e9 perturber par les quelques sifflets du Parc des Princes. Tr\u00e8s juste techniquement, il a lui aussi eu du mal \u00e0 casser les lignes avant d\u2019\u00eatre buteur \u00e0 la 69e minute.<\/p>\n<p>Kingsley Coman: 4<\/p>\n<p>En difficult\u00e9 tout au long du match m\u00eame s\u2019il a multipli\u00e9 les dribbles et les acc\u00e9l\u00e9rations dans son couloir.<\/p>\n<p>Michael Olise: 4<\/p>\n<p>A tent\u00e9 de mettre un maximum de rythme dans le c\u0153ur du jeu, mais il s\u2019est aussi montr\u00e9 en difficult\u00e9 dans les duels. Rencontre difficile pour le joueur du <a href=\"https:\/\/rmcsport.bfmtv.com\/football\/bayern-de-munich_DN-201307180413.html\" title=\"Bayern Munich\" class=\"internal_link\" rel=\"nofollow noopener\" target=\"_blank\">Bayern Munich<\/a>.<\/p>\n<p>Hugo Ekitike: 6<\/p>\n<p>Des difficult\u00e9s \u00e0 se montrer en d\u00e9but de match, mais Ekitike a su se muer en passeur d\u00e9cisif sur le but de Mbapp\u00e9. Bien plus entreprenant en deuxi\u00e8me p\u00e9riode.<\/p>\n<p>Kylian Mbapp\u00e9: 7<\/p>\n<p>Plut\u00f4t en jambes en premi\u00e8re mi-temps, il a sorti les Bleus de l\u2019impasse en ouvrant le score juste avant la pause avant d\u2019\u00eatre passeur d\u00e9cisif pour Rabiot. Il sort visiblement sur blessure en fin de match.<\/p>\n<p>Didier Deschamps: 5<\/p>\n<p>Son 4-4-2 n\u2019aura pas vraiment convaincu en premi\u00e8re mi-temps, avec un manque de rythme criant en premi\u00e8re mi-temps. Quelques am\u00e9liorations dans le c\u0153ur du jeu en deuxi\u00e8me mi-temps.<\/p>\n<p>La cellule \u00e9quipe de France de RMC Sport<\/p>\n","protected":false},"excerpt":{"rendered":"L&rsquo;\u00e9quipe de France s&rsquo;est impos\u00e9e face \u00e0 l&rsquo;Azerba\u00efdjan (3-0) ce vendredi soir au Parc des Princes, dans le&hellip;\n","protected":false},"author":2,"featured_media":454174,"comment_status":"","ping_status":"","sticky":false,"template":"","format":"standard","meta":{"footnotes":""},"categories":[1410],"tags":[63,1011,27,60],"class_list":{"0":"post-454173","1":"post","2":"type-post","3":"status-publish","4":"format-standard","5":"has-post-thumbnail","7":"category-football","8":"tag-football","9":"tag-fr","10":"tag-france","11":"tag-sports"},"share_on_mastodon":{"url":"https:\/\/pubeurope.com\/@fr\/115353637629398929","error":""},"_links":{"self":[{"href":"https:\/\/www.europesays.com\/fr\/wp-json\/wp\/v2\/posts\/454173","targetHints":{"allow":["GET"]}}],"collection":[{"href":"https:\/\/www.europesays.com\/fr\/wp-json\/wp\/v2\/posts"}],"about":[{"href":"https:\/\/www.europesays.com\/fr\/wp-json\/wp\/v2\/types\/post"}],"author":[{"embeddable":true,"href":"https:\/\/www.europesays.com\/fr\/wp-json\/wp\/v2\/users\/2"}],"replies":[{"embeddable":true,"href":"https:\/\/www.europesays.com\/fr\/wp-json\/wp\/v2\/comments?post=454173"}],"version-history":[{"count":0,"href":"https:\/\/www.europesays.com\/fr\/wp-json\/wp\/v2\/posts\/454173\/revisions"}],"wp:featuredmedia":[{"embeddable":true,"href":"https:\/\/www.europesays.com\/fr\/wp-json\/wp\/v2\/media\/454174"}],"wp:attachment":[{"href":"https:\/\/www.europesays.com\/fr\/wp-json\/wp\/v2\/media?parent=454173"}],"wp:term":[{"taxonomy":"category","embeddable":true,"href":"https:\/\/www.europesays.com\/fr\/wp-json\/wp\/v2\/categories?post=454173"},{"taxonomy":"post_tag","embeddable":true,"href":"https:\/\/www.europesays.com\/fr\/wp-json\/wp\/v2\/tags?post=454173"}],"curies":[{"name":"wp","href":"https:\/\/api.w.org\/{rel}","templated":true}]}}