{"id":454175,"date":"2025-10-11T04:26:12","date_gmt":"2025-10-11T04:26:12","guid":{"rendered":"https:\/\/www.europesays.com\/fr\/454175\/"},"modified":"2025-10-11T04:26:12","modified_gmt":"2025-10-11T04:26:12","slug":"bernard-giraudeau-le-pere-des-enfants-danny-duperey","status":"publish","type":"post","link":"https:\/\/www.europesays.com\/fr\/454175\/","title":{"rendered":"Bernard Giraudeau, le p\u00e8re des enfants d&rsquo;Anny Duperey"},"content":{"rendered":"<p>            <a href=\"https:\/\/www.linternaute.com\/television\/stars\/1464960-ses-drames-son-bonheur-dans-l-intimite-d-anny-duperey-bis\/1465032-anny-duperey-a-fait-de-la-chirurgie-esthetique\" class=\"app_button_nav_prev jMiddlePreviousButton\" rel=\"nofollow noopener\" target=\"_blank\"><\/a><a href=\"https:\/\/www.linternaute.com\/television\/stars\/1464960-ses-drames-son-bonheur-dans-l-intimite-d-anny-duperey-bis\/1465023-la-relation-d-anny-duperey-avec-cris-campion-l-a-consolee\" class=\"app_button_nav_next jMiddleNextButton\" rel=\"nofollow noopener\" target=\"_blank\"><\/a><\/p>\n<p>                <img loading=\"lazy\" decoding=\"async\" src=\"https:\/\/www.europesays.com\/fr\/wp-content\/uploads\/2025\/10\/10812217.jpg\" alt=\"\" width=\"250\" height=\"375\"\/><br \/>\n            <a href=\"https:\/\/img-4.linternaute.com\/-z-a3dCSDASN9nzgkhkn0gkC3OA=\/1200x\/smart\/7532ddf210b940ecacd0e948046cd39e\/ccmcms-linternaute\/10812217.jpg\" class=\"fancy app_btn_1 app_btn--ico\" rel=\"nofollow noopener\" target=\"_blank\"><\/a> \u00a9\u00a0BENAROCH\/SIPA    <\/p>\n<p>En couple avec Bernard Giraudeau pendant 18\u00a0ans, elle a d&rsquo;abord fait sa connaissance \u00e0 New-York avant de quitter l&rsquo;acteur en 1991. Durant leur relation, ils ont donn\u00e9 naissance \u00e0 Ga\u00ebl en 1982\u00a0et Sara en 1985. <strong>\u00ab\u00a0Il a \u00e9t\u00e9 un partenaire, un complice, un alter ego<\/strong>. Il m&rsquo;a pouss\u00e9 \u00e0 faire des enfants et je ne l&rsquo;en remercierai jamais assez\u00a0\u00bb raconte-t-elle dans Gala. Mais la com\u00e9dienne a aussi plusieurs fois fait l&rsquo;impasse sur les infid\u00e9lit\u00e9s de son ancien compagnon disparu en 2010. \u00ab\u00a0Je ne voulais pas voir, et si je savais, je m&rsquo;en d\u00e9tournais, me disant que ce qu&rsquo;il faisait avec une autre ne me regardait pas.\u00a0\u00bb<br \/>\u00a0<\/p>\n","protected":false},"excerpt":{"rendered":"\u00a9\u00a0BENAROCH\/SIPA En couple avec Bernard Giraudeau pendant 18\u00a0ans, elle a d&rsquo;abord fait sa connaissance \u00e0 New-York avant de&hellip;\n","protected":false},"author":2,"featured_media":454176,"comment_status":"","ping_status":"","sticky":false,"template":"","format":"standard","meta":{"footnotes":""},"categories":[1359],"tags":[57983,51761,58,59,52292,1011,27,973,3287],"class_list":{"0":"post-454175","1":"post","2":"type-post","3":"status-publish","4":"format-standard","5":"has-post-thumbnail","7":"category-people","8":"tag-cms-linternaute-1465035","9":"tag-controller-content","10":"tag-divertissement","11":"tag-entertainment","12":"tag-format-reportage","13":"tag-fr","14":"tag-france","15":"tag-people","16":"tag-stars"},"share_on_mastodon":{"url":"https:\/\/pubeurope.com\/@fr\/115353642122789551","error":""},"_links":{"self":[{"href":"https:\/\/www.europesays.com\/fr\/wp-json\/wp\/v2\/posts\/454175","targetHints":{"allow":["GET"]}}],"collection":[{"href":"https:\/\/www.europesays.com\/fr\/wp-json\/wp\/v2\/posts"}],"about":[{"href":"https:\/\/www.europesays.com\/fr\/wp-json\/wp\/v2\/types\/post"}],"author":[{"embeddable":true,"href":"https:\/\/www.europesays.com\/fr\/wp-json\/wp\/v2\/users\/2"}],"replies":[{"embeddable":true,"href":"https:\/\/www.europesays.com\/fr\/wp-json\/wp\/v2\/comments?post=454175"}],"version-history":[{"count":0,"href":"https:\/\/www.europesays.com\/fr\/wp-json\/wp\/v2\/posts\/454175\/revisions"}],"wp:featuredmedia":[{"embeddable":true,"href":"https:\/\/www.europesays.com\/fr\/wp-json\/wp\/v2\/media\/454176"}],"wp:attachment":[{"href":"https:\/\/www.europesays.com\/fr\/wp-json\/wp\/v2\/media?parent=454175"}],"wp:term":[{"taxonomy":"category","embeddable":true,"href":"https:\/\/www.europesays.com\/fr\/wp-json\/wp\/v2\/categories?post=454175"},{"taxonomy":"post_tag","embeddable":true,"href":"https:\/\/www.europesays.com\/fr\/wp-json\/wp\/v2\/tags?post=454175"}],"curies":[{"name":"wp","href":"https:\/\/api.w.org\/{rel}","templated":true}]}}