{"id":454177,"date":"2025-10-11T04:27:34","date_gmt":"2025-10-11T04:27:34","guid":{"rendered":"https:\/\/www.europesays.com\/fr\/454177\/"},"modified":"2025-10-11T04:27:34","modified_gmt":"2025-10-11T04:27:34","slug":"estime-700-000-euros-un-chef-doeuvre-longtemps-oublie-de-la-periode-bretonne-de-gauguin-reapparait-aux-encheres","status":"publish","type":"post","link":"https:\/\/www.europesays.com\/fr\/454177\/","title":{"rendered":"Estim\u00e9 700 000 euros, un chef-d&rsquo;\u0153uvre longtemps oubli\u00e9 de la p\u00e9riode bretonne de Gauguin r\u00e9appara\u00eet aux ench\u00e8res"},"content":{"rendered":"<p>Longtemps conserv\u00e9e en collection priv\u00e9e et pr\u00e9sent\u00e9e pour la premi\u00e8re fois depuis 40 ans, \u00ab Danse bretonne \u00bb de Paul Gauguin sera propos\u00e9e aux ench\u00e8res le 9 d\u00e9cembre, avec une estimation comprise entre 500\u00a0000 et 700\u00a0000 euros.<\/p>\n<p class=\"field_LQ2154C\">Red\u00e9couverte majeure d\u2019un chef-d\u2019\u0153uvre de la p\u00e9riode bretonne de Paul <a href=\"https:\/\/www.connaissancedesarts.com\/musees\/musee-orsay\/le-louvre-et-le-musee-dorsay-doivent-restituer-4-oeuvres-de-renoir-gauguin-et-cezanne-aux-ayants-droit-du-marchand-ambroise-vollard-11180266\/\" rel=\"nofollow noopener\" target=\"_blank\">Gauguin<\/a> (1848-1903), Danse bretonne sera mise en vente par <a href=\"https:\/\/www.artcurial.com\/\" target=\"_blank\" rel=\"noopener nofollow\">Artcurial <\/a>lors de la session \u00ab Impressioniste &amp; Moderne \u00bb du mardi 9 d\u00e9cembre \u00e0 Paris. R\u00e9alis\u00e9e en 1889, l\u2019\u0153uvre condense toute l\u2019essence postimpressioniste de Gauguin sur la vie rurale. \u00c0 l\u2019abri des regards pendant plus de 40 ans, la peinture r\u00e9appara\u00eet aujourd\u2019hui sur le march\u00e9, estim\u00e9e entre 500 000 et 700 000 euros. Elle sera expos\u00e9e en avant-premi\u00e8re chez Artcurial pendant la semaine d\u2019Art Basel Paris.<\/p>\n<p class=\"entry-related__title\"><strong>\u00c0 regarder aussi : <\/strong><\/p>\n<p>\t\tUne sc\u00e8ne en mouvement<\/p>\n<p class=\"field_LQ2154C\">\u00c0 la mani\u00e8re d\u2019une frise horizontale, Danse bretonne s\u2019\u00e9tire sur plus 80 centim\u00e8tres. La composition se lit de gauche \u00e0 droite, comme un th\u00e9\u00e2tre rural divis\u00e9 en deux temps : d\u2019un c\u00f4t\u00e9, une joyeuse farandole de villageois se tenant par la main, de l\u2019autre, une sc\u00e8ne plus apais\u00e9e, o\u00f9 une paysanne chemine avec ses animaux, un cochon et un troupeau d\u2019oies. Au centre, deux musiciens, assis de dos, marquent la transition entre les deux parties. Avec ses aplats puissants et son <a href=\"https:\/\/www.connaissancedesarts.com\/design-2\/design-studio-ggsv-limaginaire-pour-horizon-11203927\/\" rel=\"nofollow noopener\" target=\"_blank\">horizon<\/a> d\u2019un jaune vibrant, ce panneau exprime tout l\u2019\u00e9clat du coloris de Gauguin.<\/p>\n<p><img loading=\"lazy\" width=\"653\" height=\"171\" decoding=\"async\" aria-describedby=\"caption-attachment-206151\" src=\"data:image\/svg+xml,%3Csvg%20xmlns=\" http:=\"\" alt=\"Paul GAUGUIN (1848-1903), Danse bretonne, 1889, Huile sur panneau, 20,50 x 84,70 cm, Estimation\u202f: 500 000 - 700 000 \u20ac \u00a9 Artcurial\" class=\"size-medium wp-image-206151\" data-lazy-src=\"https:\/\/www.europesays.com\/fr\/wp-content\/uploads\/2025\/10\/paul-gauguin-danse-bretonne-artcurial-2-1-tt-width-653-height-171-fill-0-crop-0-bgcolor-eeeeee.jpg\"\/><\/p>\n<p id=\"caption-attachment-206151\" class=\"wp-caption-text\">Paul Gauguin, Danse bretonne, 1889, huile sur panneau, 20,50 x 84,70 cm. Estimation\u202f: 500 000 \u2013 700 000 \u20ac \u00a9 Artcurial<\/p>\n<p>Gauguin et la Bretagne<\/p>\n<p class=\"field_LQ2154C\">\u00ab\u00a0Cette petite sc\u00e8ne pleine d\u2019esprit et de rythme nous replonge \u00e0 l\u2019\u00e9poque o\u00f9 Paul Gauguin \u00e9tait en Bretagne\u00a0\u00bb, souligne Bruno Jaubert, directeur du d\u00e9partement Impressionniste &amp; Moderne d\u2019Artcurial. \u00a0\u00c0 la fin des ann\u00e9es 1880, las\u00a0des tumultes parisiens, Gauguin s\u2019exile \u00e0 <a href=\"https:\/\/www.connaissancedesarts.com\/arts-expositions\/bretagne-une-grande-exposition-explore-le-mythe-de-la-sorciere-au-musee-de-pont-aven-11203396\/\" rel=\"nofollow noopener\" target=\"_blank\">Pont-Aven<\/a>, un village breton d\u00e9j\u00e0 pris\u00e9 par de nombreux artistes.\u00a0C\u2019est durant son s\u00e9jour que l\u2019artiste se lib\u00e8re peu \u00e0 peu des canons impressionnistes.<\/p>\n<p><img loading=\"lazy\" width=\"653\" height=\"522\" decoding=\"async\" aria-describedby=\"caption-attachment-206161\" src=\"data:image\/svg+xml,%3Csvg%20xmlns=\" http:=\"\" alt=\"Paul Gauguin (1848-1903), La vision apr\u00e8s le sermon, 1888, huile sur toile, 71,2 x 91 cm, Galeries nationales d'\u00c9cosse \u00a9 Wikimedia \/ Galeries nationales d'\u00c9cosse \" class=\"size-medium wp-image-206161\" data-lazy-src=\"https:\/\/www.europesays.com\/fr\/wp-content\/uploads\/2025\/10\/la_vision_apres_le_sermon_paul_gauguin-1-tt-width-653-height-522-fill-0-crop-0-bgcolor-eeeeee.jpg\"\/><\/p>\n<p id=\"caption-attachment-206161\" class=\"wp-caption-text\">Paul Gauguin, La vision apr\u00e8s le sermon, 1888, huile sur toile, 71,2 x 91 cm, Galeries nationales d\u2019\u00c9cosse \u00a9 Wikimedia \/ Galeries nationales d\u2019\u00c9cosse<\/p>\n<p class=\"field_LQ2154C\">Entour\u00e9 d\u2019un cercle d\u2019amis peintres, il \u00e9labore les fondements du synth\u00e9tisme, un langage pictural nouveau, entre\u00a0l\u2019<a href=\"https:\/\/www.connaissancedesarts.com\/musees\/musee-orsay\/exposition-sargent-au-musee-dorsay-cest-un-peintre-de-la-lumiere-qui-flirte-legerement-avec-limpressionnisme-11205548\/\" rel=\"nofollow noopener\" target=\"_blank\">impressionnisme<\/a> et le cloisonnisme, comme dans son \u0153uvre embl\u00e9matique La vision apr\u00e8s le sermon (1888). Danse bretonne incarne pleinement ce basculement et t\u00e9moigne de l\u2019attache de Gauguin au paysage et au folklore breton.<\/p>\n<p>Une red\u00e9couverte tardive<\/p>\n<p class=\"field_LQ2154C\">\u00c9l\u00e9ment du d\u00e9cor r\u00e9alis\u00e9 par Gauguin et ses compagnons Charles Filiger et Meyer de Haan pour l\u2019auberge de Marie Henry au Pouldu, le panneau ornait le linteau de la chemin\u00e9e. Danse bretonne fut par la suite expos\u00e9e cons\u00e9cutivement \u00e0 Paris, chez Barbazange en 1919, puis \u00e0<a href=\"https:\/\/www.connaissancedesarts.com\/metiers_art\/artisan-art\/de-lyon-a-new-york-la-reussite-spectaculaire-des-ateliers-jouffre-de-pere-en-fils-11205034\/\" rel=\"nofollow noopener\" target=\"_blank\"> New York<\/a>, chez Zayas, l\u2019ann\u00e9e suivante, avant d\u2019int\u00e9grer des collections priv\u00e9es o\u00f9 elle resta plus de 40 ans. Une grande partie du reste de la collection Marie Henry fut, quant \u00e0 elle,\u00a0 plac\u00e9e dans de nombreuses institutions culturelles, tel que le tableau L\u2019Oie de Gauguin (1889), qui a rejoint le Mus\u00e9e des Beaux-Arts de Quimper.<\/p>\n<p><img loading=\"lazy\" width=\"653\" height=\"492\" decoding=\"async\" aria-describedby=\"caption-attachment-206152\" src=\"data:image\/svg+xml,%3Csvg%20xmlns=\" http:=\"\" alt=\"Paul Gauguin, L'Oie, 1889, huile sur pl\u00e2tre, 61 x 79 cm, Mus\u00e9e des Beaux-Arts de Quimper \u00a9 Wikimedia \/ Mus\u00e9e des Beaux-Arts de Quimper\" class=\"size-medium wp-image-206152\" data-lazy-src=\"https:\/\/www.europesays.com\/fr\/wp-content\/uploads\/2025\/10\/gauguin_-_loie-1-tt-width-653-height-492-fill-0-crop-0-bgcolor-eeeeee.jpg\"\/><\/p>\n<p id=\"caption-attachment-206152\" class=\"wp-caption-text\">Paul Gauguin, L\u2019Oie, 1889, huile sur pl\u00e2tre, 61 x 79 cm, Mus\u00e9e des Beaux-Arts de Quimper \u00a9 Wikimedia \/ Mus\u00e9e des Beaux-Arts de Quimper<\/p>\n<p class=\"field_LQ2154C\">L\u2019histoire ne\u00a0s\u2019arr\u00eate pas l\u00e0\u00a0: pr\u00e8s d\u2019un si\u00e8cle apr\u00e8s sa r\u00e9alisation, deux <a href=\"https:\/\/www.connaissancedesarts.com\/monuments-patrimoine\/archeologie\/archeologie-en-angleterre-un-pendentif-en-or-du-vie-siecle-decouvert-par-hasard-au-detecteur-de-metaux-surprend-les-historiens-11204423\/\" rel=\"nofollow noopener\" target=\"_blank\">historiens<\/a> de l\u2019art ont contest\u00e9 son attribution \u00e0 Gauguin. En 1983, le panneau est de nouveau expos\u00e9 \u00e0 New York, cette fois chez Wildenstein, comme une \u0153uvre de Paul S\u00e9rusier (1864-1927). Cette erreur sera ensuite relay\u00e9e par plusieurs publications avant d\u2019\u00eatre rectifi\u00e9e.<\/p>\n<p>Une opportunit\u00e9 unique pour les collectionneurs<\/p>\n<p class=\"field_LQ2154C\">Ce n\u2019est qu\u2019en 2020, \u00e0 l\u2019issue d\u2019un m\u00e9ticuleux <a href=\"https:\/\/www.connaissancedesarts.com\/arts-expositions\/art-contemporain\/exposition-gratuite-a-paris-il-faut-200-a-300-heures-de-travail-par-sculpture-les-metamorphoses-envoutantes-de-jeanne-vicerial-11202860\/\" rel=\"nofollow noopener\" target=\"_blank\">travail<\/a> d\u2019analyses techniques et de recherches historiques, que le Comit\u00e9 Paul Gauguin de Wildenstein Plattner Institute a confirm\u00e9 d\u00e9finitivement l\u2019authenticit\u00e9 du panneau.<\/p>\n<p><img loading=\"lazy\" width=\"653\" height=\"367\" decoding=\"async\" aria-describedby=\"caption-attachment-206156\" src=\"data:image\/svg+xml,%3Csvg%20xmlns=\" http:=\"\" alt=\"Dance bretonne, c'est un t\u00e9moignage de l'attachement que portait Gauguin \u00e0 un territoire et une culture, ici la Bretagne \u00a9 Artcurial\" class=\"size-medium wp-image-206156\" data-lazy-src=\"https:\/\/www.europesays.com\/fr\/wp-content\/uploads\/2025\/10\/paul-gauguin-danse-bretonne-artcurial-2-2-tt-width-653-height-367-fill-0-crop-0-bgcolor-eeeeee.jpg\"\/><\/p>\n<p id=\"caption-attachment-206156\" class=\"wp-caption-text\">Dance bretonne est un t\u00e9moignage de l\u2019attachement que portait Gauguin \u00e0 un territoire et une culture, ici la Bretagne \u00a9 Artcurial<\/p>\n<p class=\"field_LQ2154C\">Pr\u00e9sent\u00e9e aux ench\u00e8res le 9 d\u00e9cembre prochain, l\u2019\u0153uvre est aujourd\u2019hui estim\u00e9e entre 500\u00a0000 et 700\u00a0000 euros. C\u2019est une occasion rare pour les collectionneurs de s\u2019emparer d\u2019une \u0153uvre significative et <a href=\"https:\/\/www.connaissancedesarts.com\/arts-expositions\/renaissance\/une-sculpture-de-donatello-a-t-elle-vraiment-ete-redecouverte-en-slovaquie-11199656\/\" rel=\"nofollow noopener\" target=\"_blank\">red\u00e9couverte<\/a> de Gauguin, repr\u00e9sentant pleinement l\u2019effervescence de sa p\u00e9riode bretonne, moment charni\u00e8re de sa carri\u00e8re et pr\u00e9lude \u00e0 ses ann\u00e9es tahitiennes et marquisiennes.<\/p>\n<p>A Paul Gauguin Tahitian Masterpiece Comes to Auction in Paris<\/p>\n","protected":false},"excerpt":{"rendered":"Longtemps conserv\u00e9e en collection priv\u00e9e et pr\u00e9sent\u00e9e pour la premi\u00e8re fois depuis 40 ans, \u00ab Danse bretonne \u00bb&hellip;\n","protected":false},"author":2,"featured_media":454178,"comment_status":"","ping_status":"","sticky":false,"template":"","format":"standard","meta":{"footnotes":""},"categories":[1358],"tags":[1348,1384,1385,1386,58,59,1011,27],"class_list":{"0":"post-454177","1":"post","2":"type-post","3":"status-publish","4":"format-standard","5":"has-post-thumbnail","7":"category-arts-et-design","8":"tag-arts","9":"tag-arts-and-design","10":"tag-arts-et-design","11":"tag-design","12":"tag-divertissement","13":"tag-entertainment","14":"tag-fr","15":"tag-france"},"share_on_mastodon":{"url":"https:\/\/pubeurope.com\/@fr\/115353645440048727","error":""},"_links":{"self":[{"href":"https:\/\/www.europesays.com\/fr\/wp-json\/wp\/v2\/posts\/454177","targetHints":{"allow":["GET"]}}],"collection":[{"href":"https:\/\/www.europesays.com\/fr\/wp-json\/wp\/v2\/posts"}],"about":[{"href":"https:\/\/www.europesays.com\/fr\/wp-json\/wp\/v2\/types\/post"}],"author":[{"embeddable":true,"href":"https:\/\/www.europesays.com\/fr\/wp-json\/wp\/v2\/users\/2"}],"replies":[{"embeddable":true,"href":"https:\/\/www.europesays.com\/fr\/wp-json\/wp\/v2\/comments?post=454177"}],"version-history":[{"count":0,"href":"https:\/\/www.europesays.com\/fr\/wp-json\/wp\/v2\/posts\/454177\/revisions"}],"wp:featuredmedia":[{"embeddable":true,"href":"https:\/\/www.europesays.com\/fr\/wp-json\/wp\/v2\/media\/454178"}],"wp:attachment":[{"href":"https:\/\/www.europesays.com\/fr\/wp-json\/wp\/v2\/media?parent=454177"}],"wp:term":[{"taxonomy":"category","embeddable":true,"href":"https:\/\/www.europesays.com\/fr\/wp-json\/wp\/v2\/categories?post=454177"},{"taxonomy":"post_tag","embeddable":true,"href":"https:\/\/www.europesays.com\/fr\/wp-json\/wp\/v2\/tags?post=454177"}],"curies":[{"name":"wp","href":"https:\/\/api.w.org\/{rel}","templated":true}]}}