{"id":454179,"date":"2025-10-11T04:28:10","date_gmt":"2025-10-11T04:28:10","guid":{"rendered":"https:\/\/www.europesays.com\/fr\/454179\/"},"modified":"2025-10-11T04:28:10","modified_gmt":"2025-10-11T04:28:10","slug":"livres-on-a-lu-kolkhoze-demmanuel-carrere-un-ouvrage-aux-racines-de-lautofiction","status":"publish","type":"post","link":"https:\/\/www.europesays.com\/fr\/454179\/","title":{"rendered":"Livres\u00a0: on a lu \u00ab\u00a0Kolkhoze\u00a0\u00bb, d\u2019Emmanuel Carr\u00e8re, un ouvrage aux racines de l\u2019autofiction"},"content":{"rendered":"<p>\u00ab\u00a0Kolkhoze\u00a0\u00bb, son dernier roman, ne d\u00e9roge pas \u00e0 la r\u00e8gle. Il est la recherche du r\u00e9cit v\u00e9ritable de l\u2019histoire de ses familles maternelle et paternelle. Il l\u2019entame \u00e0 l\u2019occasion de la mort de sa m\u00e8re, H\u00e9l\u00e8ne Carr\u00e8re\u00a0d\u2019Encausse, secr\u00e9taire perp\u00e9tuelle de l\u2019Acad\u00e9mie fran\u00e7aise. Auteure, entre autres du c\u00e9l\u00e9brissime \u00ab\u00a0L\u2019Empire \u00e9clat\u00e9\u00a0\u00bb, elle est la fille d\u2019un \u00e9migr\u00e9 g\u00e9orgien travaillant pour les Allemands durant l\u2019Occupation, et disparu corps et biens \u00e0 la Lib\u00e9ration. Ce p\u00e8re dont elle ne voudra jamais entendre parler.<\/p>\n<p>    La r\u00e9daction vous conseille<\/p>\n<p>L\u2019exil au quai Conti<\/p>\n<p>\u00ab\u00a0Kolkhoze\u00a0\u00bb est scand\u00e9 par une succession de fragments plus ou moins longs, titr\u00e9s d\u2019une phrase ou de mots \u00e9vocateurs. Le premier d\u2019entre eux, \u00ab\u00a0L\u2019hommage de la Nation\u00a0\u00bb, est la description de la c\u00e9r\u00e9monie d\u2019hommage aux Invalides, rendu \u00e0 sa m\u00e8re par Emmanuel Macron. D\u00e8s lors, usant parfois de l\u2019humour distanci\u00e9 qui le caract\u00e9rise, il commente l\u2019hommage\u00a0: \u00ab\u00a0Nous sommes quelque deux cents personnes \u00e0 patienter dans un carr\u00e9 de chaises en plastique blanc (la v\u00e9rit\u00e9 du d\u00e9tail\u00a0!) d\u00e9limit\u00e9 par des cordons rouges, au fond de l\u2019immense cour pav\u00e9e.\u00a0\u00bb<\/p>\n<p>N\u00e9anmoins, c\u2019est en d\u00e9m\u00e9nageant l\u2019immense appartement de fonction de sa m\u00e8re, quai Conti, \u00e0 Paris ainsi que le bureau de son p\u00e8re, qui y a pass\u00e9 l\u2019essentiel de sa vie d\u2019exil\u00e9 intra-muros, que l\u2019exploration se fait plus pr\u00e9cise, plus forte, plus juste. Les travaux g\u00e9n\u00e9alogiques de Louis, son p\u00e8re, l\u2019inspirent. Lecteur fid\u00e8le de ses romans depuis \u00ab\u00a0L\u2019adversaire\u00a0\u00bb en passant par \u00ab\u00a0Yoga\u00a0\u00bb et \u00ab\u00a0Un roman russe\u00a0\u00bb, je soup\u00e7onnais que son patronyme \u00e9tait d\u2019origine gasconne. \u00ab\u00a0Toute sa vie, il a correspondu avec des cur\u00e9s de l\u2019Ari\u00e8ge, des h\u00e9raldistes bavarois ou un lointain cousin p\u00e9ruvien qui vivait \u00e0 Lima, du commerce de champignons hallucinog\u00e8nes \u2014 et ils \u00e9taient aussi ravis l\u2019un que l\u2019autre d\u2019\u00e9changer des informations sur leur aventureuse grand-m\u00e8re et grand-tante, Gabrielle Carr\u00e8re, qui en 1912, \u00e2g\u00e9e de trente-deux ans, a quitt\u00e9 Pau pour, seule, traverser l\u2019Atlantique \u00e0 bord du paquebot Gascogne.\u00a0\u00bb<\/p>\n<p>Un \u00ab\u00a0paradis gascon\u00a0\u00bb<\/p>\n<p>Louis Carr\u00e8re a d\u2019ailleurs son \u00ab\u00a0paradis gascon\u00a0\u00bb \u00e0 Caz\u00e8res-sur-Garonne, en Comminges. Lieu consacr\u00e9 de sa m\u00e9moire enfantine, il sera celui d\u2019H\u00e9l\u00e8ne, et de leurs trois enfants\u00a0: \u00ab\u00a0La maison que j\u2019ai connue dans mon enfance, \u00e9tait si biscornue\u2026\u00a0\u00bb puis viendra plus tard Biarritz. Emmanuel Carr\u00e8re dresse de sa m\u00e8re le portrait acidul\u00e9 d\u2019une femme forte, \u00f4 combien capable d\u2019affronter toutes les temp\u00eates, femme avide de pouvoir, mais aussi m\u00e8re clanique et fusionnelle qui \u00e9carte insensiblement son mari de sa longue carri\u00e8re. \u00ab\u00a0Kolkhoze\u00a0\u00bb est le nom de cette fusion m\u00e8re enfants. Il ne peut que g\u00eaner sa gloire. Lui, g\u00e9n\u00e9alogiste obsessionnel de tous les ascendants de son \u00e9pouse, est \u00e9migr\u00e9 dans un recoin de l\u2019immense appartement du quai Conti o\u00f9 se tient l\u2019Acad\u00e9mie fran\u00e7aise.<\/p>\n<p>L\u2019auteur pousse, comme toujours, loin son investigation familiale. Elle lui fait d\u00e9couvrir plus son p\u00e8re que sa m\u00e8re qui prend toute la lumi\u00e8re. Il va, dans un curieux balancement, entre lui et elle, s\u2019inscrivant malgr\u00e9 tout dans un affrontement direct avec la l\u00e9gende d\u2019H\u00e9l\u00e8ne Zourabichvili, devenue Madame Carr\u00e8re d\u2019Encausse. \u00ab\u00a0Je t\u2019aime, moi non plus\u00a0!\u00a0\u00bb pourrait \u00eatre la phrase non prononc\u00e9e par Emmanuel Carr\u00e8re lorsqu\u2019il \u00e9voque cette m\u00e8re qu\u2019il aime et qui pourtant ne reconna\u00eet pas l\u2019\u0153uvre d\u2019un fils dont le choix litt\u00e9raire l\u2019exasp\u00e8re.<\/p>\n<p>Bipolarit\u00e9 et honn\u00eatet\u00e9<\/p>\n<p>L\u2019auteur n\u2019est jamais absent de cette succession de ses nombreux fragments. Sa vie amoureuse nous est livr\u00e9e sans complexe, comme sa bipolarit\u00e9 d\u00e9j\u00e0 d\u00e9crite dans \u00ab\u00a0Yoga\u00a0\u00bb. L\u2019honn\u00eatet\u00e9 de l\u2019\u00e9crivain est ind\u00e9niable\u00a0: c\u2019est sa marque de fabrique Il sait manier l\u2019autofiction comme nul autre. La Russie, tout du long, en est la toile de fond. La G\u00e9orgie natale d\u2019une m\u00e8re qui sera qualifi\u00e9e par Sebag Montefiore, le biographe de Staline\u00a0: \u00ab\u00a0H\u00e9l\u00e8ne n\u2019est pas seulement une historienne de l\u2019Union sovi\u00e9tique\u00a0: c\u2019est une historienne sovi\u00e9tique.\u00a0\u00bb In fine, nous voici revenus au pr\u00e9lude, quelques mois avant l\u2019hommage aux Invalides. H\u00e9l\u00e8ne Carr\u00e8re\u00a0d\u2019Encausse vit ses derniers instants\u00a0: \u00ab\u00a0j\u2019ai donc ferm\u00e9 de mon mieux les yeux de ma m\u00e8re. [\u2026] Nous sommes rest\u00e9s un moment autour du corps, puis sortis tous les trois (Nathalie, Marina, ses s\u0153urs, et lui-m\u00eame) Dans le couloir, Anne (son m\u00e9decin) nous attendait. Elle nous a embrass\u00e9s, tout \u00e0 tour, et elle a dit\u00a0: \u00ab\u00a0Comme d\u2019habitude\u00a0: elle a fait le job.\u00a0\u00bb<\/p>\n<p>Emmanuel Carr\u00e8re, Kolkhoze, \u00c9ditions P.O.L, 558 p., 24\u00a0euros.<\/p>\n","protected":false},"excerpt":{"rendered":"\u00ab\u00a0Kolkhoze\u00a0\u00bb, son dernier roman, ne d\u00e9roge pas \u00e0 la r\u00e8gle. Il est la recherche du r\u00e9cit v\u00e9ritable de&hellip;\n","protected":false},"author":2,"featured_media":454180,"comment_status":"","ping_status":"","sticky":false,"template":"","format":"standard","meta":{"footnotes":""},"categories":[1357],"tags":[1379,58,59,1011,27,1380],"class_list":{"0":"post-454179","1":"post","2":"type-post","3":"status-publish","4":"format-standard","5":"has-post-thumbnail","7":"category-livres","8":"tag-books","9":"tag-divertissement","10":"tag-entertainment","11":"tag-fr","12":"tag-france","13":"tag-livres"},"share_on_mastodon":{"url":"https:\/\/pubeurope.com\/@fr\/115353649460643102","error":""},"_links":{"self":[{"href":"https:\/\/www.europesays.com\/fr\/wp-json\/wp\/v2\/posts\/454179","targetHints":{"allow":["GET"]}}],"collection":[{"href":"https:\/\/www.europesays.com\/fr\/wp-json\/wp\/v2\/posts"}],"about":[{"href":"https:\/\/www.europesays.com\/fr\/wp-json\/wp\/v2\/types\/post"}],"author":[{"embeddable":true,"href":"https:\/\/www.europesays.com\/fr\/wp-json\/wp\/v2\/users\/2"}],"replies":[{"embeddable":true,"href":"https:\/\/www.europesays.com\/fr\/wp-json\/wp\/v2\/comments?post=454179"}],"version-history":[{"count":0,"href":"https:\/\/www.europesays.com\/fr\/wp-json\/wp\/v2\/posts\/454179\/revisions"}],"wp:featuredmedia":[{"embeddable":true,"href":"https:\/\/www.europesays.com\/fr\/wp-json\/wp\/v2\/media\/454180"}],"wp:attachment":[{"href":"https:\/\/www.europesays.com\/fr\/wp-json\/wp\/v2\/media?parent=454179"}],"wp:term":[{"taxonomy":"category","embeddable":true,"href":"https:\/\/www.europesays.com\/fr\/wp-json\/wp\/v2\/categories?post=454179"},{"taxonomy":"post_tag","embeddable":true,"href":"https:\/\/www.europesays.com\/fr\/wp-json\/wp\/v2\/tags?post=454179"}],"curies":[{"name":"wp","href":"https:\/\/api.w.org\/{rel}","templated":true}]}}