{"id":454181,"date":"2025-10-11T04:29:21","date_gmt":"2025-10-11T04:29:21","guid":{"rendered":"https:\/\/www.europesays.com\/fr\/454181\/"},"modified":"2025-10-11T04:29:21","modified_gmt":"2025-10-11T04:29:21","slug":"critique-de-la-redemption-de-john-cena","status":"publish","type":"post","link":"https:\/\/www.europesays.com\/fr\/454181\/","title":{"rendered":"critique de la r\u00e9demption de John Cena"},"content":{"rendered":"<p>        His time is now<\/p>\n<p>Passionn\u00e9 par les psychopathes et les losers, James Gunn est pass\u00e9 au mod\u00e8le de vertu dans <strong inert=\"true\">Superman<\/strong>. Avec <strong inert=\"true\">Peacemaker<\/strong>, il retrouve ses jouets pr\u00e9f\u00e9r\u00e9s, qui ressemblent beaucoup \u00e0 ceux de <strong inert=\"true\">Super<\/strong> : une bande d\u2019abrutis surarm\u00e9s, toutefois tr\u00e8s attendrissants. Pour cette saison 2, il en ajoute un autre \u00e0 la troupe : Langston Fleury, interpr\u00e9t\u00e9 par un Tim Meadows parfaitement cast\u00e9. Les huit \u00e9pisodes comportent <strong inert=\"true\">le lot attendu de dialogues compl\u00e8tement cons, de pointes de m\u00e9chancet\u00e9 et de malaise<\/strong>, y compris au moment de faire intervenir le \u00ab\u00a0Justice Gang\u00a0\u00bb.<\/p>\n<p>                    <img decoding=\"async\" alt=\"\" class=\"wp-image-518375\" style=\"object-fit:cover;width:25px;height:25px\" src=\"https:\/\/www.ecranlarge.com\/content\/uploads\/2023\/09\/arrow-right-circle.svg\"\/><\/p>\n<p>Mais si la galerie de personnages d\u00e9lirants est toujours au rendez-vous (mention sp\u00e9ciale \u00e0 l\u2019apparition de Michael Rooker, br\u00e8ve, mais m\u00e9morable), la vedette reste Christopher Smith, assassin de Rick Flag Jr. en qu\u00eate de r\u00e9demption. Difficile de racheter un antagoniste aussi d\u00e9testable que Peacemaker dans<strong> The Suicide Squad<\/strong>, pantin cynique au service du syst\u00e8me. Mais c\u2019est pr\u00e9cis\u00e9ment le d\u00e9fi que s\u2019est lanc\u00e9 Gunn pour ces deux saisons, <strong>et il vient de le relever<\/strong>.<\/p>\n<p><a href=\"https:\/\/www.ecranlarge.com\/content\/uploads\/2025\/10\/d6e10dec15117025b772d6025fc6e2f4.jpg\" rel=\"nofollow noopener\" target=\"_blank\"><\/p>\n<p><img loading=\"lazy\" decoding=\"async\" alt=\"Peacemaker\" src=\"https:\/\/www.europesays.com\/fr\/wp-content\/uploads\/2025\/10\/d6e10dec15117025b772d6025fc6e2f4-1260x840.jpg\" width=\"1260\" height=\"840\"  \/><\/p>\n<p><\/a>Bon, on aurait pu faire sans le m\u00e9ga placement de produit pour une marque de bi\u00e8re<\/p>\n<p>Ainsi intervient le multivers, concept tir\u00e9 des comics utilis\u00e9 par la concurrence comme une m\u00e9canique narrative magique pour fusionner les propri\u00e9t\u00e9s intellectuelles ou pire, accumuler les cam\u00e9os. Si la saison comporte une ou deux surprises, <strong>Gunn n\u2019en a pas du tout le m\u00eame usage<\/strong>. L\u2019univers parall\u00e8le, ici, est un moyen de confronter son h\u00e9ros \u00e0 ses d\u00e9mons, de lui imposer un travail sur lui-m\u00eame, \u00e9paul\u00e9 par Harcourt. Le twist g\u00e9nial de l\u2019\u00e9pisode 6 n\u2019est donc pas seulement un moyen de couper l\u2019herbe sous le pied du spectateur, mais de l\u2019investir dans cette prise de conscience.<\/p>\n<p>R\u00e9ponse implacable \u00e0 ceux qui voudraient d\u00e9barrasser leur divertissement de toute politique, son itin\u00e9raire \u00e9meut beaucoup. Il doit \u00e9norm\u00e9ment \u00e0 John Cena, qui prouve d\u00e9finitivement qu\u2019il n\u2019est pas seulement capable d\u2019autod\u00e9rision. On aurait pu \u00eatre surpris d\u2019apprendre qu\u2019aucune saison 3 n\u2019est pr\u00e9vue, le cliffhanger final introduisant plut\u00f4t <strong>Man of Tomorrow<\/strong>. <strong>Mais la s\u00e9rie compl\u00e8te a bel et bien trouv\u00e9 sa conclusion dans l\u2019\u00e9pisode 8<\/strong>, o\u00f9 Chris parvient enfin \u00e0 supprimer en lui ce qu\u2019il l\u2019avait pouss\u00e9 \u00e0 flinguer Rick Flag.<\/p>\n<p><a href=\"https:\/\/www.ecranlarge.com\/content\/uploads\/2025\/10\/a807f5333265bae2d316fa08d545b8e7.jpg\" rel=\"nofollow noopener\" target=\"_blank\"><\/p>\n<p><img loading=\"lazy\" decoding=\"async\" alt=\"Frank Grillo Peacemaker\" src=\"https:\/\/www.europesays.com\/fr\/wp-content\/uploads\/2025\/10\/a807f5333265bae2d316fa08d545b8e7-1260x840.jpg\" width=\"1260\" height=\"840\"  \/><\/p>\n<p><\/a>Lui aussi a une trajectoire\u2026 int\u00e9ressante politiquementPaix int\u00e9rieure<\/p>\n<p>Le sc\u00e9nariste, qui r\u00e9alise \u00e9galement plusieurs \u00e9pisodes malgr\u00e9 le chantier \u00e9norme du DCU, boucle donc sa s\u00e9ance de psychanalyse avec brio, mais, comme auparavant, <strong>parfois au d\u00e9triment de la coh\u00e9rence globale<\/strong>. D\u00e9sormais pr\u00e9sid\u00e9 par Frank Grillo, qui a bien plus \u00e0 faire que quand il tapissait les d\u00e9cors de <strong>Superman<\/strong>, l\u2019ARGUS est trait\u00e9 un peu al\u00e9atoirement, engageant par exemple d\u2019\u00e9vidents dissidents. L\u2019\u00e9tendue de son pouvoir est assez mal d\u00e9finie, jusqu\u2019\u00e0 la sc\u00e8ne de la prison dans le dernier \u00e9pisode, o\u00f9 il s\u2019\u00e9croule compl\u00e8tement (on peut d\u00e9cid\u00e9ment tout acheter).<\/p>\n<p>Des petits arrangements comme \u00e7a, il y en a plusieurs dans la s\u00e9rie. Le g\u00e9n\u00e9rique d\u2019ouverture, toujours aussi jouissif, fait office d\u2019avertissement : mieux vaut ne pas trop prendre au s\u00e9rieux l\u2019intrigue g\u00e9n\u00e9rale. Ce qui compte, c\u2019est les personnages, leurs faiblesses et leurs victoires. \u00c7a peut para\u00eetre un peu facile, mais <strong>lesdits personnages sont si bien trait\u00e9s qu\u2019on lui pardonne volontiers<\/strong>, qu\u2019il s\u2019agisse des antagonistes ou des protagonistes. \u00c0 vrai dire, ils sont vraiment la raison d\u2019\u00eatre de <strong>Peacemaker<\/strong>.<\/p>\n<p><a href=\"https:\/\/www.ecranlarge.com\/content\/uploads\/2025\/09\/john-cena-danielle-brooks_0-h-20.jpg\" rel=\"nofollow noopener\" target=\"_blank\"><\/p>\n<p><img loading=\"lazy\" decoding=\"async\" alt=\"Peacemaker John Cena\" src=\"https:\/\/www.europesays.com\/fr\/wp-content\/uploads\/2025\/10\/john-cena-danielle-brooks_0-h-20-1260x710.jpg\" width=\"1260\" height=\"710\"  \/><\/p>\n<p><\/a>La communication, l\u2019arme secr\u00e8te de la saison<\/p>\n<p>Les gags sont pour la plupart issus des petits probl\u00e8mes de nos h\u00e9ros, comme si l\u2019univers r\u00e9solvait int\u00e9gralement autour de leurs personnalit\u00e9s excentriques. M\u00eame lorsqu\u2019il r\u00e9serve \u00e0 un personnage ultra-secondaire une mort ultra gore, Gunn prend soin de lui accorder juste avant un petit dialogue, afin que sa perte soit \u00e0 la fois dr\u00f4le et\u2026 douloureuse. \u00c7a a toujours \u00e9t\u00e9 l\u2019une des grandes forces du r\u00e9alisateur, y compris lorsqu\u2019il s\u2019aventurait dans le blockbuster hollywoodien, au prix de plusieurs concessions : <strong>un amour intense pour ses personnages, quels qu\u2019ils soient<\/strong>.<\/p>\n<p>\u00c0 l\u2019heure o\u00f9 les superproductions tir\u00e9es de comics ont \u00e9t\u00e9 r\u00e9duites \u00e0 de vulgaires feuilletons de luxe, o\u00f9 les sc\u00e8nes post-g\u00e9n\u00e9riques comptent plus que les h\u00e9ros qui les peuplent, <strong>on esp\u00e8re que les multiples volets du DCU resteront sur cette voie<\/strong>. Rien n\u2019est moins s\u00fbr.<\/p>\n<p>La saison 2 de Peacemaker est disponible en int\u00e9gralit\u00e9 sur HBO Max depuis le 10 octobre 2025<\/p>\n<p><img loading=\"lazy\" decoding=\"async\" width=\"729\" height=\"1080\" alt=\"Peacemaker\" src=\"https:\/\/www.europesays.com\/fr\/wp-content\/uploads\/2025\/10\/ce2576b910195d8fec33eafbff678edf.jpg\"  \/><\/p>\n","protected":false},"excerpt":{"rendered":"His time is now Passionn\u00e9 par les psychopathes et les losers, James Gunn est pass\u00e9 au mod\u00e8le de&hellip;\n","protected":false},"author":2,"featured_media":454182,"comment_status":"","ping_status":"","sticky":false,"template":"","format":"standard","meta":{"footnotes":""},"categories":[1356],"tags":[58,59,1011,27,252,1364],"class_list":{"0":"post-454181","1":"post","2":"type-post","3":"status-publish","4":"format-standard","5":"has-post-thumbnail","7":"category-television","8":"tag-divertissement","9":"tag-entertainment","10":"tag-fr","11":"tag-france","12":"tag-television","13":"tag-tv"},"share_on_mastodon":{"url":"https:\/\/pubeurope.com\/@fr\/115353654251624838","error":""},"_links":{"self":[{"href":"https:\/\/www.europesays.com\/fr\/wp-json\/wp\/v2\/posts\/454181","targetHints":{"allow":["GET"]}}],"collection":[{"href":"https:\/\/www.europesays.com\/fr\/wp-json\/wp\/v2\/posts"}],"about":[{"href":"https:\/\/www.europesays.com\/fr\/wp-json\/wp\/v2\/types\/post"}],"author":[{"embeddable":true,"href":"https:\/\/www.europesays.com\/fr\/wp-json\/wp\/v2\/users\/2"}],"replies":[{"embeddable":true,"href":"https:\/\/www.europesays.com\/fr\/wp-json\/wp\/v2\/comments?post=454181"}],"version-history":[{"count":0,"href":"https:\/\/www.europesays.com\/fr\/wp-json\/wp\/v2\/posts\/454181\/revisions"}],"wp:featuredmedia":[{"embeddable":true,"href":"https:\/\/www.europesays.com\/fr\/wp-json\/wp\/v2\/media\/454182"}],"wp:attachment":[{"href":"https:\/\/www.europesays.com\/fr\/wp-json\/wp\/v2\/media?parent=454181"}],"wp:term":[{"taxonomy":"category","embeddable":true,"href":"https:\/\/www.europesays.com\/fr\/wp-json\/wp\/v2\/categories?post=454181"},{"taxonomy":"post_tag","embeddable":true,"href":"https:\/\/www.europesays.com\/fr\/wp-json\/wp\/v2\/tags?post=454181"}],"curies":[{"name":"wp","href":"https:\/\/api.w.org\/{rel}","templated":true}]}}