{"id":454183,"date":"2025-10-11T04:30:30","date_gmt":"2025-10-11T04:30:30","guid":{"rendered":"https:\/\/www.europesays.com\/fr\/454183\/"},"modified":"2025-10-11T04:30:30","modified_gmt":"2025-10-11T04:30:30","slug":"on-ne-sait-pas-encore-qui-jouera-sur-le-prochain-album-paolo-gregoletto-fait-le-point","status":"publish","type":"post","link":"https:\/\/www.europesays.com\/fr\/454183\/","title":{"rendered":"\u00ab\u00a0On ne sait pas encore qui jouera sur le prochain album\u00a0\u00bb \u2013 Paolo Gregoletto fait le point"},"content":{"rendered":"<p><strong><a href=\"https:\/\/www.metalzone.fr\/trivium\/\" rel=\"nofollow noopener\" target=\"_blank\">Trivium<\/a> ouvre une nouvelle \u00e8re sans se pr\u00e9cipiter : Paolo Gregoletto dit ne pas savoir si Greyson Nekrutman jouera sur le prochain album studio du groupe.<\/strong><\/p>\n<p>Un avenir incertain pour Greyson au-del\u00e0 de la tourn\u00e9e<\/p>\n<p>Lors d\u2019un entretien accord\u00e9 \u00e0 <a href=\"https:\/\/www.instagram.com\/reel\/DPfL95oCqSy\/\" target=\"_blank\" rel=\"noopener nofollow\">Thunder Underground<\/a>, Paolo Gregoletto est revenu sur la r\u00e9organisation r\u00e9cente de Trivium, et surtout sur le statut du batteur Greyson Nekrutman, qui a r\u00e9cemment remplac\u00e9 Alex Bent sur sc\u00e8ne. Le bassiste reste prudent quant \u00e0 une \u00e9ventuelle participation du jeune musicien au prochain album : \u201cJe ne sais pas encore. Pour l\u2019instant, on se concentre sur la tourn\u00e9e de l\u2019automne\u201d, a-t-il expliqu\u00e9. Il pr\u00e9cise que l\u2019\u00e9criture a d\u00e9j\u00e0 d\u00e9marr\u00e9 \u2014 sans Greyson \u2014 avec le producteur Josh Wilbur : \u201cOn veut juste prendre un peu d\u2019avance avant la nouvelle ann\u00e9e\u201d.<\/p>\n<p>Un engagement temporaire, des priorit\u00e9s claires<\/p>\n<p>Greyson Nekrutman, \u00e9galement batteur de <a href=\"https:\/\/www.metalzone.fr\/sepultura\/\" rel=\"nofollow noopener\" target=\"_blank\">Sepultura<\/a>, s\u2019est illustr\u00e9 d\u00e9but octobre lors du festival Aftershock \u00e0 Sacramento. Mais, comme le rappelle Paolo : \u201cGreyson a des engagements avec Sepultura l\u2019ann\u00e9e prochaine, donc m\u00eame s\u2019il nous aide sur le disque ou quelques concerts, il devra les honorer\u201d. Le groupe pr\u00e9voit de tester d\u2019autres batteurs au d\u00e9but de 2026, une fois la tourn\u00e9e boucl\u00e9e et les esprits repos\u00e9s : \u201cOn pr\u00e9f\u00e8re prendre le temps plut\u00f4t que de foncer t\u00eate baiss\u00e9e\u201d.<\/p>\n<p>Entre fin de cycle et transition r\u00e9fl\u00e9chie<\/p>\n<p>Le d\u00e9part d\u2019Alex Bent, annonc\u00e9 d\u00e9but octobre, a marqu\u00e9 la fin d\u2019un cycle de neuf ans, salu\u00e9 par Paolo Gregoletto : \u201cIl n\u2019y a pas eu de conflit. Juste beaucoup de respect\u201d. L\u2019EP Struck Dead, attendu le 31 octobre, fera office de point final \u00e0 cette collaboration, avant une tourn\u00e9e nord-am\u00e9ricaine intense aux c\u00f4t\u00e9s de <a href=\"https:\/\/www.metalzone.fr\/jinjer\/\" rel=\"nofollow noopener\" target=\"_blank\">Jinjer<\/a> et Heriot.<\/p>\n<p>Greyson accompagnera Trivium jusqu\u2019au 14 d\u00e9cembre, mais son retour chez Sepultura est d\u2019ores et d\u00e9j\u00e0 pr\u00e9vu pour 2026. En attendant, Trivium avance prudemment vers l\u2019album qui succ\u00e9dera \u00e0 In the Court of the Dragon, attendu d\u2019ici fin 2026 ou d\u00e9but 2027.<\/p>\n<p>Trivium joue Slave New World de Sepultura en concert avec Greyson Nekrutman :<\/p>\n<p><script async src=\"\/\/www.instagram.com\/embed.js\"><\/script><\/p>\n","protected":false},"excerpt":{"rendered":"Trivium ouvre une nouvelle \u00e8re sans se pr\u00e9cipiter : Paolo Gregoletto dit ne pas savoir si Greyson Nekrutman&hellip;\n","protected":false},"author":2,"featured_media":304719,"comment_status":"","ping_status":"","sticky":false,"template":"","format":"standard","meta":{"footnotes":""},"categories":[1355],"tags":[58,59,1011,27,1361,873],"class_list":{"0":"post-454183","1":"post","2":"type-post","3":"status-publish","4":"format-standard","5":"has-post-thumbnail","7":"category-musique","8":"tag-divertissement","9":"tag-entertainment","10":"tag-fr","11":"tag-france","12":"tag-music","13":"tag-musique"},"share_on_mastodon":{"url":"https:\/\/pubeurope.com\/@fr\/115353657251485316","error":""},"_links":{"self":[{"href":"https:\/\/www.europesays.com\/fr\/wp-json\/wp\/v2\/posts\/454183","targetHints":{"allow":["GET"]}}],"collection":[{"href":"https:\/\/www.europesays.com\/fr\/wp-json\/wp\/v2\/posts"}],"about":[{"href":"https:\/\/www.europesays.com\/fr\/wp-json\/wp\/v2\/types\/post"}],"author":[{"embeddable":true,"href":"https:\/\/www.europesays.com\/fr\/wp-json\/wp\/v2\/users\/2"}],"replies":[{"embeddable":true,"href":"https:\/\/www.europesays.com\/fr\/wp-json\/wp\/v2\/comments?post=454183"}],"version-history":[{"count":0,"href":"https:\/\/www.europesays.com\/fr\/wp-json\/wp\/v2\/posts\/454183\/revisions"}],"wp:featuredmedia":[{"embeddable":true,"href":"https:\/\/www.europesays.com\/fr\/wp-json\/wp\/v2\/media\/304719"}],"wp:attachment":[{"href":"https:\/\/www.europesays.com\/fr\/wp-json\/wp\/v2\/media?parent=454183"}],"wp:term":[{"taxonomy":"category","embeddable":true,"href":"https:\/\/www.europesays.com\/fr\/wp-json\/wp\/v2\/categories?post=454183"},{"taxonomy":"post_tag","embeddable":true,"href":"https:\/\/www.europesays.com\/fr\/wp-json\/wp\/v2\/tags?post=454183"}],"curies":[{"name":"wp","href":"https:\/\/api.w.org\/{rel}","templated":true}]}}