{"id":454185,"date":"2025-10-11T04:33:11","date_gmt":"2025-10-11T04:33:11","guid":{"rendered":"https:\/\/www.europesays.com\/fr\/454185\/"},"modified":"2025-10-11T04:33:11","modified_gmt":"2025-10-11T04:33:11","slug":"un-remboursement-elargi-a-tous-les-plus-de-65-ans","status":"publish","type":"post","link":"https:\/\/www.europesays.com\/fr\/454185\/","title":{"rendered":"un remboursement \u00e9largi \u00e0 tous les plus de 65 ans"},"content":{"rendered":"<p>Depuis juillet 2023, la HAS\u00a0recommandait Prevenar 20\u00a0pour les personnes \u00e0 risque de forme s\u00e9v\u00e8re, \u00e2g\u00e9es de 18 ans et plus. Face \u00e0 l\u2019augmentation des infections \u00e0 pneumocoques, particuli\u00e8rement marqu\u00e9es chez les seniors, la HAS a \u00e9largi en d\u00e9cembre 2024 <a href=\"https:\/\/www.lemoniteurdespharmacies.fr\/nouvelles-missions\/vaccination\/la-vaccination-antipneumococcique-recommandee-a-tous-les-seniors\" target=\"_blank\" rel=\"noopener\">sa recommandation \u00e0 l\u2019ensemble des personnes de 65 ans et plus<\/a>, consid\u00e9rant que l\u2019\u00e2ge constitue \u00e0 lui seul un facteur de risque.<\/p>\n<p>La d\u00e9cision a \u00e9t\u00e9 officialis\u00e9e par la publication au Journal officiel du 7 octobre 2025,\u00a0le vaccin est d\u00e9sormais rembours\u00e9 dans la prise en charge de l\u2019immunisation active contre les maladies invasives et les pneumonies \u00e0 Streptococcus pneumoniae chez toutes les personnes \u00e2g\u00e9es de 65 ans et plus, conform\u00e9ment \u00e0 l\u2019avis de la HAS.<\/p>\n<p>L\u2019\u00e2ge, un facteur de risque<\/p>\n<p>La HAS rappelle que l\u2019\u00e2ge constitue \u00e0 lui seul un facteur de risque majeur face aux infections \u00e0 pneumocoques. Ainsi, \u00ab\u00a060 % des cas concernent les adultes de 65 ans et plus\u00ab\u00a0, avec une s\u00e9v\u00e9rit\u00e9 multipli\u00e9e par trois d\u00e8s cet \u00e2ge. Les seniors repr\u00e9sentent \u00e9galement 75 % des hospitalisations pour pneumonie aigu\u00eb communautaire.<\/p>\n<p>Une part importante de ces cas survient chez des personnes sans comorbidit\u00e9s, \u00e9chappant ainsi aux anciennes recommandations. L\u2019\u00e9largissement aux 65 ans et plus repose \u00e9galement sur des donn\u00e9es d\u2019efficacit\u00e9 et de tol\u00e9rance satisfaisantes pour <a href=\"https:\/\/www.lemoniteurdespharmacies.fr\/conseils\/maux-du-quotidien\/prevenar-20\" target=\"_blank\" rel=\"noopener\">Prevenar 20<\/a>, ainsi que sur un rapport co\u00fbt-efficace jug\u00e9 favorable dans cette tranche d\u2019\u00e2ge.<\/p>\n<p>Simplifier le calendrier de pr\u00e9vention<\/p>\n<p>\u00c0 65 ans, les recommandations incluent quatre vaccins (<a href=\"https:\/\/www.lemoniteurdespharmacies.fr\/nouvelles-missions\/vaccination\/grippe-et-covid-19-la-campagne-de-vaccination-debute-dans-un-mois\" target=\"_blank\" rel=\"noopener\">Covid-19, grippe<\/a>, <a href=\"https:\/\/www.lemoniteurdespharmacies.fr\/conseils\/pathologies\/la-vaccination-contre-le-zona-a-lofficine\" target=\"_blank\" rel=\"noopener\">zona<\/a>, pneumocoque) et un rappel dipht\u00e9rie \u2013 t\u00e9tanos \u2013 poliomy\u00e9lite (DTP). Prevenar 20, administr\u00e9 en une seule dose, peut \u00eatre inject\u00e9 seul ou conjointement avec les vaccins saisonniers. Les crit\u00e8res d\u2019\u00e9ligibilit\u00e9 actuels demeurent pour les adultes de 18 \u00e0 64 ans \u00e0 risque. Enfin, la HAS insiste sur la n\u00e9cessit\u00e9 d\u2019un suivi r\u00e9gulier de la couverture vaccinale et pr\u00e9voit d\u2019adapter ses recommandations en fonction de l\u2019\u00e9volution \u00e9pid\u00e9miologique et de la disponibilit\u00e9 de nouveaux vaccins.<\/p>\n<blockquote class=\"wp-block-quote is-layout-flow wp-block-quote-is-layout-flow\"><p>Fiche technique\u00a0<\/p>\n<ul>\n<li>Pr\u00e9sentation : Prevenar 20, suspension injectable 0,5 ml en seringue pr\u00e9remplie avec aiguille s\u00e9par\u00e9e (B\/1)<\/li>\n<li>CIP : 34009 302 478 5 3<\/li>\n<li>Prix fabricant hors taxes : 48,33 euros* et\u00a0prix public toutes taxes comprises : 56,53 euros*<\/li>\n<\/ul>\n<p>*Hors honoraire de dispensation<\/p>\n<\/blockquote>\n","protected":false},"excerpt":{"rendered":"Depuis juillet 2023, la HAS\u00a0recommandait Prevenar 20\u00a0pour les personnes \u00e0 risque de forme s\u00e9v\u00e8re, \u00e2g\u00e9es de 18 ans&hellip;\n","protected":false},"author":2,"featured_media":454186,"comment_status":"","ping_status":"","sticky":false,"template":"","format":"standard","meta":{"footnotes":""},"categories":[10],"tags":[1011,27,72,71,4008],"class_list":{"0":"post-454185","1":"post","2":"type-post","3":"status-publish","4":"format-standard","5":"has-post-thumbnail","7":"category-sante","8":"tag-fr","9":"tag-france","10":"tag-health","11":"tag-sante","12":"tag-vaccins"},"share_on_mastodon":{"url":"https:\/\/pubeurope.com\/@fr\/115353669130815547","error":""},"_links":{"self":[{"href":"https:\/\/www.europesays.com\/fr\/wp-json\/wp\/v2\/posts\/454185","targetHints":{"allow":["GET"]}}],"collection":[{"href":"https:\/\/www.europesays.com\/fr\/wp-json\/wp\/v2\/posts"}],"about":[{"href":"https:\/\/www.europesays.com\/fr\/wp-json\/wp\/v2\/types\/post"}],"author":[{"embeddable":true,"href":"https:\/\/www.europesays.com\/fr\/wp-json\/wp\/v2\/users\/2"}],"replies":[{"embeddable":true,"href":"https:\/\/www.europesays.com\/fr\/wp-json\/wp\/v2\/comments?post=454185"}],"version-history":[{"count":0,"href":"https:\/\/www.europesays.com\/fr\/wp-json\/wp\/v2\/posts\/454185\/revisions"}],"wp:featuredmedia":[{"embeddable":true,"href":"https:\/\/www.europesays.com\/fr\/wp-json\/wp\/v2\/media\/454186"}],"wp:attachment":[{"href":"https:\/\/www.europesays.com\/fr\/wp-json\/wp\/v2\/media?parent=454185"}],"wp:term":[{"taxonomy":"category","embeddable":true,"href":"https:\/\/www.europesays.com\/fr\/wp-json\/wp\/v2\/categories?post=454185"},{"taxonomy":"post_tag","embeddable":true,"href":"https:\/\/www.europesays.com\/fr\/wp-json\/wp\/v2\/tags?post=454185"}],"curies":[{"name":"wp","href":"https:\/\/api.w.org\/{rel}","templated":true}]}}