{"id":454194,"date":"2025-10-11T04:38:11","date_gmt":"2025-10-11T04:38:11","guid":{"rendered":"https:\/\/www.europesays.com\/fr\/454194\/"},"modified":"2025-10-11T04:38:11","modified_gmt":"2025-10-11T04:38:11","slug":"les-etats-unis-menacent-de-sanctions-les-pays-qui-approuveront-une-taxe-carbone-sur-le-transport-maritime","status":"publish","type":"post","link":"https:\/\/www.europesays.com\/fr\/454194\/","title":{"rendered":"Les \u00c9tats-Unis menacent de sanctions les pays qui approuveront une taxe carbone sur le transport maritime"},"content":{"rendered":"<p>\n    La semaine prochaine, les membres de l\u2019Organisation maritime internationale (OMI) doivent voter sur l\u2019adoption d\u2019un accord visant \u00e0 r\u00e9duire les \u00e9missions de dioxyde de carbone du transport maritime international.<\/p>\n<p class=\"fig-paragraph\">Les \u00c9tats-Unis ont menac\u00e9 vendredi de sanctions tout pays qui voterait en faveur d&rsquo;une\u00a0<a href=\"https:\/\/www.lefigaro.fr\/tag\/taxe-carbone\" target=\"_blank\" rel=\"sponsored noopener\" data-gtm-custom-categorie=\"navigation\" data-gtm-custom-action=\"crossclick\" data-gtm-custom-label=\"Contextuel\" data-gtm-event=\"customEventSPE\">taxe carbone<\/a>\u00a0sur le transport maritime, dans le cadre de l&rsquo;Organisation maritime internationale (OMI), une agence de l&rsquo;ONU, d\u00e9non\u00e7ant une mesure \u00abn\u00e9ocoloniale\u00bb.<\/p>\n<p class=\"fig-paragraph\">\u00abNous nous battrons avec acharnement pour prot\u00e9ger nos int\u00e9r\u00eats \u00e9conomiques en imposant des co\u00fbts aux pays qui soutiennent le NZF\u00bb, cette taxe carbone, ont indiqu\u00e9 le secr\u00e9taire d&rsquo;\u00c9tat am\u00e9ricain Marco Rubio et ses homologues \u00e0 l&rsquo;\u00c9nergie et aux Transports dans un communiqu\u00e9.<\/p>\n<p>                                    <a class=\"fig-a11y-skip a11y-hidden\" href=\"#fig-a11y-skip-main-inarticle\"><br \/>\n        Passer la publicit\u00e9<br \/>\n    <\/a><\/p>\n<p class=\"fig-paragraph\">La semaine prochaine, les membres de l&rsquo;OMI, bas\u00e9e \u00e0 Londres, doivent voter sur l&rsquo;adoption d&rsquo;un accord dit \u00abNZF\u00bb visant \u00e0 r\u00e9duire les \u00e9missions mondiales de dioxyde de carbone provenant du secteur du transport maritime international. \u00abCe sera la premi\u00e8re fois qu&rsquo;une organisation des Nations unies imposera une taxe carbone mondiale \u00e0 l&rsquo;\u00e9chelle internationale\u00bb, selon Washington.<\/p>\n<p>Visas restreints ou taxes suppl\u00e9mentaires<\/p>\n<p class=\"fig-paragraph\">Washington dit rejeter \u00abcat\u00e9goriquement\u00bb cette proposition soumise \u00e0 l&rsquo;OMI et \u00abne tol\u00e9rera aucune mesure susceptible d&rsquo;augmenter les co\u00fbts pour nos citoyens, nos fournisseurs d&rsquo;\u00e9nergie, nos compagnies maritimes et leurs clients, ou encore nos touristes\u00bb, selon le communiqu\u00e9.<\/p>\n<p class=\"fig-paragraph\">Pour les \u00c9tats-Unis, les r\u00e9percussions \u00e9conomiques de cette mesure \u00abpourraient \u00eatre d\u00e9sastreuses, certaines estimations pr\u00e9voyant une augmentation des co\u00fbts mondiaux du transport maritime pouvant atteindre 10% ou plus\u00bb.<\/p>\n<p class=\"fig-paragraph\">Depuis son retour au pouvoir, le pr\u00e9sident am\u00e9ricain Donald Trump a enclench\u00e9 une marche arri\u00e8re toute en mati\u00e8re de climat, d\u00e9non\u00e7ant l&rsquo;Accord de Paris de 2015 qui vise \u00e0 limiter le r\u00e9chauffement \u00e0 +1.5\u00b0C id\u00e9alement et soutenant les \u00e9nergies fossiles \u00e0 coups de d\u00e9r\u00e9gulation. Le dirigeant r\u00e9publicain a rejet\u00e9 \u00e0 l&rsquo;ONU les conclusions scientifiques sur le sujet et accus\u00e9 le \u00abchangement climatique\u00bb d&rsquo;\u00eatre \u00abla plus grande arnaque\u00bb de l&rsquo;Histoire. Parmi les sanctions envisag\u00e9es, des restrictions de visa ou des frais portuaires suppl\u00e9mentaires aux navires d\u00e9tenus, exploit\u00e9s ou battant pavillon de pays soutenant la taxe carbone.<\/p>\n","protected":false},"excerpt":{"rendered":"La semaine prochaine, les membres de l\u2019Organisation maritime internationale (OMI) doivent voter sur l\u2019adoption d\u2019un accord visant \u00e0&hellip;\n","protected":false},"author":2,"featured_media":454195,"comment_status":"","ping_status":"","sticky":false,"template":"","format":"standard","meta":{"footnotes":""},"categories":[5],"tags":[11,73,1011,27,14,12,55444,28],"class_list":{"0":"post-454194","1":"post","2":"type-post","3":"status-publish","4":"format-standard","5":"has-post-thumbnail","7":"category-international","8":"tag-actualites","9":"tag-etats-unis","10":"tag-fr","11":"tag-france","12":"tag-international","13":"tag-news","14":"tag-taxe-carbone","15":"tag-world"},"share_on_mastodon":{"url":"https:\/\/pubeurope.com\/@fr\/115353688774851835","error":""},"_links":{"self":[{"href":"https:\/\/www.europesays.com\/fr\/wp-json\/wp\/v2\/posts\/454194","targetHints":{"allow":["GET"]}}],"collection":[{"href":"https:\/\/www.europesays.com\/fr\/wp-json\/wp\/v2\/posts"}],"about":[{"href":"https:\/\/www.europesays.com\/fr\/wp-json\/wp\/v2\/types\/post"}],"author":[{"embeddable":true,"href":"https:\/\/www.europesays.com\/fr\/wp-json\/wp\/v2\/users\/2"}],"replies":[{"embeddable":true,"href":"https:\/\/www.europesays.com\/fr\/wp-json\/wp\/v2\/comments?post=454194"}],"version-history":[{"count":0,"href":"https:\/\/www.europesays.com\/fr\/wp-json\/wp\/v2\/posts\/454194\/revisions"}],"wp:featuredmedia":[{"embeddable":true,"href":"https:\/\/www.europesays.com\/fr\/wp-json\/wp\/v2\/media\/454195"}],"wp:attachment":[{"href":"https:\/\/www.europesays.com\/fr\/wp-json\/wp\/v2\/media?parent=454194"}],"wp:term":[{"taxonomy":"category","embeddable":true,"href":"https:\/\/www.europesays.com\/fr\/wp-json\/wp\/v2\/categories?post=454194"},{"taxonomy":"post_tag","embeddable":true,"href":"https:\/\/www.europesays.com\/fr\/wp-json\/wp\/v2\/tags?post=454194"}],"curies":[{"name":"wp","href":"https:\/\/api.w.org\/{rel}","templated":true}]}}