{"id":454196,"date":"2025-10-11T04:39:13","date_gmt":"2025-10-11T04:39:13","guid":{"rendered":"https:\/\/www.europesays.com\/fr\/454196\/"},"modified":"2025-10-11T04:39:13","modified_gmt":"2025-10-11T04:39:13","slug":"ce-que-lon-sait-sur-les-commandos-recrutes-pour-intimider-les-opposants-au-chantier","status":"publish","type":"post","link":"https:\/\/www.europesays.com\/fr\/454196\/","title":{"rendered":"ce que l&rsquo;on sait sur les \u00ab\u2009commandos\u2009\u00bb recrut\u00e9s pour intimider les opposants au chantier"},"content":{"rendered":"<p>            Par<br \/>\n        <strong><br \/>\n            <a href=\"https:\/\/actu.fr\/auteur\/paul-2\" title=\"Consulter tous les articles de Paul Halbedel\" target=\"_blank\" rel=\"noopener\">Paul Halbedel<\/a><br \/>\n        <\/strong><\/p>\n<p>        Publi\u00e9 le<\/p>\n<p>            10 oct. 2025 \u00e0 16h30<br \/>\n        ; mis \u00e0 jour le 10 oct. 2025 \u00e0 21h24    <\/p>\n<p>Ils avaient <strong>asperg\u00e9 de liquide inflammable et gaz lacrymog\u00e8nes des militants<\/strong> engag\u00e9s dans la lutte contre le chantier de l\u2019autoroute entre Castres et Toulouse et lanc\u00e9 des <strong>cocktails molotov<\/strong> sur leurs tentes ou v\u00e9hicules. Six des neuf individus plac\u00e9s en garde \u00e0 vue, mardi 7 octobre, pour avoir jou\u00e9 un r\u00f4le dans des violences et incendies volontaires commis \u00e0 l\u2019encontre d\u2019opposants \u00e0<a href=\"https:\/\/actu.fr\/tag\/autoroute-castres-toulouse-a69\" target=\"_blank\" rel=\"noopener\"> l\u2019A69<\/a> ont reconnu les faits qui leur \u00e9taient reproch\u00e9s lors de leur audition. Une annonce faite par le procureur de la R\u00e9publique \u00e0 Toulouse, <strong>David Charmatz<\/strong>, ce vendredi 10\u00a0octobre, lors d\u2019une conf\u00e9rence de presse donn\u00e9e au tribunal correctionnel de Toulouse aux c\u00f4t\u00e9s du colonel <strong>Mika\u00ebl Petit<\/strong>, le commandant de la Section de recherches de Toulouse.<\/p>\n<p class=\" wall-content\">C\u2019est cette unit\u00e9 de la gendarmerie qui a dirig\u00e9 les investigations men\u00e9es dans le cadre de l\u2019information judiciaire ouverte par le parquet de Toulouse en juin\u00a02025 pour des faits qualifi\u00e9s de <strong>\u00ab\u2009destructions en bande organis\u00e9e, violence aggrav\u00e9e, et association de malfaiteurs en vue de la pr\u00e9paration d\u2019un crime\u2009\u00bb<\/strong>. Des actes ayant \u00e9t\u00e9 commis \u00e0 trois reprises, du 13 ao\u00fbt au 1er\u00a0septembre, \u00e0 <a href=\"https:\/\/actu.fr\/occitanie\/verfeil_31573\" target=\"_blank\" rel=\"noopener\">Verfeil<\/a> et \u00e0 <a href=\"https:\/\/actu.fr\/occitanie\/saix_81273\" target=\"_blank\" rel=\"noopener\">Sa\u00efx<\/a>.<\/p>\n<p>Cinq ex\u00e9cutants et un commanditaire<\/p>\n<p class=\" wall-content\">Le procureur de la R\u00e9publique pr\u00e9cise que trois des neuf personnes arr\u00eat\u00e9es ont \u00e9t\u00e9 mises hors de cause. \u00ab\u2009Le juge d\u2019instruction doit recevoir aujourd\u2019hui les six autres individus pour probablement leur signifier leur mise en examen\u2009\u00bb, a-t-il poursuivi. Parmi ces six personnes figurent <strong>cinq jeunes \u00e2g\u00e9s de 22 \u00e0 33\u00a0ans<\/strong> originaires de la r\u00e9gion de Lyon et de Marseille.<\/p>\n<blockquote class=\"ac-article-quote wall-content\">\n<p>Ce sont des ex\u00e9cutants qui admettent leur participation \u00e0 ces faits moyennant r\u00e9mun\u00e9ration. Ils expliquent que ces incendies ont \u00e9t\u00e9 organis\u00e9s et planifi\u00e9s \u00e0 la demande du g\u00e9rant de la soci\u00e9t\u00e9 \u00e0 qui l&rsquo;entreprise NGE confiait la responsabilit\u00e9 de la s\u00e9curit\u00e9 du chantier et qui servait d&rsquo;interm\u00e9diaire avec les soci\u00e9t\u00e9s de gardiennage. Aucun de ces cinq ex\u00e9cutants n&rsquo;\u00e9tait cependant employ\u00e9 sur le chantier.<\/p>\n<p>    <strong>David Charmatz<\/strong><br \/>\n        Procureur de la R\u00e9publique de Toulouse    <\/p><\/blockquote>\n<p class=\" wall-content\">Interrog\u00e9 sur le profil de ces ex\u00e9cutants et la fa\u00e7on dont ils \u00e9taient recrut\u00e9s, le procureur a \u00e9voqu\u00e9 <strong>\u00ab\u2009des jeunes plut\u00f4t d\u00e9s\u0153uvr\u00e9s\u2009\u00bb<\/strong> qui agissaient <strong>\u00ab\u2009pour quelques centaines d\u2019euros\u2009\u00bb<\/strong>.<\/p>\n<p>Vid\u00e9os : en ce moment sur ActuDes \u00ab\u2009commandos\u2009\u00bb pour intimider les opposants<\/p>\n<p class=\" wall-content\">Le g\u00e9rant de la soci\u00e9t\u00e9 de s\u00e9curit\u00e9 est donc la sixi\u00e8me personne toujours mise en cause dans cette affaire. <strong>\u00ab\u2009Il a reconnu son implication dans l\u2019organisation de ce que l\u2019on peut appeler des commandos\u2009\u00bb<\/strong>, indique le procureur au sujet de cet <strong>homme \u00e2g\u00e9 de 51\u00a0ans, <\/strong>ayant un \u00ab\u2009casier judiciaire ancien, mais pour des faits sans commune mesure avec ceux qui lui sont reproch\u00e9s aujourd\u2019hui\u2009\u00bb.<\/p>\n<blockquote class=\"ac-article-quote wall-content\">\n<p>Il est, selon les dires des ex\u00e9cutants, celui qui a organis\u00e9 et mis en place des dispositifs pour arriver \u00e0 commettre ces incendies, bien \u00e9videmment, dans le but de faire pression sur les opposants, de permettre la reprise du chantier et d&rsquo;intimider ceux qui voulaient s&rsquo;y opposer.<\/p>\n<p>    <strong>David Charmatz<\/strong>\n            <\/p><\/blockquote>\n<p>Votre r\u00e9gion, votre actu !<\/p>\n<p>Recevez chaque jour les infos qui comptent pour vous.<\/p>\n<p>\t<a href=\"https:\/\/actu.fr\/newsletter\" class=\"ac-btn ac-btn--corner ac-btn--medium ac-btn--blue800\" target=\"_blank\" rel=\"noopener\">S&rsquo;incrire<\/a><br \/>\nUn mandat de d\u00e9p\u00f4t requis contre deux des six individus<\/p>\n<p class=\" wall-content\">Le parquet annonce avoir requis un <strong>contr\u00f4le judiciaire contre quatre de ces \u00ab\u2009petites mains\u2009\u00bb<\/strong> au regard de \u00ab\u2009l\u2019absence de casier judiciaire important et du fait de leur reconnaissance de culpabilit\u00e9\u2009\u00bb. Un <strong>mandat de d\u00e9p\u00f4t a par contre \u00e9t\u00e9 demand\u00e9 contre le cinqui\u00e8me et plus \u00e2g\u00e9 de ces ex\u00e9cutants<\/strong>. Une d\u00e9cision que David Charmatz justifie par \u00ab\u2009le casier judiciaire \u00e9loquent\u2009\u00bb de l\u2019individu et \u00ab\u2009sa participation \u00e0 plus de faits\u2009\u00bb. Enfin, <strong>un placement en d\u00e9tention provisoire est aussi requis contre le g\u00e9rant de la soci\u00e9t\u00e9<\/strong> de s\u00e9curit\u00e9 ayant tenu le r\u00f4le de commanditaire de l\u2019ensemble de ces actions violentes.<\/p>\n<p class=\" wall-content\">L\u2019ensemble de ces individus doivent maintenant \u00eatre <strong>pr\u00e9sent\u00e9s \u00e0 un juge d\u2019instruction d\u2019ici la fin de la journ\u00e9e<\/strong>. C\u2019est ce dernier qui d\u00e9cidera de donner une suite favorable ou non \u00e0 ces r\u00e9quisitions.<\/p>\n<p>Pas de placement en d\u00e9tention provisoire<\/p>\n<p>Vendredi en d\u00e9but de soir\u00e9e, on apprenait des services du procureur de la R\u00e9publique de Toulouse que le commanditaire de ces actions et le plus \u00e2g\u00e9 des ex\u00e9cutants avaient finalement \u00e9t\u00e9 plac\u00e9s sous contr\u00f4le judiciaire par le juge d&rsquo;instruction qui n&rsquo;a donc pas suivi les r\u00e9quisitions du Parquet.<\/p>\n<p>D\u2019autres personnes impliqu\u00e9es\u2009?<\/p>\n<p class=\" wall-content\">Le procureur de la R\u00e9publique pr\u00e9cise enfin que <strong>l\u2019enqu\u00eate et les investigations de la gendarmerie vont se poursuivre<\/strong> afin de continuer \u00e0 faire toute la lumi\u00e8re sur cette affaire.<\/p>\n<blockquote class=\"ac-article-quote wall-content\">\n<p>L&rsquo;objectif de la justice est de savoir si les int\u00e9ress\u00e9s ont eu des complices. Il y a tr\u00e8s certainement d&rsquo;autres ex\u00e9cutants \u00e0 retrouver et \u00e0 appr\u00e9hender. Il faut aussi savoir si ce g\u00e9rant a re\u00e7u des ordres\u00a0 avec des complices plus haut plac\u00e9s. Aucune hypoth\u00e8se n&rsquo;est ferm\u00e9e et la justice s&rsquo;appliquera \u00e0 fermer toutes les portes dans ce dossier.<\/p>\n<p>    <strong>David Charmatz<\/strong>\n            <\/p><\/blockquote>\n<p class=\" wall-content\">Soulignons qu\u2019\u00e0 l\u2019heure actuelle, le parquet informe qu\u2019aucun responsable de l\u2019entreprise NGE, constructeur de l\u2019autoroute A69, n\u2019a \u00e9t\u00e9 auditionn\u00e9 dans cette affaire.<\/p>\n<p class=\" wall-content\">Personnalisez votre actualit\u00e9 en ajoutant vos villes et m\u00e9dias en favori avec <a href=\"https:\/\/moncompte.actu.fr\" title=\"D\u00e9couvez Mon Actu\" rel=\"nofollow noopener\" data-trk=\"{&quot;cta&quot;:{&quot;action&quot;:&quot;https:\\\/\\\/moncompte.actu.fr&quot;,&quot;category&quot;:&quot;mon compte&quot;,&quot;from&quot;:&quot;article footer&quot;,&quot;name&quot;:&quot;Mon actu&quot;,&quot;type&quot;:&quot;cta&quot;}}\" target=\"_blank\">Mon Actu<\/a>.<\/p>\n","protected":false},"excerpt":{"rendered":"Par Paul Halbedel Publi\u00e9 le 10 oct. 2025 \u00e0 16h30 ; mis \u00e0 jour le 10 oct. 2025&hellip;\n","protected":false},"author":2,"featured_media":454197,"comment_status":"","ping_status":"","sticky":false,"template":"","format":"standard","meta":{"footnotes":""},"categories":[4],"tags":[11,5728,118,1011,27,1310,303,12,25],"class_list":{"0":"post-454196","1":"post","2":"type-post","3":"status-publish","4":"format-standard","5":"has-post-thumbnail","7":"category-france","8":"tag-actualites","9":"tag-autoroute-castres-toulouse-a69","10":"tag-faits-divers","11":"tag-fr","12":"tag-france","13":"tag-incendie","14":"tag-justice","15":"tag-news","16":"tag-republique-francaise"},"share_on_mastodon":{"url":"https:\/\/pubeurope.com\/@fr\/115353692675732734","error":""},"_links":{"self":[{"href":"https:\/\/www.europesays.com\/fr\/wp-json\/wp\/v2\/posts\/454196","targetHints":{"allow":["GET"]}}],"collection":[{"href":"https:\/\/www.europesays.com\/fr\/wp-json\/wp\/v2\/posts"}],"about":[{"href":"https:\/\/www.europesays.com\/fr\/wp-json\/wp\/v2\/types\/post"}],"author":[{"embeddable":true,"href":"https:\/\/www.europesays.com\/fr\/wp-json\/wp\/v2\/users\/2"}],"replies":[{"embeddable":true,"href":"https:\/\/www.europesays.com\/fr\/wp-json\/wp\/v2\/comments?post=454196"}],"version-history":[{"count":0,"href":"https:\/\/www.europesays.com\/fr\/wp-json\/wp\/v2\/posts\/454196\/revisions"}],"wp:featuredmedia":[{"embeddable":true,"href":"https:\/\/www.europesays.com\/fr\/wp-json\/wp\/v2\/media\/454197"}],"wp:attachment":[{"href":"https:\/\/www.europesays.com\/fr\/wp-json\/wp\/v2\/media?parent=454196"}],"wp:term":[{"taxonomy":"category","embeddable":true,"href":"https:\/\/www.europesays.com\/fr\/wp-json\/wp\/v2\/categories?post=454196"},{"taxonomy":"post_tag","embeddable":true,"href":"https:\/\/www.europesays.com\/fr\/wp-json\/wp\/v2\/tags?post=454196"}],"curies":[{"name":"wp","href":"https:\/\/api.w.org\/{rel}","templated":true}]}}