{"id":454200,"date":"2025-10-11T04:41:14","date_gmt":"2025-10-11T04:41:14","guid":{"rendered":"https:\/\/www.europesays.com\/fr\/454200\/"},"modified":"2025-10-11T04:41:14","modified_gmt":"2025-10-11T04:41:14","slug":"saint-etienne-les-commerces-du-centre-ville-disparaissent-a-tour-de-bras-cest-mort","status":"publish","type":"post","link":"https:\/\/www.europesays.com\/fr\/454200\/","title":{"rendered":"Saint-\u00c9tienne. Les commerces du centre-ville disparaissent \u00e0 tour de bras : \u00ab\u00a0C&rsquo;est mort\u00a0\u00bb"},"content":{"rendered":"<p>            Par<br \/>\n        <strong><br \/>\n            <a href=\"https:\/\/actu.fr\/auteur\/julien-sournies\" title=\"Consulter tous les articles de Julien Sournies\" target=\"_blank\" rel=\"noopener\">Julien Sournies<\/a><br \/>\n        <\/strong><\/p>\n<p>        Publi\u00e9 le<\/p>\n<p>            11 oct. 2025 \u00e0 6h12        <\/p>\n<p>Quand on arpente la rue du G\u00e9n\u00e9ral-Foy, r\u00e9put\u00e9e autrefois pour ses boutiques florissantes, le nombre de cellules commerciales vides ne cesse de pulluler au fil des passages dans le centre-ville de <a href=\"https:\/\/actu.fr\/saint-etienne\/\" target=\"_blank\" rel=\"noopener\">Saint-\u00c9tienne<\/a>. Ces derniers mois, en particulier au cours de l\u2019\u00e9t\u00e9, plusieurs commerces st\u00e9phanois de l\u2019hypercentre ont en effet <a href=\"https:\/\/actu.fr\/auvergne-rhone-alpes\/saint-etienne_42218\/saint-etienne-ces-boutiques-du-centre-ville-ferment-un-extraordinaire-sentiment-de-tristesse_63074254.html\" target=\"_blank\" rel=\"noopener\">mis la cl\u00e9 sous la porte<\/a>, principalement en raison d\u2019une criante<strong> baisse de fr\u00e9quentation<\/strong>.<br \/>Et forc\u00e9ment, pour les commer\u00e7ants \u00ab\u2009rescap\u00e9s\u2009\u00bb, l\u2019ambiance g\u00e9n\u00e9rale est loin d\u2019\u00eatre au beau fixe.<\/p>\n<p>\u00ab\u2009La situation pr\u00eate \u00e0 devenir pessimiste, c\u2019est s\u00fbr\u2009\u00bb<\/p>\n<p class=\" wall-content\">Selon les derniers chiffres de Codata, soci\u00e9t\u00e9 sp\u00e9cialis\u00e9e dans la collecte de donn\u00e9es, le taux de vacance commerciale dans le centre-ville st\u00e9phanois est pass\u00e9 de<strong> 14 \u00e0 17,2\u2009%<\/strong> entre\u00a02016 et\u00a02024. \u00ab\u2009Il faudrait \u00eatre aveugle pour dire que la fr\u00e9quentation dans le centre-ville n\u2019a pas baiss\u00e9 ces derni\u00e8res ann\u00e9es. Forc\u00e9ment, <strong>l\u2019avenir fait peur<\/strong> pour nous\u2009\u00bb, l\u00e2che d\u2019embl\u00e9e Nathalie*, responsable de la boutique de pr\u00eat-\u00e0-porter Ana Capri, install\u00e9e sur la rue Alsace-Lorraine depuis pr\u00e8s de trois d\u00e9cennies.<\/p>\n<p class=\" wall-content\">Si la commer\u00e7ante admet avoir connu \u00ab\u2009des jours bien meilleurs\u2009\u00bb, celle-ci souhaite n\u00e9anmoins rester optimiste. \u00ab\u2009La situation pr\u00eate \u00e0 devenir pessimiste, c\u2019est s\u00fbr. Mais j\u2019ai quand m\u00eame du mal \u00e0 croire \u00e0 l\u2019existence d\u2019un centre-ville sans commerces. De toute fa\u00e7on, je pense qu\u2019il faut rester positif, car sinon \u00e7a ne sert \u00e0 rien de se lever le matin pour aller travailler\u2009\u00bb, poursuit-elle.<\/p>\n<p>    <img   decoding=\"async\" loading=\"lazy\" src=\"https:\/\/www.europesays.com\/fr\/wp-content\/uploads\/2025\/10\/adidas-sainte-960x640.jpg\" alt=\"La boutique Adidas, situ\u00e9e rue Alsace-Lorraine, va d\u00e9finitivement fermer le 20 octobre.\" width=\"960\" height=\"640\"\/><br \/>\n    La boutique Adidas, situ\u00e9e rue Alsace-Lorraine, va d\u00e9finitivement fermer le 20\u00a0octobre. (\u00a9Julien Sournies \/ actu Saint-Etienne)<\/p>\n<p class=\" wall-content\">\u00c0 quelques encablures de sa boutique, le constat est \u00e9videmment diam\u00e9tralement oppos\u00e9 chez Adidas. \u00c0 l\u2019int\u00e9rieur, les quelques employ\u00e9s restants du mastodonte allemand, barricad\u00e9 avec des planches en bois, scellent les derniers cartons avant de d\u00e9finitivement quitter les lieux, le 20 octobre prochain.<\/p>\n<p>\u00ab\u2009Pour moi, il n\u2019y a pas d\u2019avenir, c\u2019est foutu\u2009\u00bb<\/p>\n<p class=\" wall-content\">Si la rue Alsace-Lorraine n\u2019est, elle aussi, pas \u00e9pargn\u00e9e par des fermetures, la situation est d\u2019autant plus pr\u00e9occupante au sein de la rue du G\u00e9n\u00e9ral-Foy. \u00ab\u2009On sent bien que le centre-ville est<strong> hyper d\u00e9laiss\u00e9<\/strong>. Comme je disais l\u2019autre jour \u00e0 un coll\u00e8gue qui est venu, pour moi, il n\u2019y a pas d\u2019avenir, <strong>c\u2019est foutu<\/strong>\u2009\u00bb, regrette Virginie Legat, responsable du magasin Undiz, lequel fait d\u2019ailleurs face au cadavre de l\u2019ancienne boutique Tezenis, ferm\u00e9e depuis le 8\u00a0f\u00e9vrier.<\/p>\n<blockquote class=\"ac-article-quote wall-content\">\n<p>Quand on regarde autour de nous, il y a quasiment autant de boutiques ferm\u00e9es qu&rsquo;ouvertes. C&rsquo;est vraiment mort.<\/p>\n<p>    <strong>Virginie Legat<\/strong><br \/>\n        Responsable d&rsquo;Undiz    <\/p><\/blockquote>\n<p>Votre r\u00e9gion, votre actu !<\/p>\n<p>Recevez chaque jour les infos qui comptent pour vous.<\/p>\n<p>\t<a href=\"https:\/\/actu.fr\/newsletter\" class=\"ac-btn ac-btn--corner ac-btn--medium ac-btn--blue800\" target=\"_blank\" rel=\"noopener\">S&rsquo;incrire<\/a><\/p>\n<p class=\" wall-content\">Si elle \u00ab\u2009s\u2019en sort plut\u00f4t bien par rapport \u00e0 certains\u2009\u00bb, la commer\u00e7ante affirme ne plus se fixer d\u2019objectifs de ventes. \u00ab\u2009Je ne r\u00e9alise pas les objectifs que j\u2019avais il y a sept ans, quand j\u2019ai ouvert, \u00e7a, c\u2019est certain\u2009\u00bb, confie-t-elle.<\/p>\n<p>    <img   decoding=\"async\" loading=\"lazy\" src=\"https:\/\/www.europesays.com\/fr\/wp-content\/uploads\/2025\/10\/tezenis-sainte-ferme-960x640.jpg\" alt=\"Les locaux de l'ancienne boutique Tezenis sont toujours inoccup\u00e9s huit mois apr\u00e8s sa fermeture.\" width=\"960\" height=\"640\"\/><br \/>\n    Les locaux de l\u2019ancienne boutique Tezenis sont toujours inoccup\u00e9s huit mois apr\u00e8s sa fermeture. (\u00a9Julien Sournies \/ actu Saint-Etienne)<\/p>\n<p class=\" wall-content\">Selon les commer\u00e7ants, cette d\u00e9sertification est principalement due aux <strong>d\u00e9veloppements des centres commerciaux<\/strong> et \u00e0 la hausse des <strong>achats en ligne<\/strong>. \u00c0 cela, les boutiques encore existantes ne sont par ailleurs peut-\u00eatre pas aussi attrayantes qu\u2019autrefois.<\/p>\n<p class=\" wall-content\">\u00ab\u2009Zara, H&amp;M, toutes ces boutiques, c\u2019est \u00e7a qui attire les gens, mais elles vont toutes chez Steel. L\u2019autre jour, certains commer\u00e7ants disaient qu\u2019il faudrait essayer d\u2019attirer Shein dans le centre, car \u00e7a ram\u00e8nerait du monde. Mais bon, si c\u2019est pour tuer les autres boutiques environnantes\u2026\u2009\u00bb, relate am\u00e8rement Virginie.<\/p>\n<p>\u00ab\u2009C\u2019est catastrophique\u2009\u00bb<\/p>\n<p class=\" wall-content\">Juste \u00e0 c\u00f4t\u00e9, chez Devred 1902, boutique sp\u00e9cialis\u00e9e dans les v\u00eatements et accessoires pour hommes, la joie n\u2019est pas au rendez-vous. \u00ab\u2009C\u2019est catastrophique. On a beaucoup moins de fr\u00e9quentation et moi, j\u2019ai peur qu\u2019on soit un jour amen\u00e9 \u00e0 fermer\u2009\u00bb, C\u00e9cilia Gutsche, responsable de la boutique.<\/p>\n<p class=\" wall-content\">\u00ab\u2009Par jour, on fait moins de 2\u2009000\u00a0euros. Les week-ends, peut-\u00eatre un peu plus, mais \u00e7a reste quand m\u00eame moins qu\u2019avant. Derni\u00e8rement, on a certes atteint le chiffre d\u2019affaires qu\u2019on s\u2019\u00e9tait fix\u00e9, mais durant plusieurs mois, on \u00e9tait clairement en dessous\u2009\u00bb, poursuit-elle.<\/p>\n<p>    <img   decoding=\"async\" loading=\"lazy\" src=\"https:\/\/www.europesays.com\/fr\/wp-content\/uploads\/2025\/10\/pimkie-sainte-960x640.jpg\" alt=\"L'enseigne Pimkie, install\u00e9e sur la rue du G\u00e9n\u00e9ral-Roy, va fermer ses portes en mars prochain.\" width=\"960\" height=\"640\"\/><br \/>\n    L\u2019enseigne Pimkie, install\u00e9e sur la rue du G\u00e9n\u00e9ral-Foy, va fermer ses portes en mars prochain. (\u00a9Julien Sournies \/ actu Saint-Etienne)<\/p>\n<p class=\" wall-content\">M\u00eame si la municipalit\u00e9 st\u00e9phanoise a derni\u00e8rement prolong\u00e9 d\u2019un an les mesures visant \u00e0 favoriser le commerce (gratuit\u00e9 du stationnement, animation, \u00e9clairage public), une bonne partie des professionnels du commerce restent sceptiques. D\u2019autant que, selon nos informations, un nouveau voisin de la rue du G\u00e9n\u00e9ral-Foy, l\u2019enseigne <strong>Pimkie<\/strong>, va \u00e0 son tour <a href=\"https:\/\/actu.fr\/auvergne-rhone-alpes\/saint-etienne_42218\/saint-etienne-la-boutique-pimkie-du-centre-ville-va-definitivement-fermer-voici-quand_63285454.html\" target=\"_blank\" rel=\"noopener\">baisser d\u00e9finitivement le rideau<\/a> en mars prochain.<\/p>\n<p>(*) : le pr\u00e9nom a \u00e9t\u00e9 modifi\u00e9.<\/p>\n<p class=\" wall-content\">Personnalisez votre actualit\u00e9 en ajoutant vos villes et m\u00e9dias en favori avec <a href=\"https:\/\/moncompte.actu.fr\" title=\"D\u00e9couvez Mon Actu\" rel=\"nofollow noopener\" data-trk=\"{&quot;cta&quot;:{&quot;action&quot;:&quot;https:\\\/\\\/moncompte.actu.fr&quot;,&quot;category&quot;:&quot;mon compte&quot;,&quot;from&quot;:&quot;article footer&quot;,&quot;name&quot;:&quot;Mon actu&quot;,&quot;type&quot;:&quot;cta&quot;}}\" target=\"_blank\">Mon Actu<\/a>.<\/p>\n","protected":false},"excerpt":{"rendered":"Par Julien Sournies Publi\u00e9 le 11 oct. 2025 \u00e0 6h12 Quand on arpente la rue du G\u00e9n\u00e9ral-Foy, r\u00e9put\u00e9e&hellip;\n","protected":false},"author":2,"featured_media":454201,"comment_status":"","ping_status":"","sticky":false,"template":"","format":"standard","meta":{"footnotes":""},"categories":[9653],"tags":[1111,11,2430,215,130,33,1777,674,1011,27,12,2922,25,4001],"class_list":{"0":"post-454200","1":"post","2":"type-post","3":"status-publish","4":"format-standard","5":"has-post-thumbnail","7":"category-saint-etienne","8":"tag-actu","9":"tag-actualites","10":"tag-auvergne-rhone-alpes","11":"tag-commerce","12":"tag-consommation","13":"tag-economie","14":"tag-eu","15":"tag-europe","16":"tag-fr","17":"tag-france","18":"tag-news","19":"tag-pouvoir-dachat","20":"tag-republique-francaise","21":"tag-saint-etienne"},"share_on_mastodon":{"url":"https:\/\/pubeurope.com\/@fr\/115353701274957029","error":""},"_links":{"self":[{"href":"https:\/\/www.europesays.com\/fr\/wp-json\/wp\/v2\/posts\/454200","targetHints":{"allow":["GET"]}}],"collection":[{"href":"https:\/\/www.europesays.com\/fr\/wp-json\/wp\/v2\/posts"}],"about":[{"href":"https:\/\/www.europesays.com\/fr\/wp-json\/wp\/v2\/types\/post"}],"author":[{"embeddable":true,"href":"https:\/\/www.europesays.com\/fr\/wp-json\/wp\/v2\/users\/2"}],"replies":[{"embeddable":true,"href":"https:\/\/www.europesays.com\/fr\/wp-json\/wp\/v2\/comments?post=454200"}],"version-history":[{"count":0,"href":"https:\/\/www.europesays.com\/fr\/wp-json\/wp\/v2\/posts\/454200\/revisions"}],"wp:featuredmedia":[{"embeddable":true,"href":"https:\/\/www.europesays.com\/fr\/wp-json\/wp\/v2\/media\/454201"}],"wp:attachment":[{"href":"https:\/\/www.europesays.com\/fr\/wp-json\/wp\/v2\/media?parent=454200"}],"wp:term":[{"taxonomy":"category","embeddable":true,"href":"https:\/\/www.europesays.com\/fr\/wp-json\/wp\/v2\/categories?post=454200"},{"taxonomy":"post_tag","embeddable":true,"href":"https:\/\/www.europesays.com\/fr\/wp-json\/wp\/v2\/tags?post=454200"}],"curies":[{"name":"wp","href":"https:\/\/api.w.org\/{rel}","templated":true}]}}