{"id":454202,"date":"2025-10-11T04:42:12","date_gmt":"2025-10-11T04:42:12","guid":{"rendered":"https:\/\/www.europesays.com\/fr\/454202\/"},"modified":"2025-10-11T04:42:12","modified_gmt":"2025-10-11T04:42:12","slug":"chez-livio-on-est-bien-loin-du-macon-avec-sa-truelle-et-sa-brouette","status":"publish","type":"post","link":"https:\/\/www.europesays.com\/fr\/454202\/","title":{"rendered":"chez Livio, \u00ab\u00a0on est bien loin du ma\u00e7on avec sa truelle et sa brouette\u00a0\u00bb"},"content":{"rendered":"<p>Pr\u00e8s de deux cents \u00e9l\u00e8ves. R\u00e9partis sur la journ\u00e9e, les coll\u00e9giens de 4e\u00a0 et 3e\u00a0 de Remiremont et de la vall\u00e9e de la Moselle scolaris\u00e9s \u00e0 Jules-Ferry au Thillot d\u00e9couvrent les m\u00e9tiers du b\u00e2timent sur le site Livio de Saint-\u00c9tienne-l\u00e8s-Remiremont ce vendredi. Du ma\u00e7on aux ressources humaines, en passant par le conducteur de travaux et la responsable communication.<\/p>\n<p>\u00ab\u00a0On souhaite montrer l\u2019int\u00e9r\u00eat de nos m\u00e9tiers, \u00e0 destination des filles comme des gar\u00e7ons. Aujourd\u2019hui, ce sont des m\u00e9tiers techniques, physiques, mais moins fatigants et plus agr\u00e9ables&#8230;.<\/p>\n","protected":false},"excerpt":{"rendered":"Pr\u00e8s de deux cents \u00e9l\u00e8ves. R\u00e9partis sur la journ\u00e9e, les coll\u00e9giens de 4e\u00a0 et 3e\u00a0 de Remiremont et&hellip;\n","protected":false},"author":2,"featured_media":454203,"comment_status":"","ping_status":"","sticky":false,"template":"","format":"standard","meta":{"footnotes":""},"categories":[9653],"tags":[1111,11,2430,4749,22455,3599,130,33,1798,1057,341,1777,674,107,5016,1011,27,12,25,4001,33907,774],"class_list":{"0":"post-454202","1":"post","2":"type-post","3":"status-publish","4":"format-standard","5":"has-post-thumbnail","7":"category-saint-etienne","8":"tag-actu","9":"tag-actualites","10":"tag-auvergne-rhone-alpes","11":"tag-btp-et-chantiers","12":"tag-cc-de-la-porte-des-vosges-meridionales-88a","13":"tag-college-lycee","14":"tag-consommation","15":"tag-economie","16":"tag-edition-remiremont-gerardmer","17":"tag-education","18":"tag-emploi","19":"tag-eu","20":"tag-europe","21":"tag-fil-info","22":"tag-formation-orientation","23":"tag-fr","24":"tag-france","25":"tag-news","26":"tag-republique-francaise","27":"tag-saint-etienne","28":"tag-saint-etienne-les-remiremont","29":"tag-vosges"},"share_on_mastodon":{"url":"https:\/\/pubeurope.com\/@fr\/115353704438978593","error":""},"_links":{"self":[{"href":"https:\/\/www.europesays.com\/fr\/wp-json\/wp\/v2\/posts\/454202","targetHints":{"allow":["GET"]}}],"collection":[{"href":"https:\/\/www.europesays.com\/fr\/wp-json\/wp\/v2\/posts"}],"about":[{"href":"https:\/\/www.europesays.com\/fr\/wp-json\/wp\/v2\/types\/post"}],"author":[{"embeddable":true,"href":"https:\/\/www.europesays.com\/fr\/wp-json\/wp\/v2\/users\/2"}],"replies":[{"embeddable":true,"href":"https:\/\/www.europesays.com\/fr\/wp-json\/wp\/v2\/comments?post=454202"}],"version-history":[{"count":0,"href":"https:\/\/www.europesays.com\/fr\/wp-json\/wp\/v2\/posts\/454202\/revisions"}],"wp:featuredmedia":[{"embeddable":true,"href":"https:\/\/www.europesays.com\/fr\/wp-json\/wp\/v2\/media\/454203"}],"wp:attachment":[{"href":"https:\/\/www.europesays.com\/fr\/wp-json\/wp\/v2\/media?parent=454202"}],"wp:term":[{"taxonomy":"category","embeddable":true,"href":"https:\/\/www.europesays.com\/fr\/wp-json\/wp\/v2\/categories?post=454202"},{"taxonomy":"post_tag","embeddable":true,"href":"https:\/\/www.europesays.com\/fr\/wp-json\/wp\/v2\/tags?post=454202"}],"curies":[{"name":"wp","href":"https:\/\/api.w.org\/{rel}","templated":true}]}}