{"id":454206,"date":"2025-10-11T04:44:19","date_gmt":"2025-10-11T04:44:19","guid":{"rendered":"https:\/\/www.europesays.com\/fr\/454206\/"},"modified":"2025-10-11T04:44:19","modified_gmt":"2025-10-11T04:44:19","slug":"10-kg-de-ketamine-saisis-dans-le-coffre-dune-voiture-au-centre-ville","status":"publish","type":"post","link":"https:\/\/www.europesays.com\/fr\/454206\/","title":{"rendered":"10\u00a0kg de k\u00e9tamine saisis dans le coffre d\u2019une voiture au centre-ville"},"content":{"rendered":"<p>Une op\u00e9ration de police sur r\u00e9quisition du procureur de la R\u00e9publique s\u2019est d\u00e9roul\u00e9e mercredi 8\u00a0octobre, dans le quartier Saint-Nicolas, \u00e0 Nancy. Un v\u00e9hicule mal gar\u00e9 dans la rue \u00e9ponyme, attirait l\u2019attention des policiers alors que le conducteur sortait d\u2019un commerce et regagnait sa voiture.<\/p>\n<p>Face aux explications un peu n\u00e9buleuses de l\u2019individu quant \u00e0 son lieu de domiciliation &#8211; il se disait SDF &#8211; et la propri\u00e9t\u00e9 de la voiture a priori sous-lou\u00e9e, les fonctionnaires d\u00e9cidaient de proc\u00e9der au contr\u00f4le du coffre.<\/p>\n<p>\u00c0 l\u2019int\u00e9rieur, ils d\u00e9couvraient des bonbonnes de protoxyde d\u2019azote (gaz hilarant) ainsi que 10\u00a0kilos de produits suspects \u00e0 identifier, mais qui ressemblait fortement \u00e0 des stup\u00e9fiants.<\/p>\n<p>Apr\u00e8s analyse, il s\u2019av\u00e9rait que la marchandise qui se pr\u00e9sentait sous forme de poudre et de cristaux, \u00e9tait de la k\u00e9tamine, une puissante drogue de synth\u00e8se employ\u00e9e \u00e0 usage m\u00e9dical en tant qu\u2019anesth\u00e9sique, notamment. \u00c2g\u00e9 de 24 ans, le suspect \u00e9tait plac\u00e9 en garde \u00e0 vue au sein de la Division de la criminalit\u00e9 territoriale (DCT) pour enqu\u00eate du service des stups.<\/p>\n<p>Inconnu des autorit\u00e9s, le mis en cause aurait assur\u00e9 ignorer le contenu de ce qu\u2019il transportait et qu\u2019il effectuait cette course pour un tiers non identifi\u00e9, contre une r\u00e9tribution de 200\u00a0\u20ac. Une bien maigre prime de risque lorsqu\u2019on sait la valeur marchande du produit \u00e0 la revente sur le march\u00e9 illicite\u00a0: 400\u00a0000\u00a0\u20ac.<\/p>\n<p>Pr\u00e9sent\u00e9 vendredi aux magistrats de la cit\u00e9 judiciaire, le suspect devait \u00eatre plac\u00e9 en d\u00e9tention provisoire dans la perspective de son jugement en comparution imm\u00e9diate lundi 13\u00a0octobre.<\/p>\n","protected":false},"excerpt":{"rendered":"Une op\u00e9ration de police sur r\u00e9quisition du procureur de la R\u00e9publique s\u2019est d\u00e9roul\u00e9e mercredi 8\u00a0octobre, dans le quartier&hellip;\n","protected":false},"author":2,"featured_media":454207,"comment_status":"","ping_status":"","sticky":false,"template":"","format":"standard","meta":{"footnotes":""},"categories":[9635],"tags":[1111,11,271,272,1704,1777,674,274,1011,27,775,3457,1702,1703,12,25],"class_list":{"0":"post-454206","1":"post","2":"type-post","3":"status-publish","4":"format-standard","5":"has-post-thumbnail","7":"category-nancy","8":"tag-actu","9":"tag-actualites","10":"tag-crime","11":"tag-delit-et-contravention","12":"tag-edition-nancy-et-agglomeration","13":"tag-eu","14":"tag-europe","15":"tag-faits-divers-justice","16":"tag-fr","17":"tag-france","18":"tag-grand-est","19":"tag-meurthe-et-moselle","20":"tag-nancy","21":"tag-nancy-ville-54b","22":"tag-news","23":"tag-republique-francaise"},"share_on_mastodon":{"url":"https:\/\/pubeurope.com\/@fr\/115353712333003142","error":""},"_links":{"self":[{"href":"https:\/\/www.europesays.com\/fr\/wp-json\/wp\/v2\/posts\/454206","targetHints":{"allow":["GET"]}}],"collection":[{"href":"https:\/\/www.europesays.com\/fr\/wp-json\/wp\/v2\/posts"}],"about":[{"href":"https:\/\/www.europesays.com\/fr\/wp-json\/wp\/v2\/types\/post"}],"author":[{"embeddable":true,"href":"https:\/\/www.europesays.com\/fr\/wp-json\/wp\/v2\/users\/2"}],"replies":[{"embeddable":true,"href":"https:\/\/www.europesays.com\/fr\/wp-json\/wp\/v2\/comments?post=454206"}],"version-history":[{"count":0,"href":"https:\/\/www.europesays.com\/fr\/wp-json\/wp\/v2\/posts\/454206\/revisions"}],"wp:featuredmedia":[{"embeddable":true,"href":"https:\/\/www.europesays.com\/fr\/wp-json\/wp\/v2\/media\/454207"}],"wp:attachment":[{"href":"https:\/\/www.europesays.com\/fr\/wp-json\/wp\/v2\/media?parent=454206"}],"wp:term":[{"taxonomy":"category","embeddable":true,"href":"https:\/\/www.europesays.com\/fr\/wp-json\/wp\/v2\/categories?post=454206"},{"taxonomy":"post_tag","embeddable":true,"href":"https:\/\/www.europesays.com\/fr\/wp-json\/wp\/v2\/tags?post=454206"}],"curies":[{"name":"wp","href":"https:\/\/api.w.org\/{rel}","templated":true}]}}