{"id":454215,"date":"2025-10-11T04:50:12","date_gmt":"2025-10-11T04:50:12","guid":{"rendered":"https:\/\/www.europesays.com\/fr\/454215\/"},"modified":"2025-10-11T04:50:12","modified_gmt":"2025-10-11T04:50:12","slug":"coupe-de-france-face-au-fc-rouen-lus-alencon-peut-il-reiterer-lexploit-de-2022","status":"publish","type":"post","link":"https:\/\/www.europesays.com\/fr\/454215\/","title":{"rendered":"Coupe de France. Face au FC Rouen, l&rsquo;US Alen\u00e7on peut-il r\u00e9it\u00e9rer l&rsquo;exploit de 2022\u00a0?"},"content":{"rendered":"<p>            Par<br \/>\n        <strong><br \/>\n            <a href=\"https:\/\/actu.fr\/auteur\/romaric-larue\" title=\"Consulter tous les articles de Romaric Larue\" target=\"_blank\" rel=\"noopener\">Romaric Larue<\/a><br \/>\n        <\/strong><\/p>\n<p>        Publi\u00e9 le<\/p>\n<p>            11 oct. 2025 \u00e0 6h44        <\/p>\n<p>Trois ans apr\u00e8s, un nouvel exploit est-il possible ? <a href=\"https:\/\/actu.fr\/normandie\/alencon_61001\/football-coupe-de-france-lus-alencon-cree-lexploit-contre-le-havre-et-poursuit-sa-route_54866657.html\" target=\"_blank\" rel=\"noopener\">Apr\u00e8s avoir \u00e9limin\u00e9 Le\u00a0Havre, alors en t\u00eate de Ligue\u00a02, en 2022<\/a>, <b>l\u2019US Alen\u00e7on <\/b>devra faire tomber un autre gros poisson, samedi 11 octobre 2025, pour poursuivre sa route en <b>Coupe de France<\/b>. Le club ornais recevra l\u2019historique<b> FC Rouen<\/b>, semi-professionnel et pensionnaire de <b>National<\/b>.<\/p>\n<p>Meilleur adversaire possible<\/p>\n<p class=\" wall-content\">C\u2019est simple : pour ce cinqui\u00e8me tour, synonyme d\u2019entr\u00e9e en lice des formations de N1, les hommes de Vincent Laigneau ont h\u00e9rit\u00e9 du<b> \u00ab meilleur adversaire \u00bb<\/b> sur le papier. Le FCR est <b>leader <\/b>de son championnat et reste sur <b>trois victoires d\u2019affil\u00e9e<\/b>. \u00ab C\u2019est un tirage tr\u00e8s difficile, comme au tour pr\u00e9c\u00e9dent \u00bb, reconna\u00eet Vincent Laigneau, l\u2019entra\u00eeneur de l\u2019US Alen\u00e7on, alors que son \u00e9quipe <a href=\"https:\/\/actu.fr\/normandie\/alencon_61001\/football-coupe-de-france-lus-alencon-arrache-la-qualification-a-vire-et-file-au-cinquieme-tour_63224718.html\" target=\"_blank\" rel=\"noopener\">s\u2019\u00e9tait d\u00e9faite de Vire, premier de sa poule de N3, \u00e0 l\u2019ext\u00e9rieur (1-2)<\/a>. \u00ab On pensait passer \u00e0 travers les mailles du filet. Il y a un peu de d\u00e9ception, on veut faire un parcours. Ce tirage est digne d\u2019un 7e ou 8e tour. \u00bb<\/p>\n<p class=\" wall-content\">Mais la d\u00e9ception a laiss\u00e9 place \u00e0 de \u00ab l\u2019envie \u00bb et de la \u00ab satisfaction \u00bb de disputer une telle affiche <b>\u00e0 la maison<\/b>. Malgr\u00e9 les deux divisions d\u2019\u00e9cart, l\u2019espoir est de mise. \u00ab On sera \u00e0 200 %. C\u2019est un \u00e9norme d\u00e9fi, que l\u2019on pr\u00e9pare avec d\u00e9termination. Les gar\u00e7ons vont donner le meilleur d\u2019eux-m\u00eames contre Rouen, une \u00e9quipe solide, concentr\u00e9e et efficace \u00bb, poursuit le coach alen\u00e7onnais.<\/p>\n<p class=\" wall-content\">De son c\u00f4t\u00e9, l\u2019US Alen\u00e7on, victorieuse de Vire au tour pr\u00e9c\u00e9dent, occupe la 11e place de son groupe \u00ab breton \u00bb de N3. Arthur Duval et ses co\u00e9quipiers ont, en cinq matchs, affront\u00e9 quatre r\u00e9serves de club professionnel et viennent d\u2019enregistrer un revers (tr\u00e8s) frustrant \u00e0 Guingamp.<\/p>\n<p>L&rsquo;historique<\/p>\n<p>Dans la derni\u00e8re d\u00e9cennie, l&rsquo;US Alen\u00e7on a d\u00e9j\u00e0 crois\u00e9 la route du FC Rouen. Les deux \u00e9quipes partageaient la m\u00eame poule de National 3 en 2017-2018 et 2018-2019. Bilan : deux victoires partout. Avec, toujours, un succ\u00e8s de l&rsquo;\u00e9quipe \u00e0 domicile. Jamais deux sans trois \u00e0 Jacques-Fould ?<\/p>\n<p>\u00ab Un autre contexte \u00bb selon le coach<\/p>\n<p class=\" wall-content\">Il faudra soulever des montagnes pour s\u2019en sortir. Mais le club y est d\u00e9j\u00e0 parvenu. Vincent Laigneau se trouvait sur le banc quand, au bout d\u2019une insoutenable s\u00e9ance de tirs au but, l\u2019US Alen\u00e7on avait sorti le HAC. Des cadres de l\u2019\u00e9quipe, comme les fr\u00e8res El Hamdaoui, Amaury Tessier, Nathan Laigneau ou encore Joachim Lepage, \u00e9taient sur la pelouse. \u00ab Ce qui s\u2019est pass\u00e9 il y a trois ans, c\u2019\u00e9tait il y a trois ans \u00bb, temp\u00e8re Vincent Laigneau.<\/p>\n<blockquote class=\"ac-article-quote wall-content\">\n<p>C\u2019est un autre groupe, un autre contexte. Si les joueurs pr\u00e9sents repensent au Havre, ils savent comment on avait jou\u00e9, gagn\u00e9 et peuvent faire passer le message au vestiaire. Mais tous les matchs sont diff\u00e9rents.<\/p>\n<p>Vincent Laigneau<\/p><\/blockquote>\n<p>Votre r\u00e9gion, votre actu !<\/p>\n<p>Recevez chaque jour les infos qui comptent pour vous.<\/p>\n<p>\t<a href=\"https:\/\/actu.fr\/newsletter\" class=\"ac-btn ac-btn--corner ac-btn--medium ac-btn--blue800\" target=\"_blank\" rel=\"noopener\">S&rsquo;incrire<\/a><\/p>\n<p class=\" wall-content\">Le technicien ornais note un facteur qui pourrait \u00eatre d\u00e9cisif : l\u2019appuie du <b>12e homme<\/b>. En 2022, l\u2019USA avait \u00e9t\u00e9 port\u00e9e par ses supporters. \u00ab On ne s\u2019attendait pas \u00e0 battre Le Havre et le public nous avait bluff\u00e9s. Si les joueurs jouent \u00e0 fond et que le public suit, \u00e7a peut galvaniser l\u2019\u00e9quipe et nous aider \u00bb, estime Vincent Laigneau.<\/p>\n<p>Match : US Alen\u00e7on \u2013 FC Rouen, samedi 11\u00a0octobre \u00e0 18 h, stade Jacques-Fould.<\/p>\n<p class=\" wall-content\">Personnalisez votre actualit\u00e9 en ajoutant vos villes et m\u00e9dias en favori avec <a href=\"https:\/\/moncompte.actu.fr\" title=\"D\u00e9couvez Mon Actu\" rel=\"nofollow noopener\" data-trk=\"{&quot;cta&quot;:{&quot;action&quot;:&quot;https:\\\/\\\/moncompte.actu.fr&quot;,&quot;category&quot;:&quot;mon compte&quot;,&quot;from&quot;:&quot;article footer&quot;,&quot;name&quot;:&quot;Mon actu&quot;,&quot;type&quot;:&quot;cta&quot;}}\" target=\"_blank\">Mon Actu<\/a>.<\/p>\n","protected":false},"excerpt":{"rendered":"Par Romaric Larue Publi\u00e9 le 11 oct. 2025 \u00e0 6h44 Trois ans apr\u00e8s, un nouvel exploit est-il possible&hellip;\n","protected":false},"author":2,"featured_media":454216,"comment_status":"","ping_status":"","sticky":false,"template":"","format":"standard","meta":{"footnotes":""},"categories":[9587],"tags":[1111,11,83,1777,674,63,1011,27,12,5161,25,9590,60,57269],"class_list":{"0":"post-454215","1":"post","2":"type-post","3":"status-publish","4":"format-standard","5":"has-post-thumbnail","7":"category-rouen","8":"tag-actu","9":"tag-actualites","10":"tag-coupe-de-france","11":"tag-eu","12":"tag-europe","13":"tag-football","14":"tag-fr","15":"tag-france","16":"tag-news","17":"tag-normandie","18":"tag-republique-francaise","19":"tag-rouen","20":"tag-sports","21":"tag-us-alencon"},"share_on_mastodon":{"url":"https:\/\/pubeurope.com\/@fr\/115353735835146542","error":""},"_links":{"self":[{"href":"https:\/\/www.europesays.com\/fr\/wp-json\/wp\/v2\/posts\/454215","targetHints":{"allow":["GET"]}}],"collection":[{"href":"https:\/\/www.europesays.com\/fr\/wp-json\/wp\/v2\/posts"}],"about":[{"href":"https:\/\/www.europesays.com\/fr\/wp-json\/wp\/v2\/types\/post"}],"author":[{"embeddable":true,"href":"https:\/\/www.europesays.com\/fr\/wp-json\/wp\/v2\/users\/2"}],"replies":[{"embeddable":true,"href":"https:\/\/www.europesays.com\/fr\/wp-json\/wp\/v2\/comments?post=454215"}],"version-history":[{"count":0,"href":"https:\/\/www.europesays.com\/fr\/wp-json\/wp\/v2\/posts\/454215\/revisions"}],"wp:featuredmedia":[{"embeddable":true,"href":"https:\/\/www.europesays.com\/fr\/wp-json\/wp\/v2\/media\/454216"}],"wp:attachment":[{"href":"https:\/\/www.europesays.com\/fr\/wp-json\/wp\/v2\/media?parent=454215"}],"wp:term":[{"taxonomy":"category","embeddable":true,"href":"https:\/\/www.europesays.com\/fr\/wp-json\/wp\/v2\/categories?post=454215"},{"taxonomy":"post_tag","embeddable":true,"href":"https:\/\/www.europesays.com\/fr\/wp-json\/wp\/v2\/tags?post=454215"}],"curies":[{"name":"wp","href":"https:\/\/api.w.org\/{rel}","templated":true}]}}