{"id":454221,"date":"2025-10-11T04:54:10","date_gmt":"2025-10-11T04:54:10","guid":{"rendered":"https:\/\/www.europesays.com\/fr\/454221\/"},"modified":"2025-10-11T04:54:10","modified_gmt":"2025-10-11T04:54:10","slug":"decouvrez-notre-carte-des-restrictions-de-circulation","status":"publish","type":"post","link":"https:\/\/www.europesays.com\/fr\/454221\/","title":{"rendered":"d\u00e9couvrez notre carte des restrictions de circulation"},"content":{"rendered":"<p>            Par<br \/>\n        <strong><br \/>\n            <a href=\"https:\/\/actu.fr\/auteur\/brian-legoff\" title=\"Consulter tous les articles de Brian Le Goff\" target=\"_blank\" rel=\"noopener\">Brian Le Goff<\/a><br \/>\n        <\/strong><\/p>\n<p>        Publi\u00e9 le<\/p>\n<p>            11 oct. 2025 \u00e0 6h32        <\/p>\n<p><strong>Attention si vous vous d\u00e9placez<\/strong> dans la capitale bretonne ce dimanche 12\u00a0octobre. En raison de Tout Rennes Court, la <strong>circulation sera interdite dans un large p\u00e9rim\u00e8tre du centre-ville<\/strong> tout au long de la journ\u00e9e, de 5h30 \u00e0 19h.<\/p>\n<p class=\" wall-content\">Les restrictions de circulation concerneront notamment le boulevard Mar\u00e9chal de Lattre de Tassigny, le boulevard de la Libert\u00e9, l\u2019avenue Jean Janvier, l\u2019avenue Aristide Briand et le centre ancien.<\/p>\n<p class=\" wall-content\">Le <strong>stationnement<\/strong> sera par ailleurs<strong> interdit de 23h, samedi soir, \u00e0 19h,<\/strong> dimanche dans ce m\u00eame p\u00e9rim\u00e8tre.<\/p>\n<p>Notre carte<\/p>\n<p class=\" wall-content\">Pour vous y retrouver, actu Rennes a pr\u00e9par\u00e9 une carte afin que vous puissiez visualiser les axes ferm\u00e9s.<\/p>\n<p>    <a href=\"https:\/\/www.google.com\/maps\/d\/embed?mid=1dzHOaBMDxUb9Kq3dWqqQMcL-lywqS1Q&amp;ehbc=2E312F\" title=\"Ouvrie le lien\" target=\"_blank\" rel=\"noopener\">Cliquez ici pour visualiser le contenu<\/a><\/p>\n<p class=\" wall-content\">N\u2019h\u00e9sitez \u00e0 privil\u00e9gier d\u2019autres modes de transport que la voiture pour venir encourager les participants \u00e0 Tout Rennes Court.<\/p>\n<p class=\" wall-content\">Personnalisez votre actualit\u00e9 en ajoutant vos villes et m\u00e9dias en favori avec <a href=\"https:\/\/moncompte.actu.fr\" title=\"D\u00e9couvez Mon Actu\" rel=\"nofollow noopener\" data-trk=\"{&quot;cta&quot;:{&quot;action&quot;:&quot;https:\\\/\\\/moncompte.actu.fr&quot;,&quot;category&quot;:&quot;mon compte&quot;,&quot;from&quot;:&quot;article footer&quot;,&quot;name&quot;:&quot;Mon actu&quot;,&quot;type&quot;:&quot;cta&quot;}}\" target=\"_blank\">Mon Actu<\/a>.<\/p>\n","protected":false},"excerpt":{"rendered":"Par Brian Le Goff Publi\u00e9 le 11 oct. 2025 \u00e0 6h32 Attention si vous vous d\u00e9placez dans la&hellip;\n","protected":false},"author":2,"featured_media":454222,"comment_status":"","ping_status":"","sticky":false,"template":"","format":"standard","meta":{"footnotes":""},"categories":[2821],"tags":[1111,11,4132,829,3542,1777,674,1011,27,12,584,25,60],"class_list":{"0":"post-454221","1":"post","2":"type-post","3":"status-publish","4":"format-standard","5":"has-post-thumbnail","7":"category-rennes","8":"tag-actu","9":"tag-actualites","10":"tag-athletisme","11":"tag-bretagne","12":"tag-circulation","13":"tag-eu","14":"tag-europe","15":"tag-fr","16":"tag-france","17":"tag-news","18":"tag-rennes","19":"tag-republique-francaise","20":"tag-sports"},"share_on_mastodon":{"url":"https:\/\/pubeurope.com\/@fr\/115353751582189893","error":""},"_links":{"self":[{"href":"https:\/\/www.europesays.com\/fr\/wp-json\/wp\/v2\/posts\/454221","targetHints":{"allow":["GET"]}}],"collection":[{"href":"https:\/\/www.europesays.com\/fr\/wp-json\/wp\/v2\/posts"}],"about":[{"href":"https:\/\/www.europesays.com\/fr\/wp-json\/wp\/v2\/types\/post"}],"author":[{"embeddable":true,"href":"https:\/\/www.europesays.com\/fr\/wp-json\/wp\/v2\/users\/2"}],"replies":[{"embeddable":true,"href":"https:\/\/www.europesays.com\/fr\/wp-json\/wp\/v2\/comments?post=454221"}],"version-history":[{"count":0,"href":"https:\/\/www.europesays.com\/fr\/wp-json\/wp\/v2\/posts\/454221\/revisions"}],"wp:featuredmedia":[{"embeddable":true,"href":"https:\/\/www.europesays.com\/fr\/wp-json\/wp\/v2\/media\/454222"}],"wp:attachment":[{"href":"https:\/\/www.europesays.com\/fr\/wp-json\/wp\/v2\/media?parent=454221"}],"wp:term":[{"taxonomy":"category","embeddable":true,"href":"https:\/\/www.europesays.com\/fr\/wp-json\/wp\/v2\/categories?post=454221"},{"taxonomy":"post_tag","embeddable":true,"href":"https:\/\/www.europesays.com\/fr\/wp-json\/wp\/v2\/tags?post=454221"}],"curies":[{"name":"wp","href":"https:\/\/api.w.org\/{rel}","templated":true}]}}