{"id":454223,"date":"2025-10-11T04:55:30","date_gmt":"2025-10-11T04:55:30","guid":{"rendered":"https:\/\/www.europesays.com\/fr\/454223\/"},"modified":"2025-10-11T04:55:30","modified_gmt":"2025-10-11T04:55:30","slug":"strasbourg-la-chapelle-rhenane-invite-a-un-voyage-musical-de-la-renaissance-a-la-pop","status":"publish","type":"post","link":"https:\/\/www.europesays.com\/fr\/454223\/","title":{"rendered":"Strasbourg. La Chapelle Rh\u00e9nane invite \u00e0 un voyage musical de la Renaissance \u00e0 la pop"},"content":{"rendered":"<p>Institution du paysage musical, la Chapelle Rh\u00e9nane \u2013 dont l\u2019ADN oscille entre Bach, Sch\u00fctz et Monteverdi \u2013 aime \u00ab\u00a0faire des choses diff\u00e9rentes. Nous avons ainsi d\u00e9sir\u00e9 initier une rencontre entre un accord\u00e9oniste et notre sextuor vocal\u00a0\u00bb, explique le t\u00e9nor Beno\u00eet Haller. Construit sur le mod\u00e8le des quatuors \u00e0 cordes, ce sextuor est un v\u00e9ritable \u201censemble dans l\u2019ensemble\u201d \u2013 qui permet de d\u00e9velopper une excellence artistique qu\u2019on ne peut pas imaginer avec des projets ponctuels \u2013 dont la vocation est \u00e9galement \u00ab\u00a0d\u2019arpenter des chemins parall\u00e8les, de c\u00f4toyer un public n\u00e9ophyte. En r\u00e9sum\u00e9, il s\u2019agit de faire avec les autres et non pas pour les autres\u00a0\u00bb, poursuit le directeur de l\u2019ensemble alsacien. Pour lui, \u00ab\u00a0l\u2019accord\u00e9oniste Vincent Gailly est un \u201c\u00e9l\u00e9ment \u00e9tranger\u201d au c\u0153ur des voix. Une expression \u00e0 prendre au sens positif\u00a0: il va nous d\u00e9stabiliser, nous faire sortir de notre zone de confort afin d\u2019explorer d\u2019autres voies.\u00a0\u00bb <\/p>\n<p>Pour cette soir\u00e9e, le programme est extr\u00eamement prot\u00e9iforme, allant des \u0153uvres de la Renaissance (Roland de Lassus, Claude Le Jeune,\u00a0etc.), \u00e0 la pop avec Billy Joel ou The Real Group, en passant par le baroque italien de Monteverdi, le romantisme germanique de Schubert ou encore la transparence fran\u00e7aise de Faur\u00e9 et Debussy. Apr\u00e8s un travail d\u2019incubation tout au long de la semaine \u2013 au contact de coll\u00e9giens et de r\u00e9sidents de structures m\u00e9dico-sociales \u2013 le \u201cconcert public\u201d est le reflet d\u2019une volont\u00e9 de \u00ab\u00a0renouveler l\u2019\u00e9coute \u00e0 travers un intense voyage dans l\u2019histoire et l\u2019\u00e9motion.\u00a0\u00bb<\/p>\n<p>Samedi 11\u00a0octobre \u00e0 20h en l\u2019\u00e9glise Sainte-Aur\u00e9lie (Strasbourg)<\/p>\n<p class=\"note\">www.chapelle-rhenane.com<\/p>\n","protected":false},"excerpt":{"rendered":"Institution du paysage musical, la Chapelle Rh\u00e9nane \u2013 dont l\u2019ADN oscille entre Bach, Sch\u00fctz et Monteverdi \u2013 aime&hellip;\n","protected":false},"author":2,"featured_media":454224,"comment_status":"","ping_status":"","sticky":false,"template":"","format":"standard","meta":{"footnotes":""},"categories":[2820],"tags":[1111,11,2389,1687,2880,1777,674,107,1011,27,775,873,12,25,640,2879],"class_list":{"0":"post-454223","1":"post","2":"type-post","3":"status-publish","4":"format-standard","5":"has-post-thumbnail","7":"category-strasbourg","8":"tag-actu","9":"tag-actualites","10":"tag-alsace","11":"tag-culture-loisirs","12":"tag-edition-strasbourg","13":"tag-eu","14":"tag-europe","15":"tag-fil-info","16":"tag-fr","17":"tag-france","18":"tag-grand-est","19":"tag-musique","20":"tag-news","21":"tag-republique-francaise","22":"tag-strasbourg","23":"tag-strasbourg-ville"},"share_on_mastodon":{"url":"https:\/\/pubeurope.com\/@fr\/115353755612082600","error":""},"_links":{"self":[{"href":"https:\/\/www.europesays.com\/fr\/wp-json\/wp\/v2\/posts\/454223","targetHints":{"allow":["GET"]}}],"collection":[{"href":"https:\/\/www.europesays.com\/fr\/wp-json\/wp\/v2\/posts"}],"about":[{"href":"https:\/\/www.europesays.com\/fr\/wp-json\/wp\/v2\/types\/post"}],"author":[{"embeddable":true,"href":"https:\/\/www.europesays.com\/fr\/wp-json\/wp\/v2\/users\/2"}],"replies":[{"embeddable":true,"href":"https:\/\/www.europesays.com\/fr\/wp-json\/wp\/v2\/comments?post=454223"}],"version-history":[{"count":0,"href":"https:\/\/www.europesays.com\/fr\/wp-json\/wp\/v2\/posts\/454223\/revisions"}],"wp:featuredmedia":[{"embeddable":true,"href":"https:\/\/www.europesays.com\/fr\/wp-json\/wp\/v2\/media\/454224"}],"wp:attachment":[{"href":"https:\/\/www.europesays.com\/fr\/wp-json\/wp\/v2\/media?parent=454223"}],"wp:term":[{"taxonomy":"category","embeddable":true,"href":"https:\/\/www.europesays.com\/fr\/wp-json\/wp\/v2\/categories?post=454223"},{"taxonomy":"post_tag","embeddable":true,"href":"https:\/\/www.europesays.com\/fr\/wp-json\/wp\/v2\/tags?post=454223"}],"curies":[{"name":"wp","href":"https:\/\/api.w.org\/{rel}","templated":true}]}}