{"id":454227,"date":"2025-10-11T04:57:09","date_gmt":"2025-10-11T04:57:09","guid":{"rendered":"https:\/\/www.europesays.com\/fr\/454227\/"},"modified":"2025-10-11T04:57:09","modified_gmt":"2025-10-11T04:57:09","slug":"garder-les-familles-dans-leur-ville","status":"publish","type":"post","link":"https:\/\/www.europesays.com\/fr\/454227\/","title":{"rendered":"Garder les familles dans leur ville"},"content":{"rendered":"<p>            Par<br \/>\n        <strong><br \/>\n            <a href=\"https:\/\/actu.fr\/auteur\/ugo-maillard\" title=\"Consulter tous les articles de Ugo Maillard\" target=\"_blank\" rel=\"noopener\">Ugo Maillard<\/a><br \/>\n        <\/strong><\/p>\n<p>        Publi\u00e9 le<\/p>\n<p>            11 oct. 2025 \u00e0 6h16        <\/p>\n<p>Depuis le 26\u00a0septembre 2025, la ville de Nice (<a href=\"https:\/\/actu.fr\/provence-alpes-cote-d-azur\/alpes-maritimes_06\" target=\"_blank\" rel=\"noopener\">Alpes-Maritimes<\/a>) inaugure un nouveau dispositif d\u2019acc\u00e8s au logement. Une dizaine de biens ont \u00e9t\u00e9 vendus en<strong> Bail r\u00e9el solidaire<\/strong> (BRS), c\u2019est-\u00e0-dire que les acheteurs acqui\u00e8rent le logement, mais restent locataires du terrain. Cette nouvelle mani\u00e8re d\u2019<strong>acheter un bien en dessous des prix du march\u00e9<\/strong> permet aux m\u00e9nages consid\u00e9r\u00e9s comme plus modestes d\u2019acc\u00e9der \u00e0 la propri\u00e9t\u00e9 fonci\u00e8re. Instaur\u00e9e en France en 2017, la M\u00e9tropole de Nice, via le bailleur C\u00f4te d\u2019Azur Habitat, a livr\u00e9 les huit premiers logements en BRS.<\/p>\n<p class=\" wall-content\">Anthony Borr\u00e9, pr\u00e9sident de C\u00f4te d\u2019Azur Habitat, r\u00e9pond aux questions d\u2019<a href=\"https:\/\/actu.fr\/nice\/\" target=\"_blank\" rel=\"noopener\">actu Nice<\/a> et d\u00e9taille le plan de d\u00e9veloppement du Bail r\u00e9el solidaire sur le territoire m\u00e9tropolitain.<\/p>\n<p>\u00ab\u2009Une mani\u00e8re de garder les familles\u2009\u00bb<\/p>\n<p class=\"ac-article-content__question wall-content\"><strong class=\"color-primary\">Actu : <\/strong>Pourquoi lancer le dispositif de Bail r\u00e9el solidaire \u00e0 Nice et sur la m\u00e9tropole ?\n<\/p>\n<p class=\" wall-content\"><strong class=\"color-primary\">Anthony Borr\u00e9 : <\/strong>\u00c0 Nice, se loger est devenu extr\u00eamement compliqu\u00e9. C\u2019est l\u2019une des villes o\u00f9 le foncier est le plus cher en France. Cela est inaccessible pour la majorit\u00e9 des familles, m\u00eame quand elles ont un emploi stable. Et c\u00f4t\u00e9 location, c\u2019est pareil ! Il y a peu d\u2019offres et des loyers tr\u00e8s \u00e9lev\u00e9s. R\u00e9sultat, beaucoup de Ni\u00e7ois sont dans l&rsquo;impasse : trop de revenus pour le logement social, mais pas assez pour acheter dans le priv\u00e9. Le Bail R\u00e9el Solidaire a justement \u00e9t\u00e9 cr\u00e9\u00e9 pour eux. En dissociant le foncier du b\u00e2ti, il permet de faire baisser fortement le prix d\u2019achat et donne enfin la possibilit\u00e9 \u00e0 des familles d\u2019acheter \u00e0 Nice.<\/p>\n<p class=\"ac-article-content__question wall-content\">Est-ce une mani\u00e8re d&rsquo;atteindre le quota de logements sociaux ?\n<\/p>\n<p class=\" wall-content\"><strong class=\"color-primary\">A.B : <\/strong>Ce n\u2019est pas une question de quotas ou de chiffres mais c\u2019est une mani\u00e8re tr\u00e8s concr\u00e8te de garder les familles dans leur ville, de pr\u00e9server la mixit\u00e9 sociale et de leur offrir la s\u00e9curit\u00e9 de devenir propri\u00e9taires.<\/p>\n<blockquote class=\"ac-article-quote wall-content\">\n<p>Mon souhait est que ce dispositif profite en priorit\u00e9 \u00e0 des m\u00e9nages qui vivent et travaillent d\u00e9j\u00e0 ici.<\/p>\n<p>    <strong>Anthony Borr\u00e9<\/strong>\n            <\/p><\/blockquote>\n<p class=\"ac-article-content__question wall-content\">Hormis les crit\u00e8res l\u00e9gaux, d&rsquo;autres crit\u00e8res sont-ils mis en place \u00e0 Nice dans le choix des b\u00e9n\u00e9ficiaires ?\u00a0<\/p>\n<p class=\" wall-content\"><strong class=\"color-primary\">A.B : <\/strong>Les crit\u00e8res de base sont fix\u00e9s par la loi : respecter un plafond de ressources et occuper le logement en r\u00e9sidence principale. C\u2019est ce cadre qui garantit que le BRS reste bien un outil d\u2019accession sociale, destin\u00e9 \u00e0 des m\u00e9nages qui ne pourraient pas acheter autrement.<\/p>\n<p>Bien entendu, mon souhait est que ce dispositif profite en priorit\u00e9 \u00e0 des m\u00e9nages qui vivent et travaillent d\u00e9j\u00e0 ici, des Ni\u00e7ois qui sont attach\u00e9s \u00e0 leur ville, mais en danger de devoir la quitter.<\/p>\n<p>Pr\u00e8s de 100 logements en BRS d\u2019ici \u00e0 2030<\/p>\n<p class=\"ac-article-content__question wall-content\">De nouveaux logements en BRS seront-ils \u00e0 la vente \u00e0 Nice dans les prochains mois ?\u00a0\n<\/p>\n<p class=\" wall-content\"><strong class=\"color-primary\">A.B : <\/strong><br \/>Nous avons inaugur\u00e9, le 26 septembre, la Villa Candide et les 8 premiers BRS de Nice, et nous n&rsquo;allons pas nous arr\u00eater l\u00e0 ! D\u2019ici 2030, C\u00f4te d\u2019Azur Habitat aura livr\u00e9 84 logements en Bail R\u00e9el Solidaire, r\u00e9partis sur plusieurs programmes neufs. La majorit\u00e9 sera r\u00e9alis\u00e9e \u00e0 Nice (71 logements), mais aussi \u00e0 Mougins, La Gaude et Menton. <\/p>\n<p>Votre r\u00e9gion, votre actu !<\/p>\n<p>Recevez chaque jour les infos qui comptent pour vous.<\/p>\n<p>\t<a href=\"https:\/\/actu.fr\/newsletter\" class=\"ac-btn ac-btn--corner ac-btn--medium ac-btn--blue800\" target=\"_blank\" rel=\"noopener\">S&rsquo;incrire<\/a><\/p>\n<p class=\"ac-article-content__question wall-content\">Uniquement sur du neuf ?<\/p>\n<p class=\" wall-content\"><strong class=\"color-primary\">A.B : <\/strong>Pour le moment, nous d\u00e9veloppons\u00a0surtout ce dispositif dans le neuf. Ce qui compte pour nous, c\u2019est de multiplier les solutions pour permettre \u00e0 davantage de familles d\u2019acc\u00e9der \u00e0 la propri\u00e9t\u00e9 \u00e0 un prix abordable.\u00a0Mais nos objectifs sont plus larges : multiplier toutes les solutions, y compris des dispositifs plus \u201cniches\u201d comme la sur\u00e9l\u00e9vation ou d\u2019autres formes d\u2019accession, en compl\u00e9ment du logement social. Car sur la C\u00f4te d\u2019Azur, chaque logement compte : c\u2019est une condition essentielle pour r\u00e9pondre \u00e0 la difficult\u00e9 structurelle de produire du logement sur notre territoire.<\/p>\n<p class=\" wall-content\">Personnalisez votre actualit\u00e9 en ajoutant vos villes et m\u00e9dias en favori avec <a href=\"https:\/\/moncompte.actu.fr\" title=\"D\u00e9couvez Mon Actu\" rel=\"nofollow noopener\" data-trk=\"{&quot;cta&quot;:{&quot;action&quot;:&quot;https:\\\/\\\/moncompte.actu.fr&quot;,&quot;category&quot;:&quot;mon compte&quot;,&quot;from&quot;:&quot;article footer&quot;,&quot;name&quot;:&quot;Mon actu&quot;,&quot;type&quot;:&quot;cta&quot;}}\" target=\"_blank\">Mon Actu<\/a>.<\/p>\n","protected":false},"excerpt":{"rendered":"Par Ugo Maillard Publi\u00e9 le 11 oct. 2025 \u00e0 6h16 Depuis le 26\u00a0septembre 2025, la ville de Nice&hellip;\n","protected":false},"author":2,"featured_media":454228,"comment_status":"","ping_status":"","sticky":false,"template":"","format":"standard","meta":{"footnotes":""},"categories":[2819],"tags":[1111,11,33,1777,674,1011,27,1116,12,2401,882,25],"class_list":{"0":"post-454227","1":"post","2":"type-post","3":"status-publish","4":"format-standard","5":"has-post-thumbnail","7":"category-nice","8":"tag-actu","9":"tag-actualites","10":"tag-economie","11":"tag-eu","12":"tag-europe","13":"tag-fr","14":"tag-france","15":"tag-immobilier","16":"tag-news","17":"tag-nice","18":"tag-provence-alpes-cote-dazur","19":"tag-republique-francaise"},"share_on_mastodon":{"url":"https:\/\/pubeurope.com\/@fr\/115353763483339344","error":""},"_links":{"self":[{"href":"https:\/\/www.europesays.com\/fr\/wp-json\/wp\/v2\/posts\/454227","targetHints":{"allow":["GET"]}}],"collection":[{"href":"https:\/\/www.europesays.com\/fr\/wp-json\/wp\/v2\/posts"}],"about":[{"href":"https:\/\/www.europesays.com\/fr\/wp-json\/wp\/v2\/types\/post"}],"author":[{"embeddable":true,"href":"https:\/\/www.europesays.com\/fr\/wp-json\/wp\/v2\/users\/2"}],"replies":[{"embeddable":true,"href":"https:\/\/www.europesays.com\/fr\/wp-json\/wp\/v2\/comments?post=454227"}],"version-history":[{"count":0,"href":"https:\/\/www.europesays.com\/fr\/wp-json\/wp\/v2\/posts\/454227\/revisions"}],"wp:featuredmedia":[{"embeddable":true,"href":"https:\/\/www.europesays.com\/fr\/wp-json\/wp\/v2\/media\/454228"}],"wp:attachment":[{"href":"https:\/\/www.europesays.com\/fr\/wp-json\/wp\/v2\/media?parent=454227"}],"wp:term":[{"taxonomy":"category","embeddable":true,"href":"https:\/\/www.europesays.com\/fr\/wp-json\/wp\/v2\/categories?post=454227"},{"taxonomy":"post_tag","embeddable":true,"href":"https:\/\/www.europesays.com\/fr\/wp-json\/wp\/v2\/tags?post=454227"}],"curies":[{"name":"wp","href":"https:\/\/api.w.org\/{rel}","templated":true}]}}