{"id":454230,"date":"2025-10-11T04:59:24","date_gmt":"2025-10-11T04:59:24","guid":{"rendered":"https:\/\/www.europesays.com\/fr\/454230\/"},"modified":"2025-10-11T04:59:24","modified_gmt":"2025-10-11T04:59:24","slug":"nantes-bien-etre-nature-et-savoir-faire-francais-bienvenue-a-la-boutique-du-laboratoire","status":"publish","type":"post","link":"https:\/\/www.europesays.com\/fr\/454230\/","title":{"rendered":"Nantes. Bien-\u00eatre, nature et savoir-faire fran\u00e7ais : bienvenue \u00e0 la boutique du Laboratoire"},"content":{"rendered":"<p>Avec l\u2019inauguration de sa boutique nantaise en juin dernier, le Laboratoire Motima, sp\u00e9cialiste de la phytoth\u00e9rapie depuis plus de 30 ans, poursuit son aventure familiale et naturelle au service du bien-\u00eatre.<\/p>\n<p>L\u2019\u00e9quipe vous propose une large gamme de compl\u00e9ments alimentaires fabriqu\u00e9s en France ainsi que des conseils adapt\u00e9s \u00e0 vos besoins : sant\u00e9 f\u00e9minine, sommeil et stress, digestion, immunit\u00e9\u2026<\/p>\n<p>Fond\u00e9 \u00e0 Paris en <strong>1993<\/strong>, le Laboratoire Motima s\u2019est impos\u00e9 comme une r\u00e9f\u00e9rence fran\u00e7aise de la phytoth\u00e9rapie. En 2023, l\u2019histoire de cette entreprise familiale a connu une nouvelle \u00e9tape avec une <strong>passation de p\u00e8re en fils<\/strong> et une <strong>d\u00e9localisation du laboratoire \u00e0 Nantes<\/strong>.\u00a0<\/p>\n<p>La <strong>qualit\u00e9 <\/strong>est une priorit\u00e9 pour le Laboratoire Motima, qui propose des compl\u00e9ments alimentaires <strong>\u00e9labor\u00e9s et fabriqu\u00e9s en France<\/strong> \u00e0 partir d\u2019actifs naturels soigneusement s\u00e9lectionn\u00e9s pour leur efficacit\u00e9. Chaque formule est en effet pens\u00e9e avec exigence, <strong>dans le respect des standards de qualit\u00e9 les plus stricts<\/strong>.<\/p>\n<p><img loading=\"lazy\" decoding=\"async\" style=\"display: block; margin-left: auto; margin-right: auto;\" src=\"https:\/\/www.europesays.com\/fr\/wp-content\/uploads\/2025\/10\/P35507396D7009318G.jpg\" alt=\"\" width=\"350\" height=\"525\"\/><\/p>\n<p class=\"elmt-legende\">  \u00a9 Jenny Boyer &#8211; maison m\u00e2che<\/p>\n<p>La <strong>boutique <\/strong>de la cit\u00e9 des Ducs a ouvert ses portes en juin dernier : un <strong>espace chaleureux<\/strong> o\u00f9 les clients peuvent venir <strong>\u00e9changer<\/strong>, <strong>d\u00e9couvrir les gammes<\/strong> et b\u00e9n\u00e9ficier de <strong>conseils personnalis\u00e9s<\/strong>. Sant\u00e9 f\u00e9minine, sommeil, stress, digestion, immunit\u00e9 ou encore vitalit\u00e9, des produits <strong>pour tous les besoins<\/strong> sont \u00e0 retrouver en magasin.\u00a0<\/p>\n<p>Prochainement, la boutique souhaite aller plus loin en organisant des <strong>ateliers avec des professionnels de sant\u00e9 <\/strong>sur des th\u00e8mes vari\u00e9s (sant\u00e9 f\u00e9minine, sommeil, digestion\u2026).\u00a0<\/p>\n<p>A noter que la soci\u00e9t\u00e9 Motima poss\u00e8de aussi\u00a0<strong>Botali<\/strong>, marque d\u00e9di\u00e9e aux infusions, cosm\u00e9tiques naturels et compl\u00e9ments alimentaires pour les changements de saison.<\/p>\n<p>Infos pratiques<\/p>\n<p><strong>Laboratoire Motima<\/strong><\/p>\n<\/p>\n<p>\u00a0<\/p>\n","protected":false},"excerpt":{"rendered":"Avec l\u2019inauguration de sa boutique nantaise en juin dernier, le Laboratoire Motima, sp\u00e9cialiste de la phytoth\u00e9rapie depuis plus&hellip;\n","protected":false},"author":2,"featured_media":454231,"comment_status":"","ping_status":"","sticky":false,"template":"","format":"standard","meta":{"footnotes":""},"categories":[2818],"tags":[1111,11,4983,14938,11647,1777,674,1011,3844,27,7141,57984,766,2742,12,2636,25,6939],"class_list":{"0":"post-454230","1":"post","2":"type-post","3":"status-publish","4":"format-standard","5":"has-post-thumbnail","7":"category-nantes","8":"tag-actu","9":"tag-actualites","10":"tag-bien-etre","11":"tag-bienvenue","12":"tag-boutique","13":"tag-eu","14":"tag-europe","15":"tag-fr","16":"tag-francais","17":"tag-france","18":"tag-laboratoire","19":"tag-motima","20":"tag-nantes","21":"tag-nature","22":"tag-news","23":"tag-pays-de-la-loire","24":"tag-republique-francaise","25":"tag-savoir-faire"},"share_on_mastodon":{"url":"https:\/\/pubeurope.com\/@fr\/115353771860926030","error":""},"_links":{"self":[{"href":"https:\/\/www.europesays.com\/fr\/wp-json\/wp\/v2\/posts\/454230","targetHints":{"allow":["GET"]}}],"collection":[{"href":"https:\/\/www.europesays.com\/fr\/wp-json\/wp\/v2\/posts"}],"about":[{"href":"https:\/\/www.europesays.com\/fr\/wp-json\/wp\/v2\/types\/post"}],"author":[{"embeddable":true,"href":"https:\/\/www.europesays.com\/fr\/wp-json\/wp\/v2\/users\/2"}],"replies":[{"embeddable":true,"href":"https:\/\/www.europesays.com\/fr\/wp-json\/wp\/v2\/comments?post=454230"}],"version-history":[{"count":0,"href":"https:\/\/www.europesays.com\/fr\/wp-json\/wp\/v2\/posts\/454230\/revisions"}],"wp:featuredmedia":[{"embeddable":true,"href":"https:\/\/www.europesays.com\/fr\/wp-json\/wp\/v2\/media\/454231"}],"wp:attachment":[{"href":"https:\/\/www.europesays.com\/fr\/wp-json\/wp\/v2\/media?parent=454230"}],"wp:term":[{"taxonomy":"category","embeddable":true,"href":"https:\/\/www.europesays.com\/fr\/wp-json\/wp\/v2\/categories?post=454230"},{"taxonomy":"post_tag","embeddable":true,"href":"https:\/\/www.europesays.com\/fr\/wp-json\/wp\/v2\/tags?post=454230"}],"curies":[{"name":"wp","href":"https:\/\/api.w.org\/{rel}","templated":true}]}}