{"id":454242,"date":"2025-10-11T05:06:25","date_gmt":"2025-10-11T05:06:25","guid":{"rendered":"https:\/\/www.europesays.com\/fr\/454242\/"},"modified":"2025-10-11T05:06:25","modified_gmt":"2025-10-11T05:06:25","slug":"il-souhaite-un-contresens-cyclable-dans-une-rue-du-centre-un-habitant-assigne-la-ville-de-lille-en-justice","status":"publish","type":"post","link":"https:\/\/www.europesays.com\/fr\/454242\/","title":{"rendered":"Il souhaite un contresens cyclable dans une rue du centre, un habitant assigne la Ville de Lille en justice"},"content":{"rendered":"<p>Dans le Vieux-Lille (<a target=\"_blank\" href=\"https:\/\/www.lanouvellerepublique.fr\/nord\" rel=\"noopener\">Nord<\/a>), de nombreuses rues disposent d\u2019un contresens cyclable. Ce n\u2019est pas le cas sur une portion de la rue de la Barre. C\u2019est pour cette raison qu\u2019un habitant a assign\u00e9 la ville en justice, mercredi 8\u00a0octobre 2025, rapporte <a target=\"_blank\" href=\"https:\/\/www.lavoixdunord.fr\/1633747\/article\/2025-10-09\/il-assigne-la-ville-de-lille-au-tribunal-pour-obtenir-un-contresens-cyclable-rue\" rel=\"noopener\">La Voix du Nord<\/a>.<\/p>\n<p>Devant le tribunal administratif, mercredi 8\u00a0octobre 2025, il a contest\u00e9 l\u2019arr\u00eat\u00e9 pris en 2022 par la Ville interdisant le contresens cyclable sur 350 m\u00e8tres entre les rues des Bouchers et du Gros-G\u00e9rard. En effet, \u00e0 cet endroit, la chauss\u00e9e se r\u00e9tr\u00e9cit et ne permet pas de contresens cyclable.<\/p>\n<p>Emprunter les rues parall\u00e8les, pourvues de contresens<\/p>\n<p>Le requ\u00e9rant a mis en avant le fait que la politique g\u00e9n\u00e9rale en mati\u00e8re de circulation des v\u00e9los en ville impose un double sens cyclable dans les rues \u00e0 30\u00a0km\/h. Le rapporteur public a rappel\u00e9 la largeur de la rue (entre 3,30 et 3,50\u00a0m), qui rend impossible la circulation \u00e0 la fois de v\u00e9los et de v\u00e9hicules \u00e0 moteur.<\/p>\n<p>Toujours d\u2019apr\u00e8s le rapporteur public, les rues parall\u00e8les peuvent, elles, \u00eatre emprunt\u00e9es \u00e0 contresens par les cyclistes. Pour ces raisons, il a propos\u00e9 de rejeter la requ\u00eate. Le tribunal rendra sa d\u00e9cision fin octobre.<\/p>\n","protected":false},"excerpt":{"rendered":"Dans le Vieux-Lille (Nord), de nombreuses rues disposent d\u2019un contresens cyclable. Ce n\u2019est pas le cas sur une&hellip;\n","protected":false},"author":2,"featured_media":454243,"comment_status":"","ping_status":"","sticky":false,"template":"","format":"standard","meta":{"footnotes":""},"categories":[2815],"tags":[1111,11,1674,436,1777,674,1011,27,811,1307,12,1308,25,800],"class_list":{"0":"post-454242","1":"post","2":"type-post","3":"status-publish","4":"format-standard","5":"has-post-thumbnail","7":"category-lille","8":"tag-actu","9":"tag-actualites","10":"tag-communes","11":"tag-environnement","12":"tag-eu","13":"tag-europe","14":"tag-fr","15":"tag-france","16":"tag-hauts-de-france","17":"tag-lille","18":"tag-news","19":"tag-nord","20":"tag-republique-francaise","21":"tag-transports"},"share_on_mastodon":{"url":"https:\/\/pubeurope.com\/@fr\/115353798815172297","error":""},"_links":{"self":[{"href":"https:\/\/www.europesays.com\/fr\/wp-json\/wp\/v2\/posts\/454242","targetHints":{"allow":["GET"]}}],"collection":[{"href":"https:\/\/www.europesays.com\/fr\/wp-json\/wp\/v2\/posts"}],"about":[{"href":"https:\/\/www.europesays.com\/fr\/wp-json\/wp\/v2\/types\/post"}],"author":[{"embeddable":true,"href":"https:\/\/www.europesays.com\/fr\/wp-json\/wp\/v2\/users\/2"}],"replies":[{"embeddable":true,"href":"https:\/\/www.europesays.com\/fr\/wp-json\/wp\/v2\/comments?post=454242"}],"version-history":[{"count":0,"href":"https:\/\/www.europesays.com\/fr\/wp-json\/wp\/v2\/posts\/454242\/revisions"}],"wp:featuredmedia":[{"embeddable":true,"href":"https:\/\/www.europesays.com\/fr\/wp-json\/wp\/v2\/media\/454243"}],"wp:attachment":[{"href":"https:\/\/www.europesays.com\/fr\/wp-json\/wp\/v2\/media?parent=454242"}],"wp:term":[{"taxonomy":"category","embeddable":true,"href":"https:\/\/www.europesays.com\/fr\/wp-json\/wp\/v2\/categories?post=454242"},{"taxonomy":"post_tag","embeddable":true,"href":"https:\/\/www.europesays.com\/fr\/wp-json\/wp\/v2\/tags?post=454242"}],"curies":[{"name":"wp","href":"https:\/\/api.w.org\/{rel}","templated":true}]}}