{"id":454245,"date":"2025-10-11T05:08:12","date_gmt":"2025-10-11T05:08:12","guid":{"rendered":"https:\/\/www.europesays.com\/fr\/454245\/"},"modified":"2025-10-11T05:08:12","modified_gmt":"2025-10-11T05:08:12","slug":"entre-marseille-et-aix-en-provence-le-trajet-en-bus-vire-au-cauchemar-pour-les-etudiants","status":"publish","type":"post","link":"https:\/\/www.europesays.com\/fr\/454245\/","title":{"rendered":"entre Marseille et Aix-en-Provence, le trajet en bus vire au cauchemar pour les \u00e9tudiants"},"content":{"rendered":"<p>            Par<br \/>\n        <strong><br \/>\n            <a href=\"https:\/\/actu.fr\/auteur\/thibault-nadal-actu-fr\" title=\"Consulter tous les articles de Thibault Nadal\" target=\"_blank\" rel=\"noopener\">Thibault Nadal<\/a><br \/>\n        <\/strong><\/p>\n<p>        Publi\u00e9 le<\/p>\n<p>            11 oct. 2025 \u00e0 6h40        <\/p>\n<p>Apr\u00e8s plusieurs mois d\u2019arr\u00eat en raison des vacances scolaires, les ballets incessants des bus ont repris entre <a href=\"https:\/\/actu.fr\/marseille\/\" target=\"_blank\" rel=\"noopener\">Marseille<\/a> et les diff\u00e9rentes \u00e9coles d\u2019<a href=\"https:\/\/actu.fr\/provence-alpes-cote-d-azur\/aix-en-provence_13001\" target=\"_blank\" rel=\"noopener\">Aix-en-Provence<\/a>. Et avec eux, des centaines de milliers d\u2019\u00e9tudiants qui relient chaque jour les deux villes majeures des <a href=\"https:\/\/actu.fr\/provence-alpes-cote-d-azur\/bouches-du-rhone_13\" target=\"_blank\" rel=\"noopener\">Bouches-du-Rh\u00f4ne<\/a>. Mais pour beaucoup, ces trajets se r\u00e9v\u00e8lent plut\u00f4t \u00eatre <strong>une \u00e9preuve du quotidien<\/strong>. Laura s\u2019est install\u00e9e r\u00e9cemment dans la cit\u00e9 phoc\u00e9enne. Ce mardi 7\u00a0octobre 2025, elle a effectu\u00e9 sa rentr\u00e9e \u00e0 Aix-en-Provence. Elle a accept\u00e9 de livrer \u00e0 actu Marseille son ressenti sur ces premiers voyages.<\/p>\n<p>\u00ab\u2009C\u2019est la guerre\u2009\u00bb<\/p>\n<p class=\" wall-content\">Comme beaucoup, Laura, 26\u00a0ans, a fait le choix de r\u00e9sider \u00e0 Marseille malgr\u00e9 ses \u00e9tudes \u00e0 Aix-en-Provence. Pour cette bordelaise d\u2019origine, ce n\u2019est pas en raison <a href=\"https:\/\/actu.fr\/provence-alpes-cote-d-azur\/aix-en-provence_13001\/logement-etudiant-cette-ville-pres-de-marseille-est-la-plus-chere-hors-ile-de-france_62802283.html\" target=\"_blank\" rel=\"noopener\">du co\u00fbt exorbitant des loyers dans la ville<\/a> aux mille fontaines, mais plut\u00f4t parce que son emploi en alternance se trouve dans le 7e arrondissement.<\/p>\n<p class=\" wall-content\">Apr\u00e8s plusieurs semaines d\u2019attente, l\u2019\u00e9tudiante se montrait impatiente d\u2019effectuer sa rentr\u00e9e. Elle a vite d\u00e9chant\u00e9 et d\u00e9couvert la \u00ab\u2009guerre\u2009\u00bb promise par une amie qui avait par le pass\u00e9 d\u00e9j\u00e0 exp\u00e9riment\u00e9 ces trajets.<\/p>\n<p>31 bus circulent toute la journ\u00e9e<\/p>\n<p class=\" wall-content\">C\u2019est une des promesses de la M\u00e9tropole qui g\u00e8re cette fameuse ligne 50\u2009: un bus relie les deux villes toutes les cinq minutes. Sauf que ce sont entre 13000 et 18000 personnes qui l\u2019empruntent quotidiennement, selon <a href=\"https:\/\/www.francebleu.fr\/infos\/transports\/entre-marseille-et-aix-une-nouvelle-voie-supplementaire-de-l-autoroute-est-reservee-aux-bus-des-ce-mardi-4870810\" target=\"_blank\" rel=\"noopener\">les derniers chiffres fournis en d\u00e9but d\u2019ann\u00e9e 2025 et relay\u00e9s par Ici Provence.<\/a><\/p>\n<p class=\" wall-content\">Sur les quais de la gare Saint-Charles (1er), peu importent les heures (en horaire de pointe), il y a toujours du monde. <strong>\u00ab\u2009J\u2019arrive \u00e0 7h20 et il y a d\u00e9j\u00e0 la queue\u2009\u00bb<\/strong>, assure Laura qui confie avoir assist\u00e9 \u00e0 certaines sc\u00e8nes qui peuvent pr\u00eater \u00e0 sourire avec des personnes qui multiplient les ruses pour \u00eatre s\u00fbr d\u2019avoir le suivant. \u00ab\u2009Si on se met l\u00e0-bas et qu\u2019on passe devant eux, c\u2019est bon\u2009\u00bb, a-t-elle entendu de la bouche d\u2019autres \u00e9tudiants.<\/p>\n<p>    <img   decoding=\"async\" loading=\"lazy\" src=\"https:\/\/www.europesays.com\/fr\/wp-content\/uploads\/2025\/10\/whatsapp-image-2025-10-10-at-085738-960x640.jpeg\" alt=\"A la gare de Saint-Charles de Marseille, les bus pour Aix-en-Provence partent toutes les cinq minutes en heure de pointe.\" width=\"960\" height=\"640\"\/><br \/>\n    \u00c0 la gare de Saint-Charles de Marseille, les bus pour Aix-en-Provence partent toutes les cinq minutes en heure de pointe. (\u00a9Document remis \u00e0 actu Marseille)<\/p>\n<p class=\" wall-content\">L\u2019\u00e9tudiante en motion design affirme m\u00eame arriver plus t\u00f4t pour partir \u00e0 l\u2019heure souhait\u00e9e de base. Pourtant, selon la M\u00e9tropole, ce sont <strong>31 bus qui circulent, dont 16 \u00e0 double \u00e9tage<\/strong> avec 94 places depuis 2018.<\/p>\n<p>Votre r\u00e9gion, votre actu !<\/p>\n<p>Recevez chaque jour les infos qui comptent pour vous.<\/p>\n<p>\t<a href=\"https:\/\/actu.fr\/newsletter\" class=\"ac-btn ac-btn--corner ac-btn--medium ac-btn--blue800\" target=\"_blank\" rel=\"noopener\">S&rsquo;incrire<\/a><br \/>\nLe retour vers Marseille au c\u0153ur des tensions<\/p>\n<p class=\" wall-content\">Mais une fois mont\u00e9e dans le bus, l\u2019assurance d\u2019arriver \u00e0 l\u2019heure est plus qu\u2019incertaine. \u00ab\u2009Il y a <strong>tout le temps des bouchons sur la route<\/strong>, c\u2019est un enfer\u2009\u00bb, d\u00e9plore Laura.<\/p>\n<p class=\" wall-content\">L\u00e0 encore, la M\u00e9tropole a fait des efforts ces derni\u00e8res ann\u00e9es. <strong>Une voie d\u00e9di\u00e9e au bus a \u00e9t\u00e9 cr\u00e9\u00e9e sur un kilom\u00e8tre<\/strong> au niveau de <a href=\"https:\/\/actu.fr\/provence-alpes-cote-d-azur\/septemes-les-vallons_13106\" target=\"_blank\" rel=\"noopener\">Sept\u00e8mes-les-Vallons<\/a>. \u00ab\u2009On ne l\u2019emprunte qu\u2019apr\u00e8s <a href=\"https:\/\/actu.fr\/provence-alpes-cote-d-azur\/septemes-les-vallons_13106\" target=\"_blank\" rel=\"noopener\">les quartiers nord<\/a>\u2009\u00bb, souffle l\u2019\u00e9tudiante de 26\u00a0ans.<\/p>\n<p class=\" wall-content\">Pour qui le plus dur reste \u00e0 venir. Selon elle, les sorties de cours \u00e0 Aix-en-Provence sont plus que difficiles. \u00ab\u2009Mardi, il y avait tellement de monde que je me suis demand\u00e9 comment on allait rentrer\u2009\u00bb, explique-t-elle. \u00ab\u2009Des gens sont mont\u00e9s et ont d\u00fb redescendre pour attendre les cars suivants\u2009\u00bb, poursuit-elle.<\/p>\n<p class=\" wall-content\">D\u2019autant plus que, selon elle, <strong>plusieurs bus ne passent pas aux horaires indiqu\u00e9s<\/strong>, provoquant la col\u00e8re des usagers. Elle assure avoir d\u00e9j\u00e0 assist\u00e9 \u00e0 des joutes verbales assez muscl\u00e9es entre les voyageurs.<\/p>\n<p>Un collectif de parents d\u2019\u00e9l\u00e8ves cr\u00e9\u00e9<\/p>\n<p class=\" wall-content\">Pour cette premi\u00e8re semaine, Laura dresse donc un bilan plus que mitig\u00e9 de son exp\u00e9rience. Elle <strong>r\u00e9clame \u00ab\u2009plus de bus<\/strong> pour \u00e9viter d\u2019attendre trop longtemps le matin et le soir\u2009\u00bb.<\/p>\n<p class=\" wall-content\">Ce ph\u00e9nom\u00e8ne ne touche pas seulement la ligne 50 et les usagers entre Marseille et Aix-en-Provence. La ville aux mille fontaines semble cristalliser les tensions, puisque des parents de lyc\u00e9ens r\u00e9sidant \u00e0 Trets ont <a href=\"https:\/\/www.facebook.com\/groups\/270858192305181\/?multi_permalinks=662271436497186&amp;hoisted_section_header_type=recently_seen\" target=\"_blank\" rel=\"noopener\">mont\u00e9 un collectif<\/a> pour d\u00e9noncer des \u00ab\u2009bus scolaires et une ligne 160 trop souvent absents ou pleins\u2009\u00bb.<\/p>\n<p class=\" wall-content\">Personnalisez votre actualit\u00e9 en ajoutant vos villes et m\u00e9dias en favori avec <a href=\"https:\/\/moncompte.actu.fr\" title=\"D\u00e9couvez Mon Actu\" rel=\"nofollow noopener\" data-trk=\"{&quot;cta&quot;:{&quot;action&quot;:&quot;https:\\\/\\\/moncompte.actu.fr&quot;,&quot;category&quot;:&quot;mon compte&quot;,&quot;from&quot;:&quot;article footer&quot;,&quot;name&quot;:&quot;Mon actu&quot;,&quot;type&quot;:&quot;cta&quot;}}\" target=\"_blank\">Mon Actu<\/a>.<\/p>\n","protected":false},"excerpt":{"rendered":"Par Thibault Nadal Publi\u00e9 le 11 oct. 2025 \u00e0 6h40 Apr\u00e8s plusieurs mois d\u2019arr\u00eat en raison des vacances&hellip;\n","protected":false},"author":2,"featured_media":454246,"comment_status":"","ping_status":"","sticky":false,"template":"","format":"standard","meta":{"footnotes":""},"categories":[2814],"tags":[1111,11,1064,1777,674,1011,27,884,12,882,25,104,2803],"class_list":{"0":"post-454245","1":"post","2":"type-post","3":"status-publish","4":"format-standard","5":"has-post-thumbnail","7":"category-marseille","8":"tag-actu","9":"tag-actualites","10":"tag-etudiantses","11":"tag-eu","12":"tag-europe","13":"tag-fr","14":"tag-france","15":"tag-marseille","16":"tag-news","17":"tag-provence-alpes-cote-dazur","18":"tag-republique-francaise","19":"tag-societe","20":"tag-transport"},"share_on_mastodon":{"url":"https:\/\/pubeurope.com\/@fr\/115353807252493097","error":""},"_links":{"self":[{"href":"https:\/\/www.europesays.com\/fr\/wp-json\/wp\/v2\/posts\/454245","targetHints":{"allow":["GET"]}}],"collection":[{"href":"https:\/\/www.europesays.com\/fr\/wp-json\/wp\/v2\/posts"}],"about":[{"href":"https:\/\/www.europesays.com\/fr\/wp-json\/wp\/v2\/types\/post"}],"author":[{"embeddable":true,"href":"https:\/\/www.europesays.com\/fr\/wp-json\/wp\/v2\/users\/2"}],"replies":[{"embeddable":true,"href":"https:\/\/www.europesays.com\/fr\/wp-json\/wp\/v2\/comments?post=454245"}],"version-history":[{"count":0,"href":"https:\/\/www.europesays.com\/fr\/wp-json\/wp\/v2\/posts\/454245\/revisions"}],"wp:featuredmedia":[{"embeddable":true,"href":"https:\/\/www.europesays.com\/fr\/wp-json\/wp\/v2\/media\/454246"}],"wp:attachment":[{"href":"https:\/\/www.europesays.com\/fr\/wp-json\/wp\/v2\/media?parent=454245"}],"wp:term":[{"taxonomy":"category","embeddable":true,"href":"https:\/\/www.europesays.com\/fr\/wp-json\/wp\/v2\/categories?post=454245"},{"taxonomy":"post_tag","embeddable":true,"href":"https:\/\/www.europesays.com\/fr\/wp-json\/wp\/v2\/tags?post=454245"}],"curies":[{"name":"wp","href":"https:\/\/api.w.org\/{rel}","templated":true}]}}