{"id":454247,"date":"2025-10-11T05:09:13","date_gmt":"2025-10-11T05:09:13","guid":{"rendered":"https:\/\/www.europesays.com\/fr\/454247\/"},"modified":"2025-10-11T05:09:13","modified_gmt":"2025-10-11T05:09:13","slug":"lyon-avec-la-legende-de-son-oiseau-bleu-le-cirque-medrano-est-toujours-a-la-fete","status":"publish","type":"post","link":"https:\/\/www.europesays.com\/fr\/454247\/","title":{"rendered":"Lyon. Avec la l\u00e9gende de son oiseau bleu, le cirque Medrano est toujours \u00e0 la f\u00eate &#8211;"},"content":{"rendered":"<p>\t\t\t\t<img fetchpriority=\"high\" decoding=\"async\" width=\"900\" height=\"600\" src=\"https:\/\/www.europesays.com\/fr\/wp-content\/uploads\/2025\/10\/524197454_24224852180511470_1195015869119162398_n.jpg\" alt=\"\" title=\"01 Cirque Medrano\"   class=\"wp-image-165572\"\/><\/p>\n<p>Photos \u00a9 DR \/ Pierre Michel<\/p>\n<p><strong>Texte\u00a0: Morgan Couturier \u2013<\/strong> D\u00e9sormais install\u00e9 sur la place Jean Jaur\u00e8s, le cirque Medrano revient pour une 39e saison et deux mois de spectacles, avec l\u2019ambition d\u2019emporter le public dans l\u2019univers enchanteur de son show \u00ab\u00a0la l\u00e9gende de l\u2019oiseau bleu\u00a0\u00bb. Entre tradition et originalit\u00e9.<\/p>\n<p>Chercher des indices partout, m\u00eame l\u00e0 o\u00f9 il n\u2019y en a pas, conduit parfois \u00e0 d\u2019\u00e9tranges hypoth\u00e8ses. Mais \u00e0 voir l\u2019affiche de ce nouveau spectacle sur laquelle un homme vole dans son cerceau au-dessus de la for\u00eat, on pourrait croire y apercevoir <strong>Raoul Gibault<\/strong>.<\/p>\n<p><img loading=\"lazy\" decoding=\"async\" class=\"alignnone size-full wp-image-165560\" src=\"data:image\/svg+xml,%3Csvg%20xmlns=\" http:=\"\" alt=\"\" width=\"900\" height=\"600\" data-lazy- data-lazy- data-lazy-src=\"https:\/\/www.europesays.com\/fr\/wp-content\/uploads\/2025\/10\/03-cirque-medrano-lyon.jpg\"\/><\/p>\n<p>En effet, le directeur du cirque Medrano a beau s\u2019\u00eatre fait exclure du quartier de la Confluence au profit de futurs espaces verts, le voil\u00e0 \u00e0 nouveau pr\u00eat \u00e0 survoler les arbres, pour planter son chapiteau sur la place Jean Jaur\u00e8s.<\/p>\n<p>\u00ab\u00a0Les gens ont commenc\u00e9 \u00e0 prendre l\u2019habitude\u00a0\u00bb, expose l\u2019int\u00e9ress\u00e9, content de ce nouveau pied-\u00e0-terre qui lui fait remplir les gradins et assouvir sa passion\u00a0: inviter le public \u00e0 d\u00e9couvrir un spectacle enchanteur. \u00c0 partir du samedi 11 octobre et pendant deux mois, l\u2019historique maison lyonnaise a donc choisi de s\u2019envoler vers un monde imaginaire. Non pas celui de Peter Pan, mais celui de la \u00ab\u00a0L\u00e9gende de l\u2019Oiseau Bleu\u00a0\u00bb.<\/p>\n<p><strong>Une piste sur\u00e9lev\u00e9e pour une meilleure visibilit\u00e9<\/strong><\/p>\n<p>\u00ab\u00a0Ce voyage c\u00e9l\u00e8bre la libert\u00e9, l\u2019amiti\u00e9 et les r\u00eaves partag\u00e9s. On voulait renouer avec l\u2019art de la pantomime en pr\u00e9sentant un spectacle de qualit\u00e9, destin\u00e9 aux familles\u00a0\u00bb, pr\u00e9sente le cirque. Visiblement coutumier des volatiles, apr\u00e8s avoir exp\u00e9riment\u00e9 au printemps dernier quelques-uns de ses num\u00e9ros au Parc des Oiseaux, Raoul Gibault revient cette fois avec un show d\u2019une heure et demie.<\/p>\n<p><img loading=\"lazy\" decoding=\"async\" class=\"alignnone size-full wp-image-165561\" src=\"data:image\/svg+xml,%3Csvg%20xmlns=\" http:=\"\" alt=\"\" width=\"900\" height=\"600\" data-lazy- data-lazy- data-lazy-src=\"https:\/\/www.europesays.com\/fr\/wp-content\/uploads\/2025\/10\/05-cirque-medrano-lyon.jpg\"\/><\/p>\n<p>Point de rapaces ni de mammif\u00e8res vivant \u00e0 l\u2019horizon, sous la toile de son chapiteau, le Lyonnais laisse simplement sa vingtaine d\u2019artistes prendre possession du ciel. Le r\u00e9sultat\u00a0? \u00ab\u00a0Des acrobaties spectaculaires, des jongleries envo\u00fbtantes et des clowneries pleines de surprises\u00a0\u00bb.<\/p>\n<p>\u00ab\u00a0\u00c0 d\u00e9faut de faire tomber l\u2019or du ciel, une troupe d\u2019artistes talentueux vous \u00e9blouira par son \u00e9nergie et sa cr\u00e9ativit\u00e9, transformant chaque num\u00e9ro en un v\u00e9ritable moment de magie\u00a0\u00bb, pr\u00e9sente encore l\u2019institution. Et ce, avant que les mots de Raoul Gibault n\u2019ajoutent une touche de magie propre au cirque Medrano.<\/p>\n<p><strong>Medrano renoue avec l\u2019\u00e9motion d\u2019une chanteuse<\/strong><\/p>\n<p>\u00ab\u00a0C\u2019est un spectacle haut en couleur, dynamique et rythm\u00e9. On a une belle touche originalit\u00e9 avec un tr\u00e8s beau num\u00e9ro de contorsion a\u00e9rienne venu du Vietnam, mais aussi des danseurs acrobatiques g\u00e9orgiens et des derviches tourneurs \u00e9gyptiens avec des costumes tr\u00e8s color\u00e9s. Le but est d\u2019avoir un spectacle joyeux, qui rassemble des cultures diff\u00e9rentes\u00a0\u00bb, expose-t-il.<\/p>\n<p><img loading=\"lazy\" decoding=\"async\" class=\"alignnone size-full wp-image-165562\" src=\"data:image\/svg+xml,%3Csvg%20xmlns=\" http:=\"\" alt=\"\" width=\"900\" height=\"600\" data-lazy- data-lazy- data-lazy-src=\"https:\/\/www.europesays.com\/fr\/wp-content\/uploads\/2025\/10\/07-cirque-medrano-lyon.jpg\"\/><\/p>\n<p>Au gr\u00e9 de deux \u00e0 trois s\u00e9ances par jour de repr\u00e9sentation, le cirque Medrano promet m\u00eame un show \u00ab\u00a0rempli d\u2019\u00e9motions\u00a0\u00bb, cach\u00e9es derri\u00e8re cette myst\u00e9rieuse histoire d\u2019un \u00ab\u00a0oiseau bleu aux plumes \u00e9clatantes, symbole de libert\u00e9 et d\u2019espoir\u00a0\u00bb.<\/p>\n<p>Mieux, petits et grands pourraient \u00eatre tent\u00e9s de pousser la porte de l\u2019entr\u00e9e pour percer le secret\u00a0d\u2019un voyage riche en p\u00e9rip\u00e9ties, dont l\u2019issue finale fait d\u2019ores et d\u00e9j\u00e0 saliver : \u00ab\u00a0quiconque gagne l\u2019amiti\u00e9 de l\u2019oiseau bleu conna\u00eetra prosp\u00e9rit\u00e9 et bonheur\u00a0\u00bb. Une bonne raison d\u2019essayer. De r\u00eaver. Ou d\u2019appr\u00e9cier ce nouveau spectacle, tout simplement.<\/p>\n<p><strong>Cirque Medrano<br \/>P<\/strong><strong>lace Jean Jaur\u00e8s \u2013 Lyon 7 \u2013 M\u00e9tro Jean Jaur\u00e8s<br \/>Tarifs\u00a0: de 19\u20ac \u00e0 50\u20ac. 22\u20ac pour les emplacements PMR.<br \/>&gt; R\u00e9servations et informations sur <\/strong><a href=\"http:\/\/www.cirquemedrano.fr\" target=\"_blank\" rel=\"noopener\"><strong>www.cirquemedrano.fr<\/strong><\/a><\/p>\n<p>\u00a0<\/p>\n","protected":false},"excerpt":{"rendered":"Photos \u00a9 DR \/ Pierre Michel Texte\u00a0: Morgan Couturier \u2013 D\u00e9sormais install\u00e9 sur la place Jean Jaur\u00e8s, le&hellip;\n","protected":false},"author":2,"featured_media":454248,"comment_status":"","ping_status":"","sticky":false,"template":"","format":"standard","meta":{"footnotes":""},"categories":[1889],"tags":[4257,1111,11,2430,57985,1777,674,1011,27,2428,12,25],"class_list":{"0":"post-454247","1":"post","2":"type-post","3":"status-publish","4":"format-standard","5":"has-post-thumbnail","7":"category-lyon","8":"tag-0top","9":"tag-actu","10":"tag-actualites","11":"tag-auvergne-rhone-alpes","12":"tag-cirque-medrano","13":"tag-eu","14":"tag-europe","15":"tag-fr","16":"tag-france","17":"tag-lyon","18":"tag-news","19":"tag-republique-francaise"},"share_on_mastodon":{"url":"https:\/\/pubeurope.com\/@fr\/115353811032995486","error":""},"_links":{"self":[{"href":"https:\/\/www.europesays.com\/fr\/wp-json\/wp\/v2\/posts\/454247","targetHints":{"allow":["GET"]}}],"collection":[{"href":"https:\/\/www.europesays.com\/fr\/wp-json\/wp\/v2\/posts"}],"about":[{"href":"https:\/\/www.europesays.com\/fr\/wp-json\/wp\/v2\/types\/post"}],"author":[{"embeddable":true,"href":"https:\/\/www.europesays.com\/fr\/wp-json\/wp\/v2\/users\/2"}],"replies":[{"embeddable":true,"href":"https:\/\/www.europesays.com\/fr\/wp-json\/wp\/v2\/comments?post=454247"}],"version-history":[{"count":0,"href":"https:\/\/www.europesays.com\/fr\/wp-json\/wp\/v2\/posts\/454247\/revisions"}],"wp:featuredmedia":[{"embeddable":true,"href":"https:\/\/www.europesays.com\/fr\/wp-json\/wp\/v2\/media\/454248"}],"wp:attachment":[{"href":"https:\/\/www.europesays.com\/fr\/wp-json\/wp\/v2\/media?parent=454247"}],"wp:term":[{"taxonomy":"category","embeddable":true,"href":"https:\/\/www.europesays.com\/fr\/wp-json\/wp\/v2\/categories?post=454247"},{"taxonomy":"post_tag","embeddable":true,"href":"https:\/\/www.europesays.com\/fr\/wp-json\/wp\/v2\/tags?post=454247"}],"curies":[{"name":"wp","href":"https:\/\/api.w.org\/{rel}","templated":true}]}}