{"id":454249,"date":"2025-10-11T05:10:16","date_gmt":"2025-10-11T05:10:16","guid":{"rendered":"https:\/\/www.europesays.com\/fr\/454249\/"},"modified":"2025-10-11T05:10:16","modified_gmt":"2025-10-11T05:10:16","slug":"lyon-du-sursis-pour-le-bureau-de-poste-de-la-rue-du-dauphine-au-moins-jusqua-fin-2026","status":"publish","type":"post","link":"https:\/\/www.europesays.com\/fr\/454249\/","title":{"rendered":"Lyon. Du sursis pour le bureau de poste de la rue du Dauphin\u00e9 \u00ab\u00a0au moins jusqu\u2019\u00e0 fin 2026\u00a0\u00bb"},"content":{"rendered":"<p>Les mobilisations se suivent et semblent se ressembler. La derni\u00e8re en date organis\u00e9e par le collectif de d\u00e9fense de la Poste du Dauphin\u00e9, ce jeudi 9\u00a0octobre, s\u2019est sold\u00e9e par une bonne nouvelle. Pr\u00e9sente \u00e0 ce rassemblement, <a href=\"https:\/\/www.leprogres.fr\/p\/sandrine-runel\" target=\"_blank\" rel=\"nofollow noopener\">Sandrine Runel<\/a>, d\u00e9put\u00e9e (PS) du Rh\u00f4ne, a annonc\u00e9\u00a0: \u00ab\u00a0\u00c0 force de rencontres, on a obtenu qu\u2019il n\u2019y ait pas la fermeture du bureau de poste de la rue du Dauphin\u00e9 au moins jusqu\u2019\u00e0 fin 2026, mais apr\u00e8s \u00e7a reste en sursis, les membres du collectif restent mobilis\u00e9s.\u00a0\u00bb<\/p>\n<p>\u00ab\u00a0C\u2019est plut\u00f4t une tr\u00e8s bonne nouvelle\u00a0\u00bb, indique l\u2019\u00e9lue. Qui est aussi venue pr\u00e9senter sa proposition de loi \u00ab\u00a0pour garantir l\u2019acc\u00e8s universel au service postal et renforcer sa pr\u00e9sence sur tout le territoire\u00a0\u00bb.<\/p>\n<p>  Remettre au go\u00fbt du jour une loi de 1990<\/p>\n<p>\u00ab\u00a0Aujourd\u2019hui, on voit qu\u2019il y a des bureaux de poste qui ferment, ce sont de logiques immobili\u00e8res. Alors qu\u2019en fait, on est sur un service public. Mais comme le groupe La Poste est devenu une soci\u00e9t\u00e9 anonyme, ils ont des rentabilit\u00e9s qui leur appartiennent et ont une marge de man\u0153uvre que ne peut leur imposer l\u2019\u00c9tat. Moi, ce que je voudrais, c\u2019est justement changer tout \u00e7a\u00a0\u00bb, indique-t-elle.<\/p>\n<p>L\u2019id\u00e9e\u00a0? D\u00e9poussi\u00e9rer ou plut\u00f4t \u00ab\u00a0remettre au go\u00fbt du jour\u00a0\u00bb, une loi de 1990, en tout cas \u00ab\u00a0l\u2019adapter \u00e0 la situation des grandes villes\u00a0\u00bb. Elle \u00ab\u00a0date un peu\u00a0\u00bb, argumente la d\u00e9put\u00e9e, et impose une localisation des points de contacts postaux \u00e0 5 kilom\u00e8tres du domicile ou 20 minutes \u00ab\u00a0en trajets motoris\u00e9s\u00a0\u00bb. Depuis, les mobilit\u00e9s douces sont pass\u00e9es par l\u00e0, notamment dans les grandes villes. D\u2019o\u00f9 la proposition qui vise, dans les \u00ab\u00a0zones urbaines denses\u00a0\u00bb, une localisation de ces points de contact qui \u00ab\u00a0doit permettre \u00e0 toute personne d\u2019y acc\u00e9der en environ quinze minutes de marche \u00e0 un rythme lent, soit environ un kilom\u00e8tre\u00a0\u00bb.<\/p>\n<p>  \u00ab\u00a0Ce n\u2019est pas infaisable\u00a0\u00bb<\/p>\n<p>Une intention qui suppose plut\u00f4t des ouvertures de service postal que des fermetures et qui aura un co\u00fbt. \u00ab\u00a0Le groupe La Poste est exc\u00e9dentaire, les services qui fonctionnent peuvent compenser, il y a l\u2019\u00c9tat aussi\u00a0\u00bb, r\u00e9pond <a href=\"https:\/\/www.leprogres.fr\/elections\/2025\/09\/26\/voir-quelle-strategie-est-la-plus-opportune-sandrine-runel-est-designee-cheffe-de-file-du-ps-pour-les-municipales\" target=\"_blank\" rel=\"nofollow noopener\">Sandrine Runel.<\/a> \u00ab\u00a0En gros, il manque un milliard d\u2019euros pour <a href=\"https:\/\/www.leprogres.fr\/social\/2024\/10\/30\/malgre-les-protestations-le-bureau-de-poste-de-jean-mace-ferme-definitivement\" target=\"_blank\" rel=\"nofollow noopener\">\u00e9viter de fermer tous les bureaux de poste<\/a> qu\u2019ils ont pr\u00e9vu de fermer. On se dit, ou on fait 40\u00a0milliards d\u2019\u00e9conomie ou on investit dans les services publics. Ce n\u2019est pas infaisable.\u00a0\u00bb<\/p>\n<p>Reste une question en suspens. Est-ce le bon timing pour d\u00e9poser ce projet de loi\u00a0? \u00ab\u00a0Je travaille avec le collectif de la poste du Dauphin\u00e9 depuis l\u2019ann\u00e9e derni\u00e8re, pr\u00e9cise l\u2019\u00e9lue. Le 9\u00a0octobre, Journ\u00e9e mondiale de la Poste nous paraissait une bonne date. Comptez sur moi pour qu\u2019elle ne tombe pas aux oubliettes, mais c\u2019est s\u00fbr, ce ne sera pas avant 2026.\u00a0\u00bb<\/p>\n","protected":false},"excerpt":{"rendered":"Les mobilisations se suivent et semblent se ressembler. La derni\u00e8re en date organis\u00e9e par le collectif de d\u00e9fense&hellip;\n","protected":false},"author":2,"featured_media":454250,"comment_status":"","ping_status":"","sticky":false,"template":"","format":"standard","meta":{"footnotes":""},"categories":[1889],"tags":[1111,11,2430,4406,33,2757,1777,674,1011,27,2428,2756,12,3541,316,25],"class_list":{"0":"post-454249","1":"post","2":"type-post","3":"status-publish","4":"format-standard","5":"has-post-thumbnail","7":"category-lyon","8":"tag-actu","9":"tag-actualites","10":"tag-auvergne-rhone-alpes","11":"tag-commerce-et-services","12":"tag-economie","13":"tag-edition-lyon-villeurbanne","14":"tag-eu","15":"tag-europe","16":"tag-fr","17":"tag-france","18":"tag-lyon","19":"tag-lyon-bassin","20":"tag-news","21":"tag-parti-socialiste","22":"tag-politique","23":"tag-republique-francaise"},"share_on_mastodon":{"url":"https:\/\/pubeurope.com\/@fr\/115353814553809242","error":""},"_links":{"self":[{"href":"https:\/\/www.europesays.com\/fr\/wp-json\/wp\/v2\/posts\/454249","targetHints":{"allow":["GET"]}}],"collection":[{"href":"https:\/\/www.europesays.com\/fr\/wp-json\/wp\/v2\/posts"}],"about":[{"href":"https:\/\/www.europesays.com\/fr\/wp-json\/wp\/v2\/types\/post"}],"author":[{"embeddable":true,"href":"https:\/\/www.europesays.com\/fr\/wp-json\/wp\/v2\/users\/2"}],"replies":[{"embeddable":true,"href":"https:\/\/www.europesays.com\/fr\/wp-json\/wp\/v2\/comments?post=454249"}],"version-history":[{"count":0,"href":"https:\/\/www.europesays.com\/fr\/wp-json\/wp\/v2\/posts\/454249\/revisions"}],"wp:featuredmedia":[{"embeddable":true,"href":"https:\/\/www.europesays.com\/fr\/wp-json\/wp\/v2\/media\/454250"}],"wp:attachment":[{"href":"https:\/\/www.europesays.com\/fr\/wp-json\/wp\/v2\/media?parent=454249"}],"wp:term":[{"taxonomy":"category","embeddable":true,"href":"https:\/\/www.europesays.com\/fr\/wp-json\/wp\/v2\/categories?post=454249"},{"taxonomy":"post_tag","embeddable":true,"href":"https:\/\/www.europesays.com\/fr\/wp-json\/wp\/v2\/tags?post=454249"}],"curies":[{"name":"wp","href":"https:\/\/api.w.org\/{rel}","templated":true}]}}