{"id":454251,"date":"2025-10-11T05:11:13","date_gmt":"2025-10-11T05:11:13","guid":{"rendered":"https:\/\/www.europesays.com\/fr\/454251\/"},"modified":"2025-10-11T05:11:13","modified_gmt":"2025-10-11T05:11:13","slug":"prescripass-le-sport-adapte-cest-aussi-pour-les-quartiers-prioritaires-dile-de-france","status":"publish","type":"post","link":"https:\/\/www.europesays.com\/fr\/454251\/","title":{"rendered":"\u00ab Prescri\u2019Pass \u00bb\u00a0: le sport adapt\u00e9 c&rsquo;est aussi pour les quartiers prioritaires d&rsquo;\u00cele-de-France"},"content":{"rendered":"\n<p style=\"margin-bottom: 0cm;\">L\u2019Agence r\u00e9gionale de sant\u00e9 a lanc\u00e9 ce dispositif pour favoriser l\u2019activit\u00e9 physique adapt\u00e9e chez les publics les plus fragiles. Financ\u00e9 \u00e0 hauteur de 1,3 million d\u2019euros, ce programme permet \u00e0 plus de 4.000 Franciliens issus des quartiers prioritaires de b\u00e9n\u00e9ficier gratuitement de 24 s\u00e9ances d\u2019activit\u00e9 physique adapt\u00e9e. Ces derni\u00e8res sont encadr\u00e9es dans 55 Maisons Sport-Sant\u00e9 partenaires. Chaque participant dispose d\u2019un suivi complet avec bilan d\u2019entr\u00e9e et de sortie pour mesurer les progr\u00e8s r\u00e9alis\u00e9s.<\/p>\n<p style=\"margin-bottom: 0cm;\">\u00a0<\/p>\n<p style=\"margin-bottom: 0cm;\">Nicolas Chacun<\/p>\n<p>!function(f,b,e,v,n,t,s){if(f.fbq)return;n=f.fbq=function(){n.callMethod?<br \/>\nn.callMethod.apply(n,arguments):n.queue.push(arguments)};if(!f._fbq)f._fbq=n;<br \/>\nn.push=n;n.loaded=!0;n.version=&rsquo;2.0&prime;;n.queue=[];t=b.createElement(e);t.async=!0;<br \/>\nt.src=v;s=b.getElementsByTagName(e)[0];s.parentNode.insertBefore(t,s)}(window,<br \/>\ndocument,&rsquo;script&rsquo;,&rsquo;https:\/\/connect.facebook.net\/en_US\/fbevents.js&rsquo;);<br \/>\nfbq(&lsquo;init&rsquo;, &lsquo;278974969201861&rsquo;); \/\/ Insert your pixel ID here.<br \/>\nfbq(&lsquo;track&rsquo;, &lsquo;PageView&rsquo;);<\/p>\n","protected":false},"excerpt":{"rendered":"L\u2019Agence r\u00e9gionale de sant\u00e9 a lanc\u00e9 ce dispositif pour favoriser l\u2019activit\u00e9 physique adapt\u00e9e chez les publics les plus&hellip;\n","protected":false},"author":2,"featured_media":454252,"comment_status":"","ping_status":"","sticky":false,"template":"","format":"standard","meta":{"footnotes":""},"categories":[1592],"tags":[1111,11,1933,1936,1777,1939,674,1011,27,662,1934,12,1940,626,1935,25,1937,1941,1938],"class_list":{"0":"post-454251","1":"post","2":"type-post","3":"status-publish","4":"format-standard","5":"has-post-thumbnail","7":"category-ile-de-france","8":"tag-actu","9":"tag-actualites","10":"tag-actualites-locales","11":"tag-essonne","12":"tag-eu","13":"tag-eure-et-loir","14":"tag-europe","15":"tag-fr","16":"tag-france","17":"tag-ile-de-france","18":"tag-infos-locales","19":"tag-news","20":"tag-oise","21":"tag-paris","22":"tag-pres-de-chez-vous","23":"tag-republique-francaise","24":"tag-seine-et-marne","25":"tag-somme","26":"tag-yvelines"},"share_on_mastodon":{"url":"https:\/\/pubeurope.com\/@fr\/115353818533354849","error":""},"_links":{"self":[{"href":"https:\/\/www.europesays.com\/fr\/wp-json\/wp\/v2\/posts\/454251","targetHints":{"allow":["GET"]}}],"collection":[{"href":"https:\/\/www.europesays.com\/fr\/wp-json\/wp\/v2\/posts"}],"about":[{"href":"https:\/\/www.europesays.com\/fr\/wp-json\/wp\/v2\/types\/post"}],"author":[{"embeddable":true,"href":"https:\/\/www.europesays.com\/fr\/wp-json\/wp\/v2\/users\/2"}],"replies":[{"embeddable":true,"href":"https:\/\/www.europesays.com\/fr\/wp-json\/wp\/v2\/comments?post=454251"}],"version-history":[{"count":0,"href":"https:\/\/www.europesays.com\/fr\/wp-json\/wp\/v2\/posts\/454251\/revisions"}],"wp:featuredmedia":[{"embeddable":true,"href":"https:\/\/www.europesays.com\/fr\/wp-json\/wp\/v2\/media\/454252"}],"wp:attachment":[{"href":"https:\/\/www.europesays.com\/fr\/wp-json\/wp\/v2\/media?parent=454251"}],"wp:term":[{"taxonomy":"category","embeddable":true,"href":"https:\/\/www.europesays.com\/fr\/wp-json\/wp\/v2\/categories?post=454251"},{"taxonomy":"post_tag","embeddable":true,"href":"https:\/\/www.europesays.com\/fr\/wp-json\/wp\/v2\/tags?post=454251"}],"curies":[{"name":"wp","href":"https:\/\/api.w.org\/{rel}","templated":true}]}}