{"id":454253,"date":"2025-10-11T05:12:49","date_gmt":"2025-10-11T05:12:49","guid":{"rendered":"https:\/\/www.europesays.com\/fr\/454253\/"},"modified":"2025-10-11T05:12:49","modified_gmt":"2025-10-11T05:12:49","slug":"ile-de-france-visites-et-balades-pour-les-journees-de-larchitecture","status":"publish","type":"post","link":"https:\/\/www.europesays.com\/fr\/454253\/","title":{"rendered":"\u00cele-de-France : visites et balades pour les Journ\u00e9es de l&rsquo;Architecture"},"content":{"rendered":"<p><img loading=\"lazy\" decoding=\"async\" alt=\"\u00a9 Shutterstock - Du 16 au 19 octobre, la 10e \u00e9dition met \u00e0 l\u2019honneur les \u201carchitectures du quotidien\u201d, avec visites, ateliers et balades franciliennes.\" data-zoom-src=\"https:\/\/www.europesays.com\/fr\/wp-content\/uploads\/2025\/10\/initial-journees-nationales-de-l-architecture-2025-ile-de-france.jpg\" data-zoomable=\"\" height=\"702\" src=\"https:\/\/www.europesays.com\/fr\/wp-content\/uploads\/2025\/10\/initial-journees-nationales-de-l-architecture-2025-ile-de-france.jpg\" width=\"1248\"\/>  <\/p>\n<p class=\"article-desc\">\u00a9 Shutterstock &#8211; Du 16 au 19 octobre, la 10e \u00e9dition met \u00e0 l\u2019honneur les \u201carchitectures du quotidien\u201d, avec visites, ateliers et balades franciliennes. <\/p>\n<p>Apr\u00e8s les <a href=\"https:\/\/mesinfos.fr\/ile-de-france\/journees-europeennes-du-patrimoine-2025-l-architecture-a-l-honneur-221245.html\" rel=\"noopener nofollow\" target=\"_blank\">Journ\u00e9es europ\u00e9ennes du patrimoine<\/a>, l\u2019\u00cele-de-France s\u2019appr\u00eate \u00e0 c\u00e9l\u00e9brer ses paysages b\u00e2tis sous un autre angle. Du 16 au 19 octobre prochain, la 10e \u00e9dition des <a href=\"https:\/\/mesinfos.fr\/69000-lyon\/mobilisation-dans-les-ecoles-darchitecture-il-nous-faut-plus-de-moyens-150137.html\" rel=\"noopener nofollow\" target=\"_blank\">Journ\u00e9es Nationales de l\u2019Architecture<\/a> (<strong>JNA<\/strong>) se tiendra partout dans la r\u00e9gion, sous le th\u00e8me \u201c<strong>Architectures du quotidien<\/strong>\u201d. Organis\u00e9e par le minist\u00e8re de la Culture et coordonn\u00e9e localement par la <strong>DRAC<\/strong>, cette manifestation propose de red\u00e9couvrir l\u2019<strong>architecture francilienne<\/strong> \u00e0 travers visites guid\u00e9es, ateliers, projections et rencontres. L\u2019op\u00e9ration \u201cLevez les yeux !\u201d, pr\u00e9vue les 16 et 17 octobre, invitera en particulier les scolaires \u00e0 explorer leur cadre de vie et \u00e0 apprendre \u00e0 lire la ville. <\/p>\n<p>La r\u00e9novation au d\u00e9fi du climat <\/p>\n<p>Parmi les temps forts figure la 3e \u00e9dition du <strong>concours \u201cR\u00e9inventer l\u2019existant\u201d,<\/strong> consacr\u00e9 \u00e0 la r\u00e9novation \u00e9nerg\u00e9tique du b\u00e2ti francilien. Dans une r\u00e9gion o\u00f9 68 % de la consommation \u00e9nerg\u00e9tique et 45 % des \u00e9missions de gaz \u00e0 effet de serre proviennent du parc existant, ce concours mobilise \u00e9tudiants et jeunes architectes pour repenser le patrimoine ordinaire et patrimonial dans une logique de sobri\u00e9t\u00e9 carbone. Les projets retenus seront expos\u00e9s \u00e0 la Chapelle des R\u00e9collets \u00e0 Paris (10e), du 8 octobre au 7 novembre, avec proclamation des r\u00e9sultats le 8 octobre. <\/p>\n<p> Des femmes architectes \u00e0 l\u2019honneur <\/p>\n<p>La manifestation met \u00e9galement en lumi\u00e8re la <strong>place des femmes dans l\u2019architecture<\/strong>. Apr\u00e8s \u201cElles construisent\u201d en 2024, la DRAC publie le tome 2 de son ouvrage, \u201cElles transforment\u201d, consacr\u00e9 \u00e0 16 femmes architectes franciliennes. Leurs parcours illustrent un engagement fort dans la r\u00e9habilitation du b\u00e2ti existant, la restauration de monuments ou la transformation de l\u2019habitat ordinaire. Le lancement officiel de cette publication se tiendra le 17 octobre \u00e0 la Chapelle des R\u00e9collets.<\/p>\n<p> Balades architecturales en \u00cele-de-France <\/p>\n<p>Les CAUE franciliens proposeront une nouvelle s\u00e9rie de <strong>balades immersives<\/strong> dans le cadre du programme \u201cArchipel Francilien\u201d. Huit parcours in\u00e9dits exploreront cette ann\u00e9e les liens entre architecture et eau, des rives de la Seine aux bords de l\u2019Oise, en passant par la Marne. Au programme : d\u00e9couverte de l\u2019<strong>architecture moderniste aux Ulis<\/strong> (Essonne), <strong>circuit patrimonial \u00e0 Lagny-sur-Marne<\/strong> (Seine-et-Marne), ou encore exploration de la Boucle de Moisson (Yvelines). <\/p>\n<p>Regards contemporains et patrimoine labellis\u00e9 <\/p>\n<p>La DRAC mettra aussi en valeur les <strong>\u00e9difices franciliens labellis\u00e9s \u201cArchitecture contemporaine remarquable<\/strong>\u201d, dont quatre nouveaux cette ann\u00e9e : deux b\u00e2timents de l\u2019universit\u00e9 d\u2019\u00c9vry, une maison familiale \u00e0 Meudon et un immeuble de logements dans le 14e arrondissement de Paris. Des visites guid\u00e9es de sites embl\u00e9matiques, comme l\u2019<strong>Institut du Monde Arabe<\/strong> ou le <strong>lyc\u00e9e Louis-Bascan \u00e0 Rambouillet<\/strong>, compl\u00e9teront le programme. Un documentaire de Christian Barani, consacr\u00e9 aux jeunes laur\u00e9ats des Albums des Jeunes Architectes et Paysagistes, sera projet\u00e9 le 18 octobre \u00e0 Paris.<\/p>\n","protected":false},"excerpt":{"rendered":"\u00a9 Shutterstock &#8211; Du 16 au 19 octobre, la 10e \u00e9dition met \u00e0 l\u2019honneur les \u201carchitectures du quotidien\u201d,&hellip;\n","protected":false},"author":2,"featured_media":454254,"comment_status":"","ping_status":"","sticky":false,"template":"","format":"standard","meta":{"footnotes":""},"categories":[1592],"tags":[1111,11,1777,674,1011,27,662,12,626,25],"class_list":{"0":"post-454253","1":"post","2":"type-post","3":"status-publish","4":"format-standard","5":"has-post-thumbnail","7":"category-ile-de-france","8":"tag-actu","9":"tag-actualites","10":"tag-eu","11":"tag-europe","12":"tag-fr","13":"tag-france","14":"tag-ile-de-france","15":"tag-news","16":"tag-paris","17":"tag-republique-francaise"},"share_on_mastodon":{"url":"https:\/\/pubeurope.com\/@fr\/115353826998145335","error":""},"_links":{"self":[{"href":"https:\/\/www.europesays.com\/fr\/wp-json\/wp\/v2\/posts\/454253","targetHints":{"allow":["GET"]}}],"collection":[{"href":"https:\/\/www.europesays.com\/fr\/wp-json\/wp\/v2\/posts"}],"about":[{"href":"https:\/\/www.europesays.com\/fr\/wp-json\/wp\/v2\/types\/post"}],"author":[{"embeddable":true,"href":"https:\/\/www.europesays.com\/fr\/wp-json\/wp\/v2\/users\/2"}],"replies":[{"embeddable":true,"href":"https:\/\/www.europesays.com\/fr\/wp-json\/wp\/v2\/comments?post=454253"}],"version-history":[{"count":0,"href":"https:\/\/www.europesays.com\/fr\/wp-json\/wp\/v2\/posts\/454253\/revisions"}],"wp:featuredmedia":[{"embeddable":true,"href":"https:\/\/www.europesays.com\/fr\/wp-json\/wp\/v2\/media\/454254"}],"wp:attachment":[{"href":"https:\/\/www.europesays.com\/fr\/wp-json\/wp\/v2\/media?parent=454253"}],"wp:term":[{"taxonomy":"category","embeddable":true,"href":"https:\/\/www.europesays.com\/fr\/wp-json\/wp\/v2\/categories?post=454253"},{"taxonomy":"post_tag","embeddable":true,"href":"https:\/\/www.europesays.com\/fr\/wp-json\/wp\/v2\/tags?post=454253"}],"curies":[{"name":"wp","href":"https:\/\/api.w.org\/{rel}","templated":true}]}}