{"id":454255,"date":"2025-10-11T05:14:20","date_gmt":"2025-10-11T05:14:20","guid":{"rendered":"https:\/\/www.europesays.com\/fr\/454255\/"},"modified":"2025-10-11T05:14:20","modified_gmt":"2025-10-11T05:14:20","slug":"les-ours-attaquent-meme-dans-les-villes","status":"publish","type":"post","link":"https:\/\/www.europesays.com\/fr\/454255\/","title":{"rendered":"les ours attaquent m\u00eame dans les villes"},"content":{"rendered":"<p>      lire plus tard<\/p>\n<p id=\"dialog__title\" class=\"dialog__title\">Pour sauvegarder cet article, connectez-vous ou cr\u00e9ez un compte franceinfo<\/p>\n<p class=\"dialog__description\">Sans paiement. Sans abonnement.<\/p>\n<p>        Fermer la fen\u00eatre d\u2019activation des notifications France Info<\/p>\n<p>      cr\u00e9er votre compte<\/p>\n<p>      se connecter<\/p>\n<p>        Fermer la fen\u00eatre de pr\u00e9sentation<\/p>\n<p>    Publi\u00e9 le 10\/10\/2025 22:42<\/p>\n<p>        Temps de lecture : 1min &#8211; vid\u00e9o : 2min<\/p>\n<p>    <img decoding=\"async\" class=\"francetv-player-wrapper__image\" alt=\"Un Japonais a \u00e9t\u00e9 tu\u00e9 par un ours dans la matin\u00e9e du vendredi 10 octobre. Depuis le mois d'avril, le Japon recense six morts provoqu\u00e9es par l'animal. L'inqui\u00e9tude s'installe face \u00e0 la multiplication d'attaques, m\u00eame dans les grandes villes.\"  width=\"432\" height=\"243\" src=\"https:\/\/www.europesays.com\/fr\/wp-content\/uploads\/2025\/10\/ours-68e96d86dc5b8961375200.jpg\" fetchpriority=\"high\"\/><\/p>\n<p>              Un Japonais a \u00e9t\u00e9 tu\u00e9 par un ours dans la matin\u00e9e du vendredi 10 octobre. Depuis le mois d&rsquo;avril, le Japon recense six morts provoqu\u00e9es par l&rsquo;animal. L&rsquo;inqui\u00e9tude s&rsquo;installe face \u00e0 la multiplication d&rsquo;attaques, m\u00eame dans les grandes villes.<br \/>\n                    (France 2)<\/p>\n<p>      2min<\/p>\n<p>\n  Un Japonais a \u00e9t\u00e9 tu\u00e9 par un ours dans la matin\u00e9e du vendredi 10 octobre. Depuis le mois d&rsquo;avril, le Japon recense six morts provoqu\u00e9es par l&rsquo;animal. L&rsquo;inqui\u00e9tude s&rsquo;installe face \u00e0 la multiplication d&rsquo;attaques, m\u00eame dans les grandes villes.\n<\/p>\n<p><strong>Ce texte correspond \u00e0 une partie de la retranscription du reportage ci-dessus. Cliquez sur la vid\u00e9o pour la regarder en int\u00e9gralit\u00e9.<\/strong><\/p>\n<p><a href=\"https:\/\/france3-regions.franceinfo.fr\/occitanie\/hautes-pyrenees\/tarbes\/attaques-de-troupeaux-et-incursions-pres-des-villages-l-espagne-place-ses-ours-sous-surveillance-gps-3226130.html\" data-tooltip-url=\"https:\/\/france3-regions.franceinfo.fr\/occitanie\/hautes-pyrenees\/tarbes\/attaques-de-troupeaux-et-incursions-pres-des-villages-l-espagne-place-ses-ours-sous-surveillance-gps-3226130.html\" rel=\"nofollow noopener\" target=\"_blank\">Un ours brun a agress\u00e9 une passante<\/a> en plein centre-ville \u00e0 Daisen (Japon), mercredi 8 octobre. Les cris de la victime, 82 ans, ont fait fuir l&rsquo;animal. La veille, un autre ours dans un supermarch\u00e9 au nord de Tokyo. Selon plusieurs t\u00e9moins, l&rsquo;animal a d\u00e9vast\u00e9 le rayon poisson-sushi avant de reprendre la fuite. Deux clients ont \u00e9t\u00e9 bless\u00e9s. \u00ab\u00a0Je me suis retrouv\u00e9 en face de lui. Il m&rsquo;a attrap\u00e9 le bras. Et quand j&rsquo;ai r\u00e9ussi \u00e0 me d\u00e9gager, il s&rsquo;est mis \u00e0 courir dans le magasin\u00a0\u00bb, raconte l&rsquo;un d&rsquo;entre eux.<\/p>\n<p>Au Japon, l&rsquo;ours attaque, comme c&rsquo;est arriv\u00e9 \u00e0 une voiture \u00e0 Hokkaido. Et de plus en plus, il tue. Un homme a \u00e9t\u00e9 retrouv\u00e9 mort vendredi 10 octobre au matin, son corps couvert de griffures. Il \u00e9tait parti cueillir des champignons. En seulement six mois, on d\u00e9nombre six d\u00e9c\u00e8s et trois bless\u00e9s. C&rsquo;est un record. \u00ab\u00a0J&rsquo;ai peur. Je dois faire attention, surtout la nuit, car j&rsquo;habite au pied de cette montagne\u00a0\u00bb, t\u00e9moigne un habitant.<\/p>\n<p>Il y aurait entre 22 000 et 55 000 ours au Japon. La population explose, le nombre d&rsquo;accidents aussi, plusieurs attaques ayant eu lieu ces derniers jours. Les autorit\u00e9s veulent faciliter la chasse. En attendant, sur les plateaux t\u00e9l\u00e9, d\u00e9monstration d&rsquo;une protection face \u00e0 l&rsquo;animal : \u00ab\u00a0Si vous \u00eates devant l&rsquo;animal, mettez-vous \u00e0 genoux, croisez les bras, prot\u00e9gez votre cou et couvrez la t\u00eate ainsi que l&rsquo;estomac.\u00a0\u00bb Il y a trois ans, un randonneur avait r\u00e9ussi \u00e0 faire fuir un ours \u00e0 coups de pied. Avant l&rsquo;hibernation, de nombreuses montagnes sont aujourd&rsquo;hui des zones de danger.<\/p>\n<p>R\u00e9seaux sociaux et agences.<\/p>\n<p>Liste non exhaustive<\/p>\n","protected":false},"excerpt":{"rendered":"lire plus tard Pour sauvegarder cet article, connectez-vous ou cr\u00e9ez un compte franceinfo Sans paiement. Sans abonnement. Fermer&hellip;\n","protected":false},"author":2,"featured_media":454256,"comment_status":"","ping_status":"","sticky":false,"template":"","format":"standard","meta":{"footnotes":""},"categories":[1888],"tags":[1111,1928,11,1927,1777,674,1011,27,12,1926,626,1925,25],"class_list":{"0":"post-454255","1":"post","2":"type-post","3":"status-publish","4":"format-standard","5":"has-post-thumbnail","7":"category-paris","8":"tag-actu","9":"tag-actu-paris","10":"tag-actualites","11":"tag-actualites-paris","12":"tag-eu","13":"tag-europe","14":"tag-fr","15":"tag-france","16":"tag-news","17":"tag-news-paris","18":"tag-paris","19":"tag-paris-news","20":"tag-republique-francaise"},"share_on_mastodon":{"url":"https:\/\/pubeurope.com\/@fr\/115353831145497516","error":""},"_links":{"self":[{"href":"https:\/\/www.europesays.com\/fr\/wp-json\/wp\/v2\/posts\/454255","targetHints":{"allow":["GET"]}}],"collection":[{"href":"https:\/\/www.europesays.com\/fr\/wp-json\/wp\/v2\/posts"}],"about":[{"href":"https:\/\/www.europesays.com\/fr\/wp-json\/wp\/v2\/types\/post"}],"author":[{"embeddable":true,"href":"https:\/\/www.europesays.com\/fr\/wp-json\/wp\/v2\/users\/2"}],"replies":[{"embeddable":true,"href":"https:\/\/www.europesays.com\/fr\/wp-json\/wp\/v2\/comments?post=454255"}],"version-history":[{"count":0,"href":"https:\/\/www.europesays.com\/fr\/wp-json\/wp\/v2\/posts\/454255\/revisions"}],"wp:featuredmedia":[{"embeddable":true,"href":"https:\/\/www.europesays.com\/fr\/wp-json\/wp\/v2\/media\/454256"}],"wp:attachment":[{"href":"https:\/\/www.europesays.com\/fr\/wp-json\/wp\/v2\/media?parent=454255"}],"wp:term":[{"taxonomy":"category","embeddable":true,"href":"https:\/\/www.europesays.com\/fr\/wp-json\/wp\/v2\/categories?post=454255"},{"taxonomy":"post_tag","embeddable":true,"href":"https:\/\/www.europesays.com\/fr\/wp-json\/wp\/v2\/tags?post=454255"}],"curies":[{"name":"wp","href":"https:\/\/api.w.org\/{rel}","templated":true}]}}