{"id":454257,"date":"2025-10-11T05:15:28","date_gmt":"2025-10-11T05:15:28","guid":{"rendered":"https:\/\/www.europesays.com\/fr\/454257\/"},"modified":"2025-10-11T05:15:28","modified_gmt":"2025-10-11T05:15:28","slug":"pourquoi-le-choix-de-sa-tenue-balenciaga-sest-solde-par-un-echec-cuisant","status":"publish","type":"post","link":"https:\/\/www.europesays.com\/fr\/454257\/","title":{"rendered":"pourquoi le choix de sa tenue Balenciaga s\u2019est sold\u00e9 par un \u00e9chec cuisant"},"content":{"rendered":"<p class=\"mb-4 text-lg md:leading-8 break-words\">C\u2019\u00e9tait une apparition totalement inattendue. Le 4 octobre, Meghan Markle a quitt\u00e9 la Californie pour se rendre dans la Ville Lumi\u00e8re, \u00e0 l\u2019occasion de la Fashion Week de Paris. <strong>La duchesse de Sussex<\/strong> est venue assister au d\u00e9fil\u00e9 de Balenciaga, habill\u00e9e d\u2019une tenue sign\u00e9e de la maison de haute couture.<\/p>\n<p class=\"mb-4 text-lg md:leading-8 break-words\">Si elle re\u00e7oit souvent des compliments sur ses looks, son ensemble n\u2019a pas vraiment fait l\u2019unanimit\u00e9. L\u2019effet n\u2019a pas \u00e9t\u00e9 celui escompt\u00e9.<\/p>\n<p>Meghan Markle compar\u00e9e \u00e0 \u201cun m\u00e9chant de cin\u00e9ma mal choisi\u201d<\/p>\n<p class=\"mb-4 text-lg md:leading-8 break-words\">Du 29 septembre au 7 octobre, Paris s\u2019est transform\u00e9 en v\u00e9ritable tapis rouge. Des stars du monde entier sont venues assister aux d\u00e9fil\u00e9s de haute couture. Alors qu\u2019on n\u2019attendait plus son retour, la femme du prince Harry a surpris tout le monde en apparaissant dans une tenue Balenciaga : un ensemble blanc, avec un large ch\u00e2le autour des \u00e9paules. Si une partie du public trouvait ce choix \u00e9l\u00e9gant, du c\u00f4t\u00e9 des experts en mode royale, cela ne passe pas vraiment. \u201cLes drap\u00e9s monastiques et les coupes impeccables de Balenciaga peuvent \u00eatre sublimes sur les podiums ; sur le mod\u00e8le royal, taille 44, ils \u00e9taient lourds, presque fun\u00e8bres\u201d, affirme Alicia Liberty dans l\u2019Express.<\/p>\n<p>Publicit\u00e9<\/p>\n<p>Publicit\u00e9<\/p>\n<p>Publicit\u00e9<\/p>\n<p>Publicit\u00e9<\/p>\n<p class=\"mb-4 text-lg md:leading-8 break-words\"><a href=\"https:\/\/www.closermag.fr\/royautes\/meghan-markle-a-la-fashion-week-de-paris-pourquoi-le-choix-de-sa-tenue-balenciaga-sest-solde-par-un-echec-cuisant-3585821\" rel=\"nofollow noopener\" target=\"_blank\" data-ylk=\"slk:Lire la suite sur Closer;elm:context_link;itc:0;sec:content-canvas\" class=\"link \">Lire la suite sur Closer<\/a><\/p>\n<p class=\"mb-4 text-lg md:leading-8 break-words\"><a href=\"https:\/\/www.closermag.fr\/people\/je-suis-le-prochain-antoine-de-caunes-face-a-la-mort-ses-confessions-transpirantes-dhonnetete-3585919\" rel=\"nofollow noopener\" target=\"_blank\" data-ylk=\"slk:\u201cJe suis le prochain\u201d, Antoine de Caunes face \u00e0 la mort, ses confessions transpirantes d\u2019honn\u00eatet\u00e9;elm:context_link;itc:0;sec:content-canvas\" class=\"link \">\u201cJe suis le prochain\u201d, Antoine de Caunes face \u00e0 la mort, ses confessions transpirantes d\u2019honn\u00eatet\u00e9<\/a><br \/><a href=\"https:\/\/www.closermag.fr\/tv_tele_realite\/cyril-hanouna-sur-le-fil-ses-chroniqueurs-oublient-quils-sont-a-lantenne-et-partent-totalement-en-vrille-3585912\" rel=\"nofollow noopener\" target=\"_blank\" data-ylk=\"slk:Cyril Hanouna sur le fil : ses chroniqueurs oublient qu\u2019ils sont \u00e0 l\u2019antenne et partent totalement en vrille;elm:context_link;itc:0;sec:content-canvas\" class=\"link \">Cyril Hanouna sur le fil : ses chroniqueurs oublient qu\u2019ils sont \u00e0 l\u2019antenne et partent totalement en vrille<\/a><br \/><a href=\"https:\/\/www.closermag.fr\/politique\/sebastien-lecornu-renomme-premier-ministre-pourquoi-a-t-il-accepte-de-revenir-4-jours-apres-3585916\" rel=\"nofollow noopener\" target=\"_blank\" data-ylk=\"slk:S\u00e9bastien Lecornu renomm\u00e9 Premier ministre, pourquoi a-t-il accept\u00e9 de revenir 4 jours apr\u00e8s ?;elm:context_link;itc:0;sec:content-canvas\" class=\"link \">S\u00e9bastien Lecornu renomm\u00e9 Premier ministre, pourquoi a-t-il accept\u00e9 de revenir 4 jours apr\u00e8s ?<\/a><br \/><a href=\"https:\/\/www.closermag.fr\/politique\/rima-hassan-annonce-ses-fiancailles-que-sait-on-de-cet-homme-quelle-aime-eperdument-3585901\" rel=\"nofollow noopener\" target=\"_blank\" data-ylk=\"slk:Rima Hassan annonce ses fian\u00e7ailles : que sait-on de cet homme qu\u2019elle aime \u00e9perdument ?;elm:context_link;itc:0;sec:content-canvas\" class=\"link \">Rima Hassan annonce ses fian\u00e7ailles : que sait-on de cet homme qu\u2019elle aime \u00e9perdument ?<\/a><br \/><a href=\"https:\/\/www.closermag.fr\/vecu\/faits_divers\/mort-de-jean-pormanove-ses-acolytes-recidivent-avec-de-nouvelles-violences-physiques-la-justice-sevit-3585898\" rel=\"nofollow noopener\" target=\"_blank\" data-ylk=\"slk:Mort de Jean Pormanove : ses acolytes r\u00e9cidivent avec de nouvelles violences physiques, la justice s\u00e9vit;elm:context_link;itc:0;sec:content-canvas\" class=\"link \">Mort de Jean Pormanove : ses acolytes r\u00e9cidivent avec de nouvelles violences physiques, la justice s\u00e9vit<\/a><\/p>\n","protected":false},"excerpt":{"rendered":"C\u2019\u00e9tait une apparition totalement inattendue. Le 4 octobre, Meghan Markle a quitt\u00e9 la Californie pour se rendre dans&hellip;\n","protected":false},"author":2,"featured_media":454258,"comment_status":"","ping_status":"","sticky":false,"template":"","format":"standard","meta":{"footnotes":""},"categories":[1888],"tags":[1111,1928,11,1927,13774,1777,674,1011,27,21045,57986,908,12,1926,626,1925,25],"class_list":{"0":"post-454257","1":"post","2":"type-post","3":"status-publish","4":"format-standard","5":"has-post-thumbnail","7":"category-paris","8":"tag-actu","9":"tag-actu-paris","10":"tag-actualites","11":"tag-actualites-paris","12":"tag-balenciaga","13":"tag-eu","14":"tag-europe","15":"tag-fr","16":"tag-france","17":"tag-la-fashion-week","18":"tag-maison-de-haute-couture","19":"tag-meghan-markle","20":"tag-news","21":"tag-news-paris","22":"tag-paris","23":"tag-paris-news","24":"tag-republique-francaise"},"share_on_mastodon":{"url":"https:\/\/pubeurope.com\/@fr\/115353834243726464","error":""},"_links":{"self":[{"href":"https:\/\/www.europesays.com\/fr\/wp-json\/wp\/v2\/posts\/454257","targetHints":{"allow":["GET"]}}],"collection":[{"href":"https:\/\/www.europesays.com\/fr\/wp-json\/wp\/v2\/posts"}],"about":[{"href":"https:\/\/www.europesays.com\/fr\/wp-json\/wp\/v2\/types\/post"}],"author":[{"embeddable":true,"href":"https:\/\/www.europesays.com\/fr\/wp-json\/wp\/v2\/users\/2"}],"replies":[{"embeddable":true,"href":"https:\/\/www.europesays.com\/fr\/wp-json\/wp\/v2\/comments?post=454257"}],"version-history":[{"count":0,"href":"https:\/\/www.europesays.com\/fr\/wp-json\/wp\/v2\/posts\/454257\/revisions"}],"wp:featuredmedia":[{"embeddable":true,"href":"https:\/\/www.europesays.com\/fr\/wp-json\/wp\/v2\/media\/454258"}],"wp:attachment":[{"href":"https:\/\/www.europesays.com\/fr\/wp-json\/wp\/v2\/media?parent=454257"}],"wp:term":[{"taxonomy":"category","embeddable":true,"href":"https:\/\/www.europesays.com\/fr\/wp-json\/wp\/v2\/categories?post=454257"},{"taxonomy":"post_tag","embeddable":true,"href":"https:\/\/www.europesays.com\/fr\/wp-json\/wp\/v2\/tags?post=454257"}],"curies":[{"name":"wp","href":"https:\/\/api.w.org\/{rel}","templated":true}]}}