{"id":454259,"date":"2025-10-11T05:16:13","date_gmt":"2025-10-11T05:16:13","guid":{"rendered":"https:\/\/www.europesays.com\/fr\/454259\/"},"modified":"2025-10-11T05:16:13","modified_gmt":"2025-10-11T05:16:13","slug":"apres-sa-victoire-contre-gerard-depardieu-et-des-associations-leglise-lance-son-ambitieux-projet","status":"publish","type":"post","link":"https:\/\/www.europesays.com\/fr\/454259\/","title":{"rendered":"apr\u00e8s sa victoire contre G\u00e9rard Depardieu et des associations, l&rsquo;\u00c9glise lance son ambitieux projet"},"content":{"rendered":"<p>            Par<br \/>\n        <strong><br \/>\n            <a href=\"https:\/\/actu.fr\/auteur\/thomas-martin\" title=\"Consulter tous les articles de Thomas Martin\" target=\"_blank\" rel=\"noopener\">Thomas Martin<\/a><br \/>\n        <\/strong><\/p>\n<p>        Publi\u00e9 le<\/p>\n<p>            11 oct. 2025 \u00e0 7h10        <\/p>\n<p>Il s\u2019est d\u00e9plac\u00e9 pour l\u2019occasion. Lundi 22 septembre, <a href=\"https:\/\/actu.fr\/ile-de-france\/paris_75056\/mgr-laurent-ulrich-a-la-tete-du-diocese-de-lille-nomme-archeveque-de-paris-par-le-pape-francois_50513245.html\" target=\"_blank\" rel=\"noopener\">Mgr Laurent Ulrich<\/a>, archev\u00eaque de Paris, a b\u00e9ni la premi\u00e8re pierre du futur p\u00f4le de <a href=\"https:\/\/actu.fr\/tag\/solidarite\" target=\"_blank\" rel=\"noopener\">solidarit\u00e9<\/a> situ\u00e9 <strong>rue du Cherche-Midi<\/strong> dans le 6e arrondissement de Paris. Un lieu de colocation solidaire qui accueillera des personnes handicap\u00e9es ou en situation de <a href=\"https:\/\/actu.fr\/tag\/pauvrete\" target=\"_blank\" rel=\"noopener\">pr\u00e9carit\u00e9<\/a>. L\u2019Eglise a d\u00fb pourtant s\u2019armer de patience avant de pouvoir en poser la premi\u00e8re pierre. Port\u00e9 par le dioc\u00e8se de Paris, ce projet est n\u00e9 en 2012 lorsque les S\u0153urs de la Visitation lui ont confi\u00e9 leur ancien monast\u00e8re avec la mission d\u2019en faire un \u00ab\u00a0lieu de fraternit\u00e9\u00a0\u00bb. C\u2019\u00e9tait sans compter sur leur c\u00e9l\u00e8bre voisin, <a href=\"https:\/\/actu.fr\/ile-de-france\/paris_75056\/paris-gerard-depardieu-condamne-pour-agressions-sexuelles-lors-du-tournage-du-film-les-volets-verts_62625488.html\" target=\"_blank\" rel=\"noopener\">G\u00e9rard Depardieu<\/a> et plusieurs associations qui ont multipli\u00e9 les recours. En vain.<\/p>\n<p>Des opposants tr\u00e8s remont\u00e9s<\/p>\n<p class=\" wall-content\">Parmi les riverains, l\u2019acteur s\u2019\u00e9tait impos\u00e9 comme l\u2019un des opposants les plus visibles. Son h\u00f4tel particulier jouxte le monast\u00e8re, et selon lui le projet allait porter atteinte \u00e0 sa vue, particuli\u00e8rement \u00e0 sa terrasse et \u00e0 sa v\u00e9randa.<\/p>\n<p class=\" wall-content\">L\u2019opposition ne se limitait pas \u00e0 G\u00e9rard Depardieu. Des associations, comme Sites &amp; Monuments, ainsi que des riverains soucieux de pr\u00e9server le <a href=\"https:\/\/actu.fr\/tag\/patrimoine\" target=\"_blank\" rel=\"noopener\">patrimoine<\/a> et les jardins, tenaient des discours s\u00e9v\u00e8res sur la destruction de b\u00e2timents anciens et sur la disparition d\u2019espaces verts.<\/p>\n<p>    <img   decoding=\"async\" loading=\"lazy\" src=\"https:\/\/www.europesays.com\/fr\/wp-content\/uploads\/2025\/10\/p1120059-paris-vi-rue-du-cherche-midi-n-95-rwk-960x640.jpg\" alt=\"L'H\u00f4tel de Chambon, domicile de G\u00e9rard Depardieu\" width=\"960\" height=\"640\"\/><br \/>\n    L\u2019H\u00f4tel de Chambon, domicile de G\u00e9rard Depardieu (\u00a9Wikicommons)<\/p>\n<p class=\" wall-content\">Malgr\u00e9 tout, le projet se fera. En 2027, la Maison de la Visitation Vaugirard ouvrira ses portes. Situ\u00e9e sur une parcelle de 7333 m\u00b2 reliant la rue de Vaugirard \u00e0 la rue du Cherche-midi, \u00e0 proximit\u00e9 imm\u00e9diate du boulevard du Montparnasse et du quartier de l\u2019Od\u00e9on, le site accueillera un p\u00f4le solidaire, associant logements partag\u00e9s, logements \u00e9tudiants, logements locatifs, cr\u00e8che, salles pastorales, commerces et un vaste jardin dont une partie sera ouverte au public.\u00a0<\/p>\n<p>Un projet \u00e0 48 millions d\u2019euros<\/p>\n<p class=\" wall-content\">\u00ab\u00a0La Maison de la Visitation Vaugirard t\u00e9moignera, au c\u0153ur de Paris, d\u2019un projet de soci\u00e9t\u00e9<br \/>diff\u00e9rent, o\u00f9 la personne fragile a la premi\u00e8re place, et o\u00f9 tous peuvent apprendre \u00e0 se<br \/>regarder en fr\u00e8res et s\u0153urs\u00a0\u00bb, r\u00e9sume ainsi Mgr Ulrich.\u00a0<\/p>\n<p class=\" wall-content\">Le projet pr\u00e9voit notamment de restaurer enti\u00e8rement l\u2019H\u00f4tel de Clermont-Tonnerre, la chapelle et la salle capitulaire, en valorisant leur architecture et en restituant l\u2019\u00e9tat du monast\u00e8re tel qu\u2019il \u00e9tait en 1867.<\/p>\n<p>Votre r\u00e9gion, votre actu !<\/p>\n<p>Recevez chaque jour les infos qui comptent pour vous.<\/p>\n<p>\t<a href=\"https:\/\/actu.fr\/newsletter\" class=\"ac-btn ac-btn--corner ac-btn--medium ac-btn--blue800\" target=\"_blank\" rel=\"noopener\">S&rsquo;incrire<\/a><\/p>\n<p class=\" wall-content\">L\u2019H\u00f4tel de S\u00e9gur et les deux cours historiques, eux, seront conserv\u00e9s. Le jardin de 4 000 m\u00b2 sera restaur\u00e9 et partiellement ouvert au public en journ\u00e9e gr\u00e2ce \u00e0 une venelle reliant la rue de Vaugirard et la rue du Cherche-Midi.<\/p>\n<p class=\" wall-content\">\u00ab\u00a0Il deviendra parall\u00e8lement un espace partag\u00e9 de nature, de rencontre et de convivialit\u00e9, alliant \u00e0 ce chemin de traverse un espace avec jeux d\u2019enfants pour les habitants du quartier\u00a0\u00bb, indique le dioc\u00e8se. Dans le m\u00eame temps, quatre nouveaux b\u00e2timents verront le jour\u00a0<\/p>\n<p class=\" wall-content\">Le projet repr\u00e9sente un co\u00fbt global de 48 millions d\u2019euros, financ\u00e9 par les fonds propres du dioc\u00e8se de Paris (25%), des dons de m\u00e9c\u00e8nes (25%) et une dette bancaire rembours\u00e9e gr\u00e2ce aux loyers des immeubles de rapport (50%), ainsi que des subventions publiques \u00e0 hauteur<br \/>de 3 millions d\u2019euros, au titre du <a href=\"https:\/\/actu.fr\/tag\/logements-sociaux\" target=\"_blank\" rel=\"noopener\">logement social<\/a>.<\/p>\n<p class=\" wall-content\">Personnalisez votre actualit\u00e9 en ajoutant vos villes et m\u00e9dias en favori avec <a href=\"https:\/\/moncompte.actu.fr\" title=\"D\u00e9couvez Mon Actu\" rel=\"nofollow noopener\" data-trk=\"{&quot;cta&quot;:{&quot;action&quot;:&quot;https:\\\/\\\/moncompte.actu.fr&quot;,&quot;category&quot;:&quot;mon compte&quot;,&quot;from&quot;:&quot;article footer&quot;,&quot;name&quot;:&quot;Mon actu&quot;,&quot;type&quot;:&quot;cta&quot;}}\" target=\"_blank\">Mon Actu<\/a>.<\/p>\n","protected":false},"excerpt":{"rendered":"Par Thomas Martin Publi\u00e9 le 11 oct. 2025 \u00e0 7h10 Il s\u2019est d\u00e9plac\u00e9 pour l\u2019occasion. Lundi 22 septembre,&hellip;\n","protected":false},"author":2,"featured_media":454260,"comment_status":"","ping_status":"","sticky":false,"template":"","format":"standard","meta":{"footnotes":""},"categories":[1888],"tags":[11,1777,674,1011,27,1943,12,626,4518,25,104,3400],"class_list":{"0":"post-454259","1":"post","2":"type-post","3":"status-publish","4":"format-standard","5":"has-post-thumbnail","7":"category-paris","8":"tag-actualites","9":"tag-eu","10":"tag-europe","11":"tag-fr","12":"tag-france","13":"tag-handicap","14":"tag-news","15":"tag-paris","16":"tag-pauvrete","17":"tag-republique-francaise","18":"tag-societe","19":"tag-solidarite"},"share_on_mastodon":{"url":"https:\/\/pubeurope.com\/@fr\/115353838719097798","error":""},"_links":{"self":[{"href":"https:\/\/www.europesays.com\/fr\/wp-json\/wp\/v2\/posts\/454259","targetHints":{"allow":["GET"]}}],"collection":[{"href":"https:\/\/www.europesays.com\/fr\/wp-json\/wp\/v2\/posts"}],"about":[{"href":"https:\/\/www.europesays.com\/fr\/wp-json\/wp\/v2\/types\/post"}],"author":[{"embeddable":true,"href":"https:\/\/www.europesays.com\/fr\/wp-json\/wp\/v2\/users\/2"}],"replies":[{"embeddable":true,"href":"https:\/\/www.europesays.com\/fr\/wp-json\/wp\/v2\/comments?post=454259"}],"version-history":[{"count":0,"href":"https:\/\/www.europesays.com\/fr\/wp-json\/wp\/v2\/posts\/454259\/revisions"}],"wp:featuredmedia":[{"embeddable":true,"href":"https:\/\/www.europesays.com\/fr\/wp-json\/wp\/v2\/media\/454260"}],"wp:attachment":[{"href":"https:\/\/www.europesays.com\/fr\/wp-json\/wp\/v2\/media?parent=454259"}],"wp:term":[{"taxonomy":"category","embeddable":true,"href":"https:\/\/www.europesays.com\/fr\/wp-json\/wp\/v2\/categories?post=454259"},{"taxonomy":"post_tag","embeddable":true,"href":"https:\/\/www.europesays.com\/fr\/wp-json\/wp\/v2\/tags?post=454259"}],"curies":[{"name":"wp","href":"https:\/\/api.w.org\/{rel}","templated":true}]}}