{"id":454261,"date":"2025-10-11T05:17:13","date_gmt":"2025-10-11T05:17:13","guid":{"rendered":"https:\/\/www.europesays.com\/fr\/454261\/"},"modified":"2025-10-11T05:17:13","modified_gmt":"2025-10-11T05:17:13","slug":"la-ratp-va-fermer-la-ligne-6-du-metro-pendant-un-week-end-complet-dautres-interruptions-annoncees","status":"publish","type":"post","link":"https:\/\/www.europesays.com\/fr\/454261\/","title":{"rendered":"la RATP va fermer la ligne 6 du m\u00e9tro pendant un week-end complet, d&rsquo;autres interruptions annonc\u00e9es"},"content":{"rendered":"<p>            Par<br \/>\n        <strong><br \/>\n            <a href=\"https:\/\/actu.fr\/auteur\/redaction-paris\" title=\"Consulter tous les articles de R\u00e9daction Paris\" target=\"_blank\" rel=\"noopener\">R\u00e9daction Paris<\/a><br \/>\n        <\/strong><\/p>\n<p>        Publi\u00e9 le<\/p>\n<p>            11 oct. 2025 \u00e0 6h50        <\/p>\n<p>A Paris, les usagers de la <a href=\"https:\/\/actu.fr\/ile-de-france\/paris_75056\/ratp-le-saviez-vous-le-terminus-de-la-ligne-6-du-metro-a-paris-n-est-pas-vraiment-charles-de-gaulle-etoile_61026853.html\" target=\"_blank\" rel=\"noopener\">ligne 6<\/a> du <a href=\"https:\/\/actu.fr\/tag\/metro\" target=\"_blank\" rel=\"noopener\">m\u00e9tro<\/a> vont devoir trouver un autre moyen de d\u00e9placement durant plusieurs jours de ce mois d\u2019octobre 2025. Le week-end du samedi 18 et dimanche 19 octobre 2025, la ligne 6 du m\u00e9tro parisien sera totalement ferm\u00e9e en raison de travaux de modernisation. Cette interruption concernera l\u2019ensemble du trac\u00e9, de Charles de Gaulle \u2013 \u00c9toile \u00e0 Nation, annonce la <a href=\"https:\/\/actu.fr\/tag\/ratp\" target=\"_blank\" rel=\"noopener\">RATP<\/a> qui pr\u00e9cise que des bus de remplacement assureront la liaison entre Charles de Gaulle \u2013 \u00c9toile et La Motte-Picquet \u2013 Grenelle, ainsi qu\u2019entre Daumesnil et Nation.<\/p>\n<p>Un nouveau syst\u00e8me de pilotage<\/p>\n<p class=\" wall-content\">Cette fermeture s\u2019inscrit dans un programme de r\u00e9novation visant \u00e0 adapter les infrastructures aux nouveaux trains MP89. Les travaux incluent la modernisation de la signalisation ferroviaire et des essais en ligne du nouveau syst\u00e8me de pilotage des trains, pr\u00e9vus pour se terminer en 2026.<\/p>\n<p class=\" wall-content\">\u00c0 partir du lundi 20 octobre et jusqu\u2019au jeudi 30 octobre inclus, le trafic sera de nouveau interrompu maos cette fois partiellement,\u00a0entre Place d\u2019Italie et La Motte-Picquet \u2013 Grenelle.<\/p>\n<p class=\" wall-content\">Des bus de substitution circuleront entre La Motte-Picquet \u2013 Grenelle et Montparnasse \u2013 Bienven\u00fce, ainsi qu\u2019entre Denfert-Rochereau et Place d\u2019Italie.<\/p>\n<p class=\" wall-content\">La RATP recommande aux passagers de v\u00e9rifier les horaires et les itin\u00e9raires alternatifs via le site officiel ou l\u2019application Bonjour RATP.<\/p>\n<p class=\" wall-content\">Personnalisez votre actualit\u00e9 en ajoutant vos villes et m\u00e9dias en favori avec <a href=\"https:\/\/moncompte.actu.fr\" title=\"D\u00e9couvez Mon Actu\" rel=\"nofollow noopener\" data-trk=\"{&quot;cta&quot;:{&quot;action&quot;:&quot;https:\\\/\\\/moncompte.actu.fr&quot;,&quot;category&quot;:&quot;mon compte&quot;,&quot;from&quot;:&quot;article footer&quot;,&quot;name&quot;:&quot;Mon actu&quot;,&quot;type&quot;:&quot;cta&quot;}}\" target=\"_blank\">Mon Actu<\/a>.<\/p>\n","protected":false},"excerpt":{"rendered":"Par R\u00e9daction Paris Publi\u00e9 le 11 oct. 2025 \u00e0 6h50 A Paris, les usagers de la ligne 6&hellip;\n","protected":false},"author":2,"featured_media":454262,"comment_status":"","ping_status":"","sticky":false,"template":"","format":"standard","meta":{"footnotes":""},"categories":[1888],"tags":[11,1777,674,1011,27,4047,12,626,625,25,104,2803],"class_list":{"0":"post-454261","1":"post","2":"type-post","3":"status-publish","4":"format-standard","5":"has-post-thumbnail","7":"category-paris","8":"tag-actualites","9":"tag-eu","10":"tag-europe","11":"tag-fr","12":"tag-france","13":"tag-metro","14":"tag-news","15":"tag-paris","16":"tag-ratp","17":"tag-republique-francaise","18":"tag-societe","19":"tag-transport"},"share_on_mastodon":{"url":"https:\/\/pubeurope.com\/@fr\/115353842119227765","error":""},"_links":{"self":[{"href":"https:\/\/www.europesays.com\/fr\/wp-json\/wp\/v2\/posts\/454261","targetHints":{"allow":["GET"]}}],"collection":[{"href":"https:\/\/www.europesays.com\/fr\/wp-json\/wp\/v2\/posts"}],"about":[{"href":"https:\/\/www.europesays.com\/fr\/wp-json\/wp\/v2\/types\/post"}],"author":[{"embeddable":true,"href":"https:\/\/www.europesays.com\/fr\/wp-json\/wp\/v2\/users\/2"}],"replies":[{"embeddable":true,"href":"https:\/\/www.europesays.com\/fr\/wp-json\/wp\/v2\/comments?post=454261"}],"version-history":[{"count":0,"href":"https:\/\/www.europesays.com\/fr\/wp-json\/wp\/v2\/posts\/454261\/revisions"}],"wp:featuredmedia":[{"embeddable":true,"href":"https:\/\/www.europesays.com\/fr\/wp-json\/wp\/v2\/media\/454262"}],"wp:attachment":[{"href":"https:\/\/www.europesays.com\/fr\/wp-json\/wp\/v2\/media?parent=454261"}],"wp:term":[{"taxonomy":"category","embeddable":true,"href":"https:\/\/www.europesays.com\/fr\/wp-json\/wp\/v2\/categories?post=454261"},{"taxonomy":"post_tag","embeddable":true,"href":"https:\/\/www.europesays.com\/fr\/wp-json\/wp\/v2\/tags?post=454261"}],"curies":[{"name":"wp","href":"https:\/\/api.w.org\/{rel}","templated":true}]}}