{"id":454272,"date":"2025-10-11T05:23:11","date_gmt":"2025-10-11T05:23:11","guid":{"rendered":"https:\/\/www.europesays.com\/fr\/454272\/"},"modified":"2025-10-11T05:23:11","modified_gmt":"2025-10-11T05:23:11","slug":"leurope-devient-une-cible-pour-les-cartels-damerique-latine-rts-ch","status":"publish","type":"post","link":"https:\/\/www.europesays.com\/fr\/454272\/","title":{"rendered":"\u00ab\u00a0L&rsquo;Europe devient une cible pour les cartels d&rsquo;Am\u00e9rique latine\u00a0\u00bb &#8211; rts.ch"},"content":{"rendered":"<p>Coca\u00efne, fentanyl, h\u00e9ro\u00efne&#8230; Le trafic de drogue g\u00e9n\u00e8re plusieurs centaines de milliards de dollars de revenus chaque ann\u00e9e. Les cha\u00eenes de production et d&rsquo;acheminement se diversifient, tandis que les organisations criminelles qui les contr\u00f4lent sont en qu\u00eate constante de nouveaux march\u00e9s.<\/p>\n<p>D\u00e9but septembre, Donald Trump diffuse les images d&rsquo;un bateau v\u00e9n\u00e9zu\u00e9lien frapp\u00e9 en pleine mer des Cara\u00efbes. Le pr\u00e9sident am\u00e9ricain revendique la \u00ab\u00a0neutralisation\u00a0\u00bb de cette embarcation qui selon lui transportait de la drogue. La marine am\u00e9ricaine a d\u00e9ploy\u00e9 fin ao\u00fbt plusieurs navires dans les Cara\u00efbes pour lutter contre les cartels. Les Etats-Unis ont class\u00e9 officiellement certaines de ces organisations criminelles comme terroristes.\u00a0Washington entend employer la mani\u00e8re forte contre le trafic \u00e0 destination du territoire am\u00e9ricain, dont une part importante passe par le Mexique.<\/p>\n<p>\u00ab\u00a0Le premier march\u00e9 de la drogue au monde, c&rsquo;est les Etats-Unis. Le Mexique en est frontalier, avec 3000 kilom\u00e8tres de fronti\u00e8res. C&rsquo;est une passoire. Les cartels mexicains ont pris pied aux Etats-Unis et c&rsquo;est un march\u00e9 absolument \u00e9norme\u00a0\u00bb, explique Fr\u00e9d\u00e9ric Saliba, journaliste et sp\u00e9cialiste des questions li\u00e9es au crime organis\u00e9, dans <a href=\"https:\/\/www.rts.ch\/emissions\/geopolitis\/\" data-item-id=\"richtext_link\" target=\"_blank\" rel=\"noopener\">G\u00e9opolitis<\/a>.<\/p>\n<p>Mexico a renforc\u00e9 sa coop\u00e9ration avec Washington. En ao\u00fbt, les autorit\u00e9s mexicaines ont notamment transf\u00e9r\u00e9 \u00e0 la justice am\u00e9ricaine 26 narcotrafiquants recherch\u00e9s aux Etats-Unis. Parmi eux figurent des membres de deux puissants cartels mexicains: Jalisco Nouvelle G\u00e9n\u00e9ration et Sinaloa, r\u00e9put\u00e9s pour inonder le march\u00e9 am\u00e9ricain de coca\u00efne et de fentanyl. Cette derni\u00e8re substance, un opio\u00efde de synth\u00e8se 50 fois plus puissant que l\u2019h\u00e9ro\u00efne, est responsable de plus de 48&rsquo;000 morts l\u2019an dernier aux Etats-Unis.<\/p>\n<p>March\u00e9 de la coca\u00efne en forte croissance<\/p>\n<p>Les cartels ont d\u00e9j\u00e0 diversifi\u00e9 leurs march\u00e9s, notamment pour la coca\u00efne, dont la production atteint des niveaux record. Les surfaces d\u00e9di\u00e9es \u00e0 la culture de coca, concentr\u00e9es en Am\u00e9rique du Sud, sont \u00e0 nouveau en augmentation depuis quelques ann\u00e9es. \u00ab\u00a0Vous avez d&rsquo;un c\u00f4t\u00e9 une explosion de la production \u2013 elle a \u00e9t\u00e9 multipli\u00e9e par deux en quelques ann\u00e9es, notamment en Colombie \u2013 avec une drogue qui d\u00e9ferle sur l&rsquo;Europe en raison d&rsquo;un march\u00e9 am\u00e9ricain plut\u00f4t satur\u00e9.\u00a0L&rsquo;Europe devient une cible pour les cartels latinos. Et en parall\u00e8le \u00e0 cette explosion de la production, il y a aussi une explosion de la consommation, avec des prix qui ont \u00e9norm\u00e9ment chut\u00e9\u00a0\u00bb, rel\u00e8ve Fr\u00e9d\u00e9ric Saliba, qui a sign\u00e9 en 2024 le livre \u00ab\u00a0Cartels, voyage au pays des Narcos\u00a0\u00bb (Editions du Rocher).<\/p>\n<p>L\u2019essentiel du trafic de coca\u00efne passe par voie maritime, parfois dans des embarcations semi-submersibles et sans pilote. Des formes de coop\u00e9ration entre organisations criminelles se mettent aussi en place, comme \u00ab\u00a0les alliances que le cartel de Sinaloa a d\u00e9j\u00e0 nou\u00e9es avec des mafias italiennes\u00a0\u00bb, pr\u00e9cise Fr\u00e9d\u00e9ric Saliba. Les cartels mexicains \u00ab\u00a0ont inond\u00e9 l&rsquo;Europe de coca\u00efne. Ils sont devenus les organisations les plus puissantes au monde avec les organisations criminelles asiatiques ou russes\u00a0\u00bb.<\/p>\n<p class=\"sources\">Elsa Anghinolfi<\/p>\n<p class=\"credit\">Propos recueillis par Laurent Huguenin-Elie<\/p>\n","protected":false},"excerpt":{"rendered":"Coca\u00efne, fentanyl, h\u00e9ro\u00efne&#8230; Le trafic de drogue g\u00e9n\u00e8re plusieurs centaines de milliards de dollars de revenus chaque ann\u00e9e.&hellip;\n","protected":false},"author":2,"featured_media":454273,"comment_status":"","ping_status":"","sticky":false,"template":"","format":"standard","meta":{"footnotes":""},"categories":[1586],"tags":[11,5002,3993,45658,57987,2951,1052,8616,73,1777,674,2688,1011,27,12034,74,12,15729,25,887],"class_list":{"0":"post-454272","1":"post","2":"type-post","3":"status-publish","4":"format-standard","5":"has-post-thumbnail","7":"category-europe","8":"tag-actualites","9":"tag-amerique-latine","10":"tag-cocaine","11":"tag-crime-organise","12":"tag-crimes-lies-aux-stupefiants","13":"tag-criminalite","14":"tag-drogue","15":"tag-droit-et-justice","16":"tag-etats-unis","17":"tag-eu","18":"tag-europe","19":"tag-explosion","20":"tag-fr","21":"tag-france","22":"tag-heroine","23":"tag-monde","24":"tag-news","25":"tag-organisation-criminelle","26":"tag-republique-francaise","27":"tag-trafic-de-drogue"},"share_on_mastodon":{"url":"https:\/\/pubeurope.com\/@fr\/115353865790504914","error":""},"_links":{"self":[{"href":"https:\/\/www.europesays.com\/fr\/wp-json\/wp\/v2\/posts\/454272","targetHints":{"allow":["GET"]}}],"collection":[{"href":"https:\/\/www.europesays.com\/fr\/wp-json\/wp\/v2\/posts"}],"about":[{"href":"https:\/\/www.europesays.com\/fr\/wp-json\/wp\/v2\/types\/post"}],"author":[{"embeddable":true,"href":"https:\/\/www.europesays.com\/fr\/wp-json\/wp\/v2\/users\/2"}],"replies":[{"embeddable":true,"href":"https:\/\/www.europesays.com\/fr\/wp-json\/wp\/v2\/comments?post=454272"}],"version-history":[{"count":0,"href":"https:\/\/www.europesays.com\/fr\/wp-json\/wp\/v2\/posts\/454272\/revisions"}],"wp:featuredmedia":[{"embeddable":true,"href":"https:\/\/www.europesays.com\/fr\/wp-json\/wp\/v2\/media\/454273"}],"wp:attachment":[{"href":"https:\/\/www.europesays.com\/fr\/wp-json\/wp\/v2\/media?parent=454272"}],"wp:term":[{"taxonomy":"category","embeddable":true,"href":"https:\/\/www.europesays.com\/fr\/wp-json\/wp\/v2\/categories?post=454272"},{"taxonomy":"post_tag","embeddable":true,"href":"https:\/\/www.europesays.com\/fr\/wp-json\/wp\/v2\/tags?post=454272"}],"curies":[{"name":"wp","href":"https:\/\/api.w.org\/{rel}","templated":true}]}}