{"id":454274,"date":"2025-10-11T05:24:15","date_gmt":"2025-10-11T05:24:15","guid":{"rendered":"https:\/\/www.europesays.com\/fr\/454274\/"},"modified":"2025-10-11T05:24:15","modified_gmt":"2025-10-11T05:24:15","slug":"theo-et-aurelie-racontent-comment-se-sont-deroules-leurs-coming-out","status":"publish","type":"post","link":"https:\/\/www.europesays.com\/fr\/454274\/","title":{"rendered":"Th\u00e9o et Aur\u00e9lie racontent comment se sont d\u00e9roul\u00e9s leurs coming out"},"content":{"rendered":"<p class=\"article__intro\">En France, 10% de la population s&rsquo;identifie comme appartenant \u00e0 la communaut\u00e9 LGBT +. Parfois l&rsquo;annonce de l&rsquo;orientation sexuelle \u00e0 la famille ou aux amis est difficile, et parfois cela se d\u00e9roule sans accroc. \u00c0 l&rsquo;occasion de la journ\u00e9e mondiale du coming out, Aur\u00e9lie et Th\u00e9o, deux Francs-Comtois, racontent leur exp\u00e9rience.<\/p>\n<p>\n      La Quotidienne Soci\u00e9t\u00e9\n    <\/p>\n<p>\n      De la vie quotidienne aux grands enjeux, recevez tous les jours les sujets qui font la soci\u00e9t\u00e9 locale, comme la justice, l\u2019\u00e9ducation, la sant\u00e9 et la famille.\n    <\/p>\n<p>    France T\u00e9l\u00e9visions utilise votre adresse e-mail afin de vous envoyer la newsletter \u00ab\u00a0La Quotidienne Soci\u00e9t\u00e9\u00a0\u00bb. Vous pouvez vous d\u00e9sinscrire \u00e0 tout moment via le lien en bas de cette newsletter. <a target=\"_blank\" href=\"https:\/\/www.francetelevisions.fr\/groupe\/confidentialite\/politique-de-confidentialite\/politique-de-confidentialite-de-france-televisions-6503\" rel=\"nofollow noopener\">Notre politique de confidentialit\u00e9<\/a><\/p>\n<p>Comment annoncer son orientation sexuelle \u00e0 ses parents, \u00e0 ses amis ? \u00c0 l&rsquo;occasion de la journ\u00e9e mondiale du coming out, le 11 octobre 2025, France 3 Franche-Comt\u00e9 a recueilli le t\u00e9moignage de deux personnes qui ont d\u00fb \u00e0 un moment de leur vie dire \u00e0 leur proche que leur partenaire \u00e9tait du m\u00eame genre qu&rsquo;eux. Une annonce qui a pu, pour Th\u00e9o par exemple, \u00eatre tr\u00e8s stressante. A contrario, Aur\u00e9lie l&rsquo;a fait alors qu&rsquo;elle \u00e9tait d\u00e9j\u00e0 adulte, un moment qu&rsquo;elle d\u00e9crit comme assez naturel.<\/p>\n<p>Les agressions \u00e0 caract\u00e8re homophobes ont augment\u00e9 de 5% en 2024 par rapport \u00e0 2023, selon des chiffres de SOS Homophobie et du Minist\u00e8re de l&rsquo;Int\u00e9rieur. L&rsquo;int\u00e9r\u00eat de la journ\u00e9e du coming out est alors de r\u00e9duire les stigmatisations li\u00e9es \u00e0 l&rsquo;orientation sexuelle et ouvrir le dialogue dans la bienveillance.<a href=\"https:\/\/www.ipsos.com\/fr-fr\/lgbt-pride-2024-la-transidentite-un-sujet-qui-fractionne-les-francais\" data-tooltip-url=\"https:\/\/www.ipsos.com\/fr-fr\/lgbt-pride-2024-la-transidentite-un-sujet-qui-fractionne-les-francais\" rel=\"nofollow noopener\" target=\"_blank\"> 10% de la population <\/a>fran\u00e7aise s&rsquo;identifie \u00e0 la communaut\u00e9 LGBT+.<\/p>\n<p>Th\u00e9o avait 19 ans lorsqu&rsquo;il d\u00e9cide d&rsquo;en parler \u00e0 sa m\u00e8re. Il est en couple avec un gar\u00e7on et d\u00e9cide d&rsquo;assumer son homosexualit\u00e9. \u00ab\u00a0J\u2019ai \u00e9crit une lettre \u00e0 ma maman, qu&rsquo;elle a lue devant moi\u00a0\u00bb se souvient le jeune Bisontin, \u00e2g\u00e9 aujourd&rsquo;hui de 27 ans. \u00c0 ce moment-l\u00e0, le lyc\u00e9en ne sait pas trop \u00e0 quoi s&rsquo;attendre et appr\u00e9hende un peu la r\u00e9action de ses proches : \u00ab\u00a0J&rsquo;\u00e9tais le premier de ma famille \u00e0 dire que j&rsquo;\u00e9tais homosexuel\u00a0\u00bb raconte-t-il.<\/p>\n<blockquote class=\"ftvi_content_quote\">\n<p class=\"ftvi_citation_quote\">Ma m\u00e8re a d&rsquo;abord pleur\u00e9, mais en r\u00e9alit\u00e9, elle avait plus peur pour moi qu&rsquo;autre chose. Elle l&rsquo;a tr\u00e8s bien pris.<\/p>\n<\/blockquote>\n<p>Pour son p\u00e8re, la situation a \u00e9t\u00e9 un peu plus complexe : \u00ab\u00a0Je lui ai dit de vive voix, et je n&rsquo;ai eu aucune r\u00e9ponse de sa part. Il s&rsquo;est enferm\u00e9 dans un mutisme et ne m&rsquo;a pas parl\u00e9 durant plusieurs semaines\u00a0\u00bb explique Th\u00e9o. Finalement, le p\u00e8re du jeune homme a rapidement accept\u00e9 la situation. Aujourd&rsquo;hui les deux hommes ont r\u00e9ussi \u00e0 reconstruire leur relation, et son p\u00e8re n&rsquo;a plus de probl\u00e8me avec son orientation sexuelle. Du c\u00f4t\u00e9 du reste de sa famille, Th\u00e9o raconte que la r\u00e9ception a \u00e9t\u00e9 plut\u00f4t mitig\u00e9e. Son coming out n&rsquo;a pas du tout bien \u00e9t\u00e9 re\u00e7u par sa grand-m\u00e8re paternelle.<\/p>\n<blockquote class=\"ftvi_content_quote\">\n<p class=\"ftvi_citation_quote\">Encore aujourd&rsquo;hui, ma grand-m\u00e8re ne l&rsquo;accepte pas. On se voit toujours, mais la relation n&rsquo;existe plus vraiment.<\/p>\n<\/blockquote>\n<p>Th\u00e9o \u00e9tait assez jeune lorsqu&rsquo;il a pris la d\u00e9cision de r\u00e9v\u00e9ler son homosexualit\u00e9, \u00e0 l&rsquo;\u00e9cole la situation a \u00e9t\u00e9 assez difficile \u00e0 vivre : \u00ab\u00a0J&rsquo;\u00e9tais \u00e0 l&rsquo;internat, et l&rsquo;un de mes camarades de chambre qui \u00e9tait l&rsquo;un de mes meilleurs amis a coup\u00e9 les ponts avec moi du jour au lendemain\u00a0\u00bb raconte le Bisontin. Aujourd&rsquo;hui Th\u00e9o n&rsquo;a plus trop de probl\u00e8mes avec son entourage, \u00e0 part en ce qui concerne sa grand-m\u00e8re.<\/p>\n<p>La situation a \u00e9t\u00e9 totalement diff\u00e9rente pour Aur\u00e9lie, originaire de Haute-Sa\u00f4ne. \u00ab\u00a0Quand j&rsquo;\u00e9tais plus jeune j&rsquo;ai d&rsquo;abord pr\u00e9sent\u00e9 un gar\u00e7on \u00e0 mes parents, puis \u00e0 l&rsquo;\u00e2ge de 28 ans, je suis tomb\u00e9e amoureuse d&rsquo;une fille\u00a0\u00bb se rappelle. Pour la trentenaire, la r\u00e9v\u00e9lation \u00e9tait per\u00e7ue plut\u00f4t comme un non-sujet : \u00ab\u00a0Je me suis dit que c&rsquo;\u00e9tait moi qui d\u00e9cidais. Ils ont \u00e9t\u00e9 un peu surpris au d\u00e9but, mais ils ont voulu la rencontrer le soir m\u00eame\u00a0\u00bb raconte-t-elle.<\/p>\n<p>Quelques ann\u00e9es auparavant la petite s\u0153ur d&rsquo;Aur\u00e9lie avait d\u00e9j\u00e0 fait son coming out aupr\u00e8s de la famille, alors qu&rsquo;elle \u00e9tait au lyc\u00e9e. \u00ab\u00a0Pour elle, \u00e7a a \u00e9t\u00e9 plus compliqu\u00e9 car elle \u00e9tait plus jeune, moi, je n&rsquo;\u00e9tais pas une adolescente en pleine construction\u00a0\u00bb affirme Aur\u00e9lie.<\/p>\n<blockquote class=\"ftvi_content_quote\">\n<p class=\"ftvi_citation_quote\">Je savais d\u00e9j\u00e0 quelle serait leur r\u00e9action, vu que ma s\u0153ur en avait d\u00e9j\u00e0 parl\u00e9, donc c&rsquo;\u00e9tait assez rassurant. J&rsquo;ai quand m\u00eame eu peur que \u00e7a fasse un peu trop.<\/p>\n<\/blockquote>\n<p>C\u00f4t\u00e9 amical, l\u00e0 encore aucun probl\u00e8me particulier. \u00ab\u00a0Mes amis ont juste trouv\u00e9 \u00e7a dr\u00f4le, \u00e7a n&rsquo;a surpris personne\u00a0\u00bb se souvient la Franc-Comtoise. Selon une enqu\u00eate r\u00e9alis\u00e9e par Ipsos, <a href=\"https:\/\/www.ipsos.com\/fr-fr\/82-des-personnes-ayant-recu-un-coming-out-ont-une-bonne-image-des-personnes-lgbt\" data-tooltip-url=\"https:\/\/www.ipsos.com\/fr-fr\/82-des-personnes-ayant-recu-un-coming-out-ont-une-bonne-image-des-personnes-lgbt\" rel=\"nofollow noopener\" target=\"_blank\">82% des personnes<\/a> qui ont re\u00e7u un coming out ont eu image positive des personnes LGBT+.<\/p>\n","protected":false},"excerpt":{"rendered":"En France, 10% de la population s&rsquo;identifie comme appartenant \u00e0 la communaut\u00e9 LGBT +. Parfois l&rsquo;annonce de l&rsquo;orientation&hellip;\n","protected":false},"author":2,"featured_media":454275,"comment_status":"","ping_status":"","sticky":false,"template":"","format":"standard","meta":{"footnotes":""},"categories":[1586],"tags":[11,1777,674,1779,1011,27,12,25,1778,364],"class_list":{"0":"post-454274","1":"post","2":"type-post","3":"status-publish","4":"format-standard","5":"has-post-thumbnail","7":"category-europe","8":"tag-actualites","9":"tag-eu","10":"tag-europe","11":"tag-european-union","12":"tag-fr","13":"tag-france","14":"tag-news","15":"tag-republique-francaise","16":"tag-ue","17":"tag-union-europeenne"},"share_on_mastodon":{"url":"https:\/\/pubeurope.com\/@fr\/115353869665809173","error":""},"_links":{"self":[{"href":"https:\/\/www.europesays.com\/fr\/wp-json\/wp\/v2\/posts\/454274","targetHints":{"allow":["GET"]}}],"collection":[{"href":"https:\/\/www.europesays.com\/fr\/wp-json\/wp\/v2\/posts"}],"about":[{"href":"https:\/\/www.europesays.com\/fr\/wp-json\/wp\/v2\/types\/post"}],"author":[{"embeddable":true,"href":"https:\/\/www.europesays.com\/fr\/wp-json\/wp\/v2\/users\/2"}],"replies":[{"embeddable":true,"href":"https:\/\/www.europesays.com\/fr\/wp-json\/wp\/v2\/comments?post=454274"}],"version-history":[{"count":0,"href":"https:\/\/www.europesays.com\/fr\/wp-json\/wp\/v2\/posts\/454274\/revisions"}],"wp:featuredmedia":[{"embeddable":true,"href":"https:\/\/www.europesays.com\/fr\/wp-json\/wp\/v2\/media\/454275"}],"wp:attachment":[{"href":"https:\/\/www.europesays.com\/fr\/wp-json\/wp\/v2\/media?parent=454274"}],"wp:term":[{"taxonomy":"category","embeddable":true,"href":"https:\/\/www.europesays.com\/fr\/wp-json\/wp\/v2\/categories?post=454274"},{"taxonomy":"post_tag","embeddable":true,"href":"https:\/\/www.europesays.com\/fr\/wp-json\/wp\/v2\/tags?post=454274"}],"curies":[{"name":"wp","href":"https:\/\/api.w.org\/{rel}","templated":true}]}}