{"id":454276,"date":"2025-10-11T05:25:14","date_gmt":"2025-10-11T05:25:14","guid":{"rendered":"https:\/\/www.europesays.com\/fr\/454276\/"},"modified":"2025-10-11T05:25:14","modified_gmt":"2025-10-11T05:25:14","slug":"cedric-jubillar-un-vulgaire-personnage-qui-nie-et-continue-a-clamer-son-amour-pour-delphine-liberation","status":"publish","type":"post","link":"https:\/\/www.europesays.com\/fr\/454276\/","title":{"rendered":"C\u00e9dric Jubillar, un \u00abvulgaire personnage\u00bb qui nie et continue \u00e0 clamer son amour pour Delphine \u2013 Lib\u00e9ration"},"content":{"rendered":"<p class=\"sc-cPiKLX AiZTS text-element\">Une fois de plus, C\u00e9dric Jubillar a martel\u00e9 son innocence : \u00abJe n\u2019ai pas tu\u00e9 Delphine, c\u2019est une certitude. C\u2019est la m\u00e8re de mes enfants, je l\u2019aimerai toujours.\u00bb Ce vendredi 10 octobre d\u00e9butait l\u2019interrogatoire au fond du plaquiste de 38 ans, accus\u00e9 du meurtre de sa femme, infirmi\u00e8re de 33 ans disparue dans la nuit du 15 au 16 d\u00e9cembre 2020. Mais des faits, on n\u2019aura finalement pas parl\u00e9, la pr\u00e9sidente de la cour d\u2019assises du Tarn, H\u00e9l\u00e8ne Ratinaud, ayant fait le choix de saucissonner le moment en \u00abth\u00e8mes\u00bb \u2013 ce qui, in fine, cadenasse la parole de Jubillar. \u00abIl y a un th\u00e8me\u00bb, coupe r\u00e9guli\u00e8rement la magistrate. Une question de la partie civile ? \u00abPas maintenant, la nuit du 15 !\u00bb R\u00e9sultat : C\u00e9dric Jubillar se balade. Pour les \u00e9l\u00e9ments les plus \u00e0 charge comme le <a href=\"https:\/\/www.liberation.fr\/societe\/police-justice\/au-proces-jubillar-lerreur-de-copier-coller-les-lunettes-cassees-et-le-regard-noir-20251007_ENCKVAGC3VGRPBS7R2EDECVPIE\/\" target=\"_blank\" rel=\"noopener\" title=\"https:\/\/www.liberation.fr\/societe\/police-justice\/au-proces-jubillar-lerreur-de-copier-coller-les-lunettes-cassees-et-le-regard-noir-20251007_ENCKVAGC3VGRPBS7R2EDECVPIE\/\">sens de la voiture, les lunettes, la promenade des chiens<\/a>\u2026 il faudra attendre lundi. <\/p>\n<p class=\"sc-cPiKLX AiZTS text-element\">Debout dans son immense box de verre, le Tarnais est fid\u00e8le \u00e0 lui-m\u00eame depuis d\u00e9sormais trois semaines, \u00e0 la fois \u00e0 l\u2019aise et d\u00e9concertant, tranquille et agit\u00e9. C\u00e9dric Jubillar porte un pull gris et r\u00e9pond les mains agripp\u00e9es au box, l <\/p>\n","protected":false},"excerpt":{"rendered":"Une fois de plus, C\u00e9dric Jubillar a martel\u00e9 son innocence : \u00abJe n\u2019ai pas tu\u00e9 Delphine, c\u2019est une&hellip;\n","protected":false},"author":2,"featured_media":454277,"comment_status":"","ping_status":"","sticky":false,"template":"","format":"standard","meta":{"footnotes":""},"categories":[2],"tags":[11,33031,1011,27,12,25],"class_list":{"0":"post-454276","1":"post","2":"type-post","3":"status-publish","4":"format-standard","5":"has-post-thumbnail","7":"category-actualites","8":"tag-actualites","9":"tag-delphine-jubillar","10":"tag-fr","11":"tag-france","12":"tag-news","13":"tag-republique-francaise"},"share_on_mastodon":{"url":"https:\/\/pubeurope.com\/@fr\/115353873541886894","error":""},"_links":{"self":[{"href":"https:\/\/www.europesays.com\/fr\/wp-json\/wp\/v2\/posts\/454276","targetHints":{"allow":["GET"]}}],"collection":[{"href":"https:\/\/www.europesays.com\/fr\/wp-json\/wp\/v2\/posts"}],"about":[{"href":"https:\/\/www.europesays.com\/fr\/wp-json\/wp\/v2\/types\/post"}],"author":[{"embeddable":true,"href":"https:\/\/www.europesays.com\/fr\/wp-json\/wp\/v2\/users\/2"}],"replies":[{"embeddable":true,"href":"https:\/\/www.europesays.com\/fr\/wp-json\/wp\/v2\/comments?post=454276"}],"version-history":[{"count":0,"href":"https:\/\/www.europesays.com\/fr\/wp-json\/wp\/v2\/posts\/454276\/revisions"}],"wp:featuredmedia":[{"embeddable":true,"href":"https:\/\/www.europesays.com\/fr\/wp-json\/wp\/v2\/media\/454277"}],"wp:attachment":[{"href":"https:\/\/www.europesays.com\/fr\/wp-json\/wp\/v2\/media?parent=454276"}],"wp:term":[{"taxonomy":"category","embeddable":true,"href":"https:\/\/www.europesays.com\/fr\/wp-json\/wp\/v2\/categories?post=454276"},{"taxonomy":"post_tag","embeddable":true,"href":"https:\/\/www.europesays.com\/fr\/wp-json\/wp\/v2\/tags?post=454276"}],"curies":[{"name":"wp","href":"https:\/\/api.w.org\/{rel}","templated":true}]}}