{"id":454284,"date":"2025-10-11T05:31:18","date_gmt":"2025-10-11T05:31:18","guid":{"rendered":"https:\/\/www.europesays.com\/fr\/454284\/"},"modified":"2025-10-11T05:31:18","modified_gmt":"2025-10-11T05:31:18","slug":"la-course-a-la-qualification-pour-les-atp-finals-sintensifie","status":"publish","type":"post","link":"https:\/\/www.europesays.com\/fr\/454284\/","title":{"rendered":"la course \u00e0 la qualification pour les ATP Finals s\u2019intensifie"},"content":{"rendered":"<p>                <img decoding=\"async\" src=\"https:\/\/www.europesays.com\/fr\/wp-content\/uploads\/2025\/10\/BGaF.jpg\" fetchpriority=\"high\" alt=\"De Minaur, Auger-Aliassime, la surprise Medvedev : la course \u00e0 la qualification pour les ATP Finals s\u2019intensifie\"\/><\/p>\n<p>Le mois prochain, \u00e0 Turin, auront lieu les traditionnels ATP Finals, tournoi qui r\u00e9unit les huit meilleurs joueurs de la saison. Si Carlos Alcaraz et Jannik Sinner ont d\u00e9j\u00e0 assur\u00e9 leur place pour le prestigieux Masters, tout reste envisageable derri\u00e8re.<\/p>\n<p>Car si Novak Djokovic est troisi\u00e8me au classement de la Race, le Serbe a sem\u00e9 le trouble quant \u00e0 sa participation. L\u2019an pass\u00e9, le septuple vainqueur du tournoi des ma\u00eetres avait r\u00e9ussi \u00e0 se qualifier mais avait fait l\u2019impasse sur les ATP Finals, et pourrait r\u00e9cidiver cette ann\u00e9e.<\/p>\n<p>Alexander Zverev, qui a pass\u00e9 la barre des 4000 points accumul\u00e9s sur l\u2019ann\u00e9e civile, est \u00e9galement tr\u00e8s bien parti pour se qualifier malgr\u00e9 une saison d\u00e9licate dans les gros tournois, si l\u2019on excepte sa finale \u00e0 l\u2019Open d\u2019Australie en d\u00e9but de saison.<\/p>\n<p>Les deux joueurs am\u00e9ricains que sont Taylor Fritz et Ben Shelton se rapprochent de la barre des 4000 points et talonnent l\u2019Allemand au classement. Derri\u00e8re, la lutte s\u2019annonce intense entre les derniers pr\u00e9tendants au Masters.<\/p>\n<p>\u00c0 l\u2019heure actuelle, Alex De Minaur et Lorenzo Musetti, actuellement 7e et 8e \u00e0 la Race, sont virtuellement qualifi\u00e9s, d\u2019autant que Jack Draper, bien positionn\u00e9 mais forfait pour le reste de la saison, ne sera pas \u00e0 Turin. F\u00e9lix Auger-Aliassime, battu en quarts de finale \u00e0 Shanghai par Arthur Rinderknech, est \u00e0 l\u2019aff\u00fbt, mais int\u00e9grerait alors le casting si Djokovic se retire.<\/p>\n<p>Attention toutefois \u00e0 l\u2019invit\u00e9 surprise qui pourrait \u00eatre Daniil Medvedev. 21e \u00e0 la Race avant d\u2019arriver \u00e0 Shanghai, le Russe compte 1910 points mais marquerait 1000 points d\u2019un coup en cas de titre en Chine, lui qui affrontera Rinderknech pour une place en finale.<\/p>\n<p>En cas de sacre, il viendrait alors d\u00e9passer le Canadien, et se relancerait compl\u00e8tement dans la course \u00e0 la qualification, m\u00eame s\u2019il reste le Masters 1000 de Paris qui devrait \u00e9galement voir les joueurs en course se battre jusqu\u2019au dernier point pour arracher leur qualification pour les ATP Finals.<\/p>\n<p>Toutefois, voir Medvedev disputer le Masters, tournoi qu\u2019il a remport\u00e9 en 2020, serait une \u00e9norme surprise, d\u2019autant que le 18e mondial n\u2019a remport\u00e9 qu\u2019un seul match en Grand Chelem cette saison, c\u2019\u00e9tait au premier tour de l\u2019Open d\u2019Australie contre Kasidit Samrej (6-2, 4-6, 3-6, 6-1, 6-2). Derri\u00e8re, il avait perdu contre Learner Tien au tour suivant, puis il avait chut\u00e9 d\u2019entr\u00e9e contre Norrie \u00e0 Roland-Garros et face \u00e0 Bonzi \u00e0 Wimbledon ainsi qu\u2019\u00e0 l\u2019US Open.<\/p>\n","protected":false},"excerpt":{"rendered":"Le mois prochain, \u00e0 Turin, auront lieu les traditionnels ATP Finals, tournoi qui r\u00e9unit les huit meilleurs joueurs&hellip;\n","protected":false},"author":2,"featured_media":454285,"comment_status":"","ping_status":"","sticky":false,"template":"","format":"standard","meta":{"footnotes":""},"categories":[1415],"tags":[1011,27,60,1467],"class_list":{"0":"post-454284","1":"post","2":"type-post","3":"status-publish","4":"format-standard","5":"has-post-thumbnail","7":"category-tennis","8":"tag-fr","9":"tag-france","10":"tag-sports","11":"tag-tennis"},"share_on_mastodon":{"url":"https:\/\/pubeurope.com\/@fr\/115353897789508913","error":""},"_links":{"self":[{"href":"https:\/\/www.europesays.com\/fr\/wp-json\/wp\/v2\/posts\/454284","targetHints":{"allow":["GET"]}}],"collection":[{"href":"https:\/\/www.europesays.com\/fr\/wp-json\/wp\/v2\/posts"}],"about":[{"href":"https:\/\/www.europesays.com\/fr\/wp-json\/wp\/v2\/types\/post"}],"author":[{"embeddable":true,"href":"https:\/\/www.europesays.com\/fr\/wp-json\/wp\/v2\/users\/2"}],"replies":[{"embeddable":true,"href":"https:\/\/www.europesays.com\/fr\/wp-json\/wp\/v2\/comments?post=454284"}],"version-history":[{"count":0,"href":"https:\/\/www.europesays.com\/fr\/wp-json\/wp\/v2\/posts\/454284\/revisions"}],"wp:featuredmedia":[{"embeddable":true,"href":"https:\/\/www.europesays.com\/fr\/wp-json\/wp\/v2\/media\/454285"}],"wp:attachment":[{"href":"https:\/\/www.europesays.com\/fr\/wp-json\/wp\/v2\/media?parent=454284"}],"wp:term":[{"taxonomy":"category","embeddable":true,"href":"https:\/\/www.europesays.com\/fr\/wp-json\/wp\/v2\/categories?post=454284"},{"taxonomy":"post_tag","embeddable":true,"href":"https:\/\/www.europesays.com\/fr\/wp-json\/wp\/v2\/tags?post=454284"}],"curies":[{"name":"wp","href":"https:\/\/api.w.org\/{rel}","templated":true}]}}