{"id":454288,"date":"2025-10-11T05:34:14","date_gmt":"2025-10-11T05:34:14","guid":{"rendered":"https:\/\/www.europesays.com\/fr\/454288\/"},"modified":"2025-10-11T05:34:14","modified_gmt":"2025-10-11T05:34:14","slug":"toto-wolff-a-un-grand-projet-pour-la-discipline-lautrichien-en-mission","status":"publish","type":"post","link":"https:\/\/www.europesays.com\/fr\/454288\/","title":{"rendered":"Toto Wolff a un grand projet pour la discipline, l\u2019Autrichien en mission"},"content":{"rendered":"<p>Cela n\u2019\u00e9tait pas arriv\u00e9 depuis 12 ans. Mercedes F1 va r\u00e9aliser un roulage de d\u00e9monstration \u00e0 Yongin en Cor\u00e9e du Sud. Entre 2010 et 2013, la Cor\u00e9e du Sud a accueilli 4 Grand Prix \u00e0 Yeongam. Toto Wolff a \u00e9galement le projet de ramener la F1 sur des circuits en Cor\u00e9e du Sud.\u00a0<\/p>\n<p><b>Toto Wolff convaincu<\/b><\/p>\n<p>Ces derniers temps la F1 est devenue tr\u00e8s technologique, ce qui pourrait plaire au public sud-cor\u00e9en.\u201cNotre groupe d\u00e9mographique qui conna\u00eet la plus forte croissance est celui des jeunes femmes \u00e2g\u00e9es de 15 \u00e0 24 ans, qui sont tr\u00e8s actives sur les r\u00e9seaux sociaux. La Cor\u00e9e du Sud est un pays extr\u00eamement connect\u00e9 aux r\u00e9seaux sociaux, ce serait donc formidable si nous pouvions revenir et montrer \u00e0 quel point la Formule 1 a chang\u00e9 au cours des dix derni\u00e8res ann\u00e9es.\u201d, a d\u00e9clar\u00e9 Wolff \u00e0 Reuters via des propos relay\u00e9s par <a href=\"https:\/\/motorsport.nextgen-auto.com\/fr\/formule-1\/une-figure-importante-de-la-f1-veut-ramener-la-coree-au-calendrier,203118.html\" target=\"_blank\" rel=\"noopener\">motorsport.nextgen<\/a>.<\/p>\n<p>Le directeur de Mercedes aimerait \u00e9galement voir plus de pilotes asiatiques sur la grille. Mais la F1 passe avant tout par le karting, qui est en manque en Cor\u00e9e. \u201cTout commence toujours par le karting. Les gens ont besoin de h\u00e9ros. Si nous avons connu un tel essor des pilotes allemands, c\u2019est parce que les enfants ont vu Michael Schumacher. Il faut une \u00e9tincelle pour d\u00e9clencher le processus, puis tout s\u2019encha\u00eene.\u201d. conclut-il.\u00a0<\/p>\n<p>    Partagez cette info avec vos amis et vos proches en cliquant ici  <\/p>\n<p> Podcasts \u00e0 la une MEN LIFE <\/p>\n<p>    Pour r\u00e9sumer<\/p>\n<p>Toto Wolff a de grands projets pour la F1. Le directeur de Mercedes voudrait faire revenir les circuits sud-cor\u00e9ens sur la grille. Il voudrait \u00e9galement voir plus de pilotes asiatiques sur la piste mais par manque de discipline de Karting il en devient impossible.<\/p>\n<p>R\u00e9dacteur<\/p>\n<p><img decoding=\"async\" width=\"76\" height=\"76\" loading=\"lazy\" src=\"https:\/\/www.europesays.com\/fr\/wp-content\/uploads\/2025\/04\/avatar-sport-am.png\" alt=\"Cylia Espiau\"\/><\/p>\n","protected":false},"excerpt":{"rendered":"Cela n\u2019\u00e9tait pas arriv\u00e9 depuis 12 ans. Mercedes F1 va r\u00e9aliser un roulage de d\u00e9monstration \u00e0 Yongin en&hellip;\n","protected":false},"author":2,"featured_media":454289,"comment_status":"","ping_status":"","sticky":false,"template":"","format":"standard","meta":{"footnotes":""},"categories":[1412],"tags":[1451,1452,1453,1454,1455,1011,27,60],"class_list":{"0":"post-454288","1":"post","2":"type-post","3":"status-publish","4":"format-standard","5":"has-post-thumbnail","7":"category-f1","8":"tag-f1","9":"tag-formula-1","10":"tag-formula1","11":"tag-formule-1","12":"tag-formule1","13":"tag-fr","14":"tag-france","15":"tag-sports"},"share_on_mastodon":{"url":"https:\/\/pubeurope.com\/@fr\/115353909049294867","error":""},"_links":{"self":[{"href":"https:\/\/www.europesays.com\/fr\/wp-json\/wp\/v2\/posts\/454288","targetHints":{"allow":["GET"]}}],"collection":[{"href":"https:\/\/www.europesays.com\/fr\/wp-json\/wp\/v2\/posts"}],"about":[{"href":"https:\/\/www.europesays.com\/fr\/wp-json\/wp\/v2\/types\/post"}],"author":[{"embeddable":true,"href":"https:\/\/www.europesays.com\/fr\/wp-json\/wp\/v2\/users\/2"}],"replies":[{"embeddable":true,"href":"https:\/\/www.europesays.com\/fr\/wp-json\/wp\/v2\/comments?post=454288"}],"version-history":[{"count":0,"href":"https:\/\/www.europesays.com\/fr\/wp-json\/wp\/v2\/posts\/454288\/revisions"}],"wp:featuredmedia":[{"embeddable":true,"href":"https:\/\/www.europesays.com\/fr\/wp-json\/wp\/v2\/media\/454289"}],"wp:attachment":[{"href":"https:\/\/www.europesays.com\/fr\/wp-json\/wp\/v2\/media?parent=454288"}],"wp:term":[{"taxonomy":"category","embeddable":true,"href":"https:\/\/www.europesays.com\/fr\/wp-json\/wp\/v2\/categories?post=454288"},{"taxonomy":"post_tag","embeddable":true,"href":"https:\/\/www.europesays.com\/fr\/wp-json\/wp\/v2\/tags?post=454288"}],"curies":[{"name":"wp","href":"https:\/\/api.w.org\/{rel}","templated":true}]}}