{"id":454296,"date":"2025-10-11T05:38:17","date_gmt":"2025-10-11T05:38:17","guid":{"rendered":"https:\/\/www.europesays.com\/fr\/454296\/"},"modified":"2025-10-11T05:38:17","modified_gmt":"2025-10-11T05:38:17","slug":"a-orleans-des-chefs-doeuvre-de-chardin-eclairent-une-collection-oubliee","status":"publish","type":"post","link":"https:\/\/www.europesays.com\/fr\/454296\/","title":{"rendered":"\u00c0 Orl\u00e9ans, des chefs-d&rsquo;\u0153uvre de Chardin \u00e9clairent une collection oubli\u00e9e"},"content":{"rendered":"<p class=\"editor-content__paragraph\">Orl\u00e9ans s\u2019est offert in extremis un go\u00fbter savoureux\u00a0: <strong>Le Panier de fraises des bois<\/strong> (1761) de<strong> <a href=\"https:\/\/www.beauxarts.com\/grand-format\/jean-simeon-chardin-en-2-minutes\/\" target=\"_blank\" rel=\"noopener\">Jean Sim\u00e9on Chardin<\/a> <\/strong>(1699\u20131779). Cette app\u00e9tissante nature morte class\u00e9e tr\u00e9sor national, mise en vente en 2022\u00a0et <a href=\"https:\/\/www.beauxarts.com\/grand-format\/le-panier-de-fraises-de-chardin-acquis-grace-aux-dons-bientot-expose-au-louvre-lens\/\" target=\"_blank\" rel=\"noopener\"><strong>acquise pour la coquette somme de 24,3\u00a0millions d\u2019euros par le mus\u00e9e du Louvre<\/strong><\/a> \u2013 dont 1,6\u00a0million recueillis aupr\u00e8s du public (un record\u00a0!) \u2013 devait en principe retourner \u00e0 Paris apr\u00e8s avoir \u00e9t\u00e9 expos\u00e9e \u00e0 Lens, Clermont-Ferrand et Brest. Mais le <strong>mus\u00e9e des Beaux-Arts d\u2019Orl\u00e9ans<\/strong> a obtenu de l\u2019institution parisienne que le pr\u00e9cieux tableau fasse une derni\u00e8re halte entre ses murs, en tant que plat de r\u00e9sistance d\u2019une petite exposition qui fait particuli\u00e8rement sens pour la ville.<\/p>\n<p class=\"editor-content__paragraph editor-content__paragraph--is-hidden\">Ce d\u00e9licieux morceau aux vibrantes touches de rouge provient en effet d\u2019une <strong>collection orl\u00e9anaise<\/strong>, dont l\u2019histoire est li\u00e9e au mus\u00e9e\u00a0: <strong>celle de la famille Marcille<\/strong>. \u00ab\u00a0Le tableau a \u00e9t\u00e9 <strong>totalement red\u00e9couvert<\/strong> apr\u00e8s son nettoyage et sa restauration. Au XIXe si\u00e8cle, quand il \u00e9tait dans la collection des Marcille, il n\u2019\u00e9tait <strong>pas du tout consid\u00e9r\u00e9 comme un tableau important<\/strong>. Il \u00e9tait accroch\u00e9 l\u00e0 o\u00f9 \u00e9taient pris les repas de famille. Il y avait m\u00eame une d\u00e9chirure car les enfants avaient<strong> jou\u00e9 aux fl\u00e9chettes dessus<\/strong>\u00a0!\u00a0\u00bb, raconte la commissaire Olivia Voisin, directrice des mus\u00e9es d\u2019Orl\u00e9ans et conservatrice en chef du patrimoine sp\u00e9cialiste du XIXe si\u00e8cle.<\/p>\n<p>            <strong>Continuez votre lecture<\/strong><\/p>\n<p>\n                et acc\u00e9dez \u00e0 Beaux Arts Magazine<br \/>et \u00e0 tous les contenus web<br \/><strong>en illimit\u00e9 \u00e0 partir de 5,75\u20ac \/ mois<\/strong>\n            <\/p>\n<p class=\"cta-abonnement__log-in\">\n        D\u00e9j\u00e0 abonn\u00e9 ?        <a data-id=\"aHR0cHM6Ly93d3cuYmVhdXhhcnRzLmNvbS9tb24tY29tcHRlLw==\">Connectez-vous<\/a>\n    <\/p>\n<p>            <img data-vllblanksrc=\"https:\/\/www.beauxarts.com\/expos\/a-orleans-le-panier-de-fraises-de-chardin-et-dautres-oeuvres-du-peintre-mettent-en-lumiere-une-collection-oubliee\/1\" data-vllsrc=\"https:\/\/www.europesays.com\/fr\/wp-content\/uploads\/2025\/09\/couv-bam-496-232x300.png\" alt=\"\"\/><img data-vllblanksrc=\"https:\/\/www.beauxarts.com\/expos\/a-orleans-le-panier-de-fraises-de-chardin-et-dautres-oeuvres-du-peintre-mettent-en-lumiere-une-collection-oubliee\/1\" data-vllsrc=\"https:\/\/www.europesays.com\/fr\/wp-content\/uploads\/2025\/08\/bam495_ciouv_page_001-232x300.jpg\" alt=\"\"\/>        <\/p>\n","protected":false},"excerpt":{"rendered":"Orl\u00e9ans s\u2019est offert in extremis un go\u00fbter savoureux\u00a0: Le Panier de fraises des bois (1761) de Jean Sim\u00e9on&hellip;\n","protected":false},"author":2,"featured_media":454297,"comment_status":"","ping_status":"","sticky":false,"template":"","format":"standard","meta":{"footnotes":""},"categories":[1358],"tags":[14535,1348,1384,1385,1386,58,59,1011,27,57988,1585],"class_list":{"0":"post-454296","1":"post","2":"type-post","3":"status-publish","4":"format-standard","5":"has-post-thumbnail","7":"category-arts-et-design","8":"tag-art-ancien","9":"tag-arts","10":"tag-arts-and-design","11":"tag-arts-et-design","12":"tag-design","13":"tag-divertissement","14":"tag-entertainment","15":"tag-fr","16":"tag-france","17":"tag-musee-des-beaux-arts-dorleans","18":"tag-peinture"},"share_on_mastodon":{"url":"https:\/\/pubeurope.com\/@fr\/115353924688256090","error":""},"_links":{"self":[{"href":"https:\/\/www.europesays.com\/fr\/wp-json\/wp\/v2\/posts\/454296","targetHints":{"allow":["GET"]}}],"collection":[{"href":"https:\/\/www.europesays.com\/fr\/wp-json\/wp\/v2\/posts"}],"about":[{"href":"https:\/\/www.europesays.com\/fr\/wp-json\/wp\/v2\/types\/post"}],"author":[{"embeddable":true,"href":"https:\/\/www.europesays.com\/fr\/wp-json\/wp\/v2\/users\/2"}],"replies":[{"embeddable":true,"href":"https:\/\/www.europesays.com\/fr\/wp-json\/wp\/v2\/comments?post=454296"}],"version-history":[{"count":0,"href":"https:\/\/www.europesays.com\/fr\/wp-json\/wp\/v2\/posts\/454296\/revisions"}],"wp:featuredmedia":[{"embeddable":true,"href":"https:\/\/www.europesays.com\/fr\/wp-json\/wp\/v2\/media\/454297"}],"wp:attachment":[{"href":"https:\/\/www.europesays.com\/fr\/wp-json\/wp\/v2\/media?parent=454296"}],"wp:term":[{"taxonomy":"category","embeddable":true,"href":"https:\/\/www.europesays.com\/fr\/wp-json\/wp\/v2\/categories?post=454296"},{"taxonomy":"post_tag","embeddable":true,"href":"https:\/\/www.europesays.com\/fr\/wp-json\/wp\/v2\/tags?post=454296"}],"curies":[{"name":"wp","href":"https:\/\/api.w.org\/{rel}","templated":true}]}}