{"id":454298,"date":"2025-10-11T05:39:12","date_gmt":"2025-10-11T05:39:12","guid":{"rendered":"https:\/\/www.europesays.com\/fr\/454298\/"},"modified":"2025-10-11T05:39:12","modified_gmt":"2025-10-11T05:39:12","slug":"tous-les-ouvrages-a-1-e-au-profit-dhugo","status":"publish","type":"post","link":"https:\/\/www.europesays.com\/fr\/454298\/","title":{"rendered":"tous les ouvrages \u00e0 1\u00a0\u20ac au profit d\u2019Hugo"},"content":{"rendered":"<p>Dimanche 12\u00a0octobre, la salle des f\u00eates de Villey-sur-Tille accueillera la huiti\u00e8me \u00e9dition de sa <a href=\"https:\/\/www.covati.fr\/agenda\/foire-aux-livres-doccasion-de-villey-sur-tille\" target=\"_blank\" rel=\"nofollow noopener\">Foire aux livres organis\u00e9e par l\u2019ASCL<\/a> (association sport et culture de Villey), pr\u00e9sid\u00e9e par Audrey Liard.<\/p>\n<p>Comme chaque ann\u00e9e, une grande partie des b\u00e9n\u00e9fices seront revers\u00e9s \u00e0 une association. Cette fois, c\u2019est <a href=\"https:\/\/www.helloasso.com\/associations\/l-aventure-extraordinaire-d-hugo\" target=\"_blank\" rel=\"nofollow noopener\">L\u2019aventure extraordinaire d\u2019Hugo<\/a>, de Velars-sur-Ouche, qui en b\u00e9n\u00e9ficiera. Chaque ouvrage (romans, BD, livres pour enfants\u2026) sera vendu 1\u00a0\u20ac.<\/p>\n<p>\u00ab\u00a0Hugo a manqu\u00e9 d\u2019oxyg\u00e8ne \u00e0 la naissance, ce qui lui a caus\u00e9 une paralysie c\u00e9r\u00e9brale. Face \u00e0 cette situation, j\u2019ai d\u00e9cid\u00e9 de cr\u00e9er l\u2019association L\u2019aventure extraordinaire d\u2019Hugo, en 2022. Le but est de trouver des fonds non seulement pour lui, mais aussi pour plein d\u2019autres enfants\u00a0\u00bb, explique M\u00e9lanie Thibaut, sa maman.<\/p>\n<p>  Des soins co\u00fbteux mal rembours\u00e9s<\/p>\n<p>En effet, au quotidien, pas facile de prendre en charge tous les soins n\u00e9cessaires qui ne sont pas toujours rembours\u00e9s. Dans le cas d\u2019Hugo et d\u2019autres enfants confront\u00e9s aux m\u00eames probl\u00e8mes, il faut par exemple effectuer des s\u00e9jours en Espagne pour b\u00e9n\u00e9ficier de soins de kin\u00e9sith\u00e9rapie qu\u2019on ne trouve pas en France. Ces traitements repr\u00e9sentent des co\u00fbts consid\u00e9rables pour les familles.<\/p>\n<p>Et l\u2019association de M\u00e9lanie Thibaut a des projets pour 2026\u00a0: l\u2019objectif de l\u2019ann\u00e9e sera de r\u00e9ussir \u00e0 organiser des \u00ab week-ends r\u00e9pit\u00a0\u00bb pour les m\u00e8res d\u2019enfants en situation de handicap. \u00ab\u00a0Pour qu\u2019elles puissent souffler un peu le temps d\u2019un week-end et puissent discuter avec d\u2019autres mamans qui connaissent le m\u00eame type de probl\u00e8mes au quotidien\u00a0\u00bb, pr\u00e9cise M\u00e9lanie.<\/p>\n<p>\u00ab\u00a0Notre association n\u2019est pas l\u00e0 que pour trouver des fonds. Elle est profond\u00e9ment humaine\u00a0\u00bb, souligne la pr\u00e9sidente. Cette philosophie se refl\u00e8te dans tous les projets port\u00e9s par l\u2019association, qui place l\u2019accompagnement et l\u2019entraide au c\u0153ur de ses pr\u00e9occupations.<\/p>\n<p class=\"note\">Foire aux livres de l\u2019ASCL, dimanche 12\u00a0octobre de 9 \u00e0 17 heures, \u00e0 la salle des f\u00eates. Buvette.<\/p>\n<p class=\"txt\">Nous aimerions pouvoir offrir des \u201cweek-ends r\u00e9pit\u201d aux mamans d\u2019enfants en situation de handicap pour qu\u2019elles soufflent un peu.<\/p>\n<p> M\u00e9lanie Thibaut, maman d\u2019Hugo <\/p>\n","protected":false},"excerpt":{"rendered":"Dimanche 12\u00a0octobre, la salle des f\u00eates de Villey-sur-Tille accueillera la huiti\u00e8me \u00e9dition de sa Foire aux livres organis\u00e9e&hellip;\n","protected":false},"author":2,"featured_media":454299,"comment_status":"","ping_status":"","sticky":false,"template":"","format":"standard","meta":{"footnotes":""},"categories":[1357],"tags":[1379,5738,11679,1687,58,2664,59,107,1011,27,2663,1380,3365,57989],"class_list":{"0":"post-454298","1":"post","2":"type-post","3":"status-publish","4":"format-standard","5":"has-post-thumbnail","7":"category-livres","8":"tag-books","9":"tag-bourses","10":"tag-brocantes","11":"tag-culture-loisirs","12":"tag-divertissement","13":"tag-edition-region-dijonnaise","14":"tag-entertainment","15":"tag-fil-info","16":"tag-fr","17":"tag-france","18":"tag-is-sur-tille-bassin","19":"tag-livres","20":"tag-vide-greniers","21":"tag-villey-sur-tille"},"share_on_mastodon":{"url":"https:\/\/pubeurope.com\/@fr\/115353928601133343","error":""},"_links":{"self":[{"href":"https:\/\/www.europesays.com\/fr\/wp-json\/wp\/v2\/posts\/454298","targetHints":{"allow":["GET"]}}],"collection":[{"href":"https:\/\/www.europesays.com\/fr\/wp-json\/wp\/v2\/posts"}],"about":[{"href":"https:\/\/www.europesays.com\/fr\/wp-json\/wp\/v2\/types\/post"}],"author":[{"embeddable":true,"href":"https:\/\/www.europesays.com\/fr\/wp-json\/wp\/v2\/users\/2"}],"replies":[{"embeddable":true,"href":"https:\/\/www.europesays.com\/fr\/wp-json\/wp\/v2\/comments?post=454298"}],"version-history":[{"count":0,"href":"https:\/\/www.europesays.com\/fr\/wp-json\/wp\/v2\/posts\/454298\/revisions"}],"wp:featuredmedia":[{"embeddable":true,"href":"https:\/\/www.europesays.com\/fr\/wp-json\/wp\/v2\/media\/454299"}],"wp:attachment":[{"href":"https:\/\/www.europesays.com\/fr\/wp-json\/wp\/v2\/media?parent=454298"}],"wp:term":[{"taxonomy":"category","embeddable":true,"href":"https:\/\/www.europesays.com\/fr\/wp-json\/wp\/v2\/categories?post=454298"},{"taxonomy":"post_tag","embeddable":true,"href":"https:\/\/www.europesays.com\/fr\/wp-json\/wp\/v2\/tags?post=454298"}],"curies":[{"name":"wp","href":"https:\/\/api.w.org\/{rel}","templated":true}]}}