{"id":454300,"date":"2025-10-11T05:40:16","date_gmt":"2025-10-11T05:40:16","guid":{"rendered":"https:\/\/www.europesays.com\/fr\/454300\/"},"modified":"2025-10-11T05:40:16","modified_gmt":"2025-10-11T05:40:16","slug":"je-nommerai-un-premier-ministre","status":"publish","type":"post","link":"https:\/\/www.europesays.com\/fr\/454300\/","title":{"rendered":"\u201cJe nommerai un Premier ministre\u2026\u201d"},"content":{"rendered":"<p>                                    <img decoding=\"async\" src=\"https:\/\/www.europesays.com\/fr\/wp-content\/uploads\/2025\/10\/b431d4a53fd5b088a6377585124c66755acaaaaf50d18cb7df46308bf0ff1f0c.jpg\" alt=\"GALA VID\u00c9O - Vanessa Paradis\u00a0: ce qu'il faut conna\u00eetre\" class=\"a11y-hidden\" fetchpriority=\"high\"\/><\/p>\n<p class=\"fig-standfirst\">\n    Ce vendredi 10 octobre, Vanessa Paradis \u00e9tait de passage dans l\u2019\u00e9mission Quotidien, diffus\u00e9e sur TMC. La c\u00e9l\u00e8bre chanteuse a notamment fait preuve d\u2019humour lorsqu\u2019elle a \u00e9t\u00e9 interrog\u00e9e sur la situation politique en France.<\/p>\n<p class=\"fig-paragraph\">Un retour tr\u00e8s attendu. Ce vendredi 10 octobre,<a href=\"http:\/\/www.gala.fr\/l_actu\/news_de_stars\/vanessa-paradis-une-maman-tres-fiere-de-ses-enfants-ses-touchantes-confidentes-sur-lily-rose-depp-20250904\" data-fig-type=\"Article\" data-gtm-custom-categorie=\"navigation\" data-gtm-custom-action=\"crossclick\" data-gtm-custom-label=\"Contextuel\" data-gtm-event=\"customEventSPE\" data-fig-domain=\"GALA\" rel=\"nofollow noopener\" target=\"_blank\">\u00a0la chanteuse Vanessa Paradis<\/a>\u00a0\u00e9tait l\u2019invit\u00e9e de Yann Barth\u00e8s dans l\u2019\u00e9mission Quotidien, diffus\u00e9e sur TMC. L\u2019occasion pour\u00a0<a href=\"https:\/\/www.gala.fr\/l_actu\/news_de_stars\/pourquoi-la-fameuse-joe-le-taxi-en-voulait-a-vanessa-paradis_426662\" data-fig-type=\"Article\" data-gtm-custom-categorie=\"navigation\" data-gtm-custom-action=\"crossclick\" data-gtm-custom-label=\"Contextuel\" data-gtm-event=\"customEventSPE\" data-fig-domain=\"GALA\" rel=\"nofollow noopener\" target=\"_blank\">l\u2019interpr\u00e8te de Joe le taxi<\/a> \u00a0de faire la promotion de son nouvel album, intitul\u00e9 Le retour des beaux jours, qui est sorti sept ans apr\u00e8s Les sources, son dernier projet musical en date. Au cours du programme, la chanteuse de 54 ans a ainsi pu r\u00e9pondre aux nombreuses interrogations de son h\u00f4te, dont une qui a provoqu\u00e9 des r\u00e9actions on ne peut plus spontan\u00e9es sur le plateau. Lors d\u2019une s\u00e9quence questions-r\u00e9ponses, Yann Barth\u00e8s a en effet demand\u00e9 \u00e0 Vanessa Paradis ce qu\u2019elle ferait si elle \u00e9tait pr\u00e9sidente de la R\u00e9publique. \u00ab Vous feriez quoi en premier\u00a0?\u00a0\u00bb, a-t-il questionn\u00e9.<\/p>\n<p class=\"fig-paragraph\">Et le moins que l\u2019on puisse dire, c\u2019est que\u00a0<a href=\"http:\/\/www.gala.fr\/l_actu\/news_de_stars\/vanessa-paradis-se-confie-sur-son-couple-avec-samuel-benchetrit-etre-ensemble-tout-le-temps-nous-faisait-peur-20241207\" data-fig-type=\"Article\" data-gtm-custom-categorie=\"navigation\" data-gtm-custom-action=\"crossclick\" data-gtm-custom-label=\"Contextuel\" data-gtm-event=\"customEventSPE\" data-fig-domain=\"GALA\" rel=\"nofollow noopener\" target=\"_blank\">la compagne de Samuel Benchetrit<\/a>\u00a0a su faire preuve d\u2019humour en \u00e9voquant la situation politique en France. \u00ab Je nommerai un Premier ministre\u2026\u00a0\u00bb, a-t-elle l\u00e2ch\u00e9 avec beaucoup de simplicit\u00e9. Une r\u00e9ponse inattendue qui a suscit\u00e9 des fous rires dans le public. Pour rappel, la France traverse actuellement une crise politique importante, rythm\u00e9e par les nombreuses arriv\u00e9es et<a href=\"http:\/\/www.gala.fr\/l_actu\/news_de_stars\/sebastien-lecornu-demissionnaire-mais-nouveau-premier-ministre-pourquoi-c-est-possible-20251010\" data-fig-type=\"Article\" data-gtm-custom-categorie=\"navigation\" data-gtm-custom-action=\"crossclick\" data-gtm-custom-label=\"Contextuel\" data-gtm-event=\"customEventSPE\" data-fig-domain=\"GALA\" rel=\"nofollow noopener\" target=\"_blank\">\u00a0les d\u00e9parts au poste de Premier ministre<\/a>. Les quatre derniers chefs du gouvernement \u2013 Gabriel Attal, Michel Barnier, Fran\u00e7ois Bayrou et plus r\u00e9cemment S\u00e9bastien Lecornu \u2013 n\u2019ont jamais r\u00e9ussi \u00e0 s\u2019imposer sur la dur\u00e9e et ont tous \u00e9t\u00e9 contraints de d\u00e9missionner au bout de quelques semaines, voire quelques mois.<\/p>\n<p>    <a href=\"#slideshow-header\"><\/p>\n<p class=\"fig-slideshow__title\">\n                    Vanessa Paradis a 50 ans\u00a0: qui sont les hommes de sa vie\u00a0?\n                <\/p>\n<p>    <\/a><\/p>\n<p>                                    <a class=\"fig-a11y-skip a11y-hidden\" href=\"#fig-a11y-skip-main-inarticle\"><br \/>\n        Passer la publicit\u00e9<br \/>\n    <\/a><\/p>\n<p>Vanessa Paradis, cash sur le manque de propositions du cin\u00e9ma\u00a0: \u00ab J\u2019ai pu en souffrir\u00a0\u00bb<\/p>\n<p class=\"fig-paragraph\">Actuellement en pleine tourn\u00e9e des m\u00e9dias pour la promotion de son nouvel album, Vanessa Paradis s\u2019est \u00e9galement r\u00e9cemment confi\u00e9e dans les colonnes de Madame Figaro. Lors de cet \u00e9change, \u00e0 cette occasion, la chanteuse, qui est \u00e9galement actrice, a \u00e9voqu\u00e9 le manque de propositions qu\u2019on lui faisait\u00a0<a href=\"http:\/\/www.gala.fr\/l_actu\/news_de_stars\/vanessa-paradis-honnete-sur-le-manque-de-propositions-du-cinema-a-un-moment-de-sa-vie-j-ai-pu-en-souffrir-20251010\" data-fig-type=\"Article\" data-gtm-custom-categorie=\"navigation\" data-gtm-custom-action=\"crossclick\" data-gtm-custom-label=\"Contextuel\" data-gtm-event=\"customEventSPE\" data-fig-domain=\"GALA\" rel=\"nofollow noopener\" target=\"_blank\">dans le milieu du cin\u00e9ma<\/a>. \u00ab J\u2019ai pu en souffrir parce qu\u2019il y a eu des p\u00e9riodes o\u00f9 j\u2019avais envie et besoin de cin\u00e9ma et que rien ne se pr\u00e9sentait\u00a0\u00bb, a-t-elle d\u2019abord regrett\u00e9, ce jeudi 9 octobre, avant de poursuivre\u00a0: \u00ab Mais je ne vais pas faire du cin\u00e9ma pour faire du cin\u00e9ma, il faut que les films me plaisent et me parlent.\u00a0\u00bb<\/p>\n<p class=\"fig-paragraph\">Heureusement, Vanessa Paradis a int\u00e9gr\u00e9 le casting de plusieurs projets, dont T\u2019as pas chang\u00e9, la nouvelle com\u00e9die de J\u00e9r\u00f4me Commandeur, ou encore J\u2019oublierai ton nom, de Yann Gonzalez. \u00ab L\u00e0, il serait mal venu de me plaindre\u00a0: il y a le film de J\u00e9r\u00f4me Commandeur, et aussi le troisi\u00e8me film de Yann Gonzalez, que j\u2019aime \u00e0 la folie, avec qui j\u2019ai d\u00e9j\u00e0 tourn\u00e9 et qui m\u2019a propos\u00e9 un personnage tr\u00e8s diff\u00e9rent dans un film de genre\u00a0\u00bb, a-t-elle conclu.<\/p>\n<p class=\"fig-paragraph\">Article \u00e9crit en collaboration avec 6Medias.\u00a0<\/p>\n","protected":false},"excerpt":{"rendered":"Ce vendredi 10 octobre, Vanessa Paradis \u00e9tait de passage dans l\u2019\u00e9mission Quotidien, diffus\u00e9e sur TMC. La c\u00e9l\u00e8bre chanteuse&hellip;\n","protected":false},"author":2,"featured_media":454301,"comment_status":"","ping_status":"","sticky":false,"template":"","format":"standard","meta":{"footnotes":""},"categories":[1356],"tags":[7213,2704,58,59,1011,27,708,316,252,1364,10245],"class_list":{"0":"post-454300","1":"post","2":"type-post","3":"status-publish","4":"format-standard","5":"has-post-thumbnail","7":"category-television","8":"tag-blague","9":"tag-chanteuse","10":"tag-divertissement","11":"tag-entertainment","12":"tag-fr","13":"tag-france","14":"tag-humour","15":"tag-politique","16":"tag-television","17":"tag-tv","18":"tag-vanessa-paradis"},"share_on_mastodon":{"url":"https:\/\/pubeurope.com\/@fr\/115353933077886885","error":""},"_links":{"self":[{"href":"https:\/\/www.europesays.com\/fr\/wp-json\/wp\/v2\/posts\/454300","targetHints":{"allow":["GET"]}}],"collection":[{"href":"https:\/\/www.europesays.com\/fr\/wp-json\/wp\/v2\/posts"}],"about":[{"href":"https:\/\/www.europesays.com\/fr\/wp-json\/wp\/v2\/types\/post"}],"author":[{"embeddable":true,"href":"https:\/\/www.europesays.com\/fr\/wp-json\/wp\/v2\/users\/2"}],"replies":[{"embeddable":true,"href":"https:\/\/www.europesays.com\/fr\/wp-json\/wp\/v2\/comments?post=454300"}],"version-history":[{"count":0,"href":"https:\/\/www.europesays.com\/fr\/wp-json\/wp\/v2\/posts\/454300\/revisions"}],"wp:featuredmedia":[{"embeddable":true,"href":"https:\/\/www.europesays.com\/fr\/wp-json\/wp\/v2\/media\/454301"}],"wp:attachment":[{"href":"https:\/\/www.europesays.com\/fr\/wp-json\/wp\/v2\/media?parent=454300"}],"wp:term":[{"taxonomy":"category","embeddable":true,"href":"https:\/\/www.europesays.com\/fr\/wp-json\/wp\/v2\/categories?post=454300"},{"taxonomy":"post_tag","embeddable":true,"href":"https:\/\/www.europesays.com\/fr\/wp-json\/wp\/v2\/tags?post=454300"}],"curies":[{"name":"wp","href":"https:\/\/api.w.org\/{rel}","templated":true}]}}